{"id":47184,"date":"2018-07-01T11:13:31","date_gmt":"2018-07-01T14:13:31","guid":{"rendered":"http:\/\/www.simepe.com.br\/novo\/?p=47184"},"modified":"2018-07-13T11:21:29","modified_gmt":"2018-07-13T14:21:29","slug":"atencao-medico-01-07-2018","status":"publish","type":"post","link":"https:\/\/www.simepe.com.br\/novo\/atencao-medico-01-07-2018\/","title":{"rendered":"Aten\u00e7\u00e3o M\u00e9dico 01.07.2018"},"content":{"rendered":"<p style=\"text-align: center;\"><strong>ENEM 2018 apresenta discuss\u00f5es para avan\u00e7o da medicina<\/strong><\/p>\n<p style=\"text-align: justify;\">\nAp\u00f3s um hiato de quatro anos, o Encontro Nacional das Entidades M\u00e9dicas (ENEM) voltou a ser realizado em 2018 e reuniu lideran\u00e7as importantes da medicina em todo o pa\u00eds, nos dias 26 e 27 de junho, na Associa\u00e7\u00e3o M\u00e9dica de Bras\u00edlia (AMBr), na capital federal. Representando o Simepe, participaram a vice-presidente do Sindicato, Claudia Beatriz, e os diretores executivos Walber Steffano e Malu David, que tamb\u00e9m \u00e9 secret\u00e1ria-geral da Federa\u00e7\u00e3o M\u00e9dica Brasileira (FMB). Ao todo, cerca de 500 delegados discutiram e votaram a viabilidade de diversas proposi\u00e7\u00f5es que foram divididos em tr\u00eas eixos principais, contemplando quest\u00f5es como a cria\u00e7\u00e3o da Carreira de Estado para a categoria m\u00e9dica; melhorias necess\u00e1rias no Sistema \u00danico de Sa\u00fade (SUS); forma\u00e7\u00e3o do profissional m\u00e9dico e m\u00e9todos de avalia\u00e7\u00e3o progressivos dos cursos de medicina; mercado de trabalho; e quest\u00f5es referentes \u00e0 sa\u00fade suplementar. Mais detalhes em nosso portal: www.simepe.org.br.<\/p>\n<p style=\"text-align: center;\">\n<strong>Reuni\u00e3o na Secretaria de Sa\u00fade do Recife\/AGE dia 5 de julho<\/strong><\/p>\n<p style=\"text-align: justify;\">\nO presidente do Simepe, Tadeu Calheiros e o diretor Executivo, Walber Steffano se reuniram na tarde da sexta-feira (29\/06), na sede da Prefeitura do Recife, com o secret\u00e1rio de Sa\u00fade,Ja\u00edlson Correia e equipe t\u00e9cnica, com objetivo de discutir quest\u00f5es e demandas da pauta de reivindica\u00e7\u00f5es, conforme decis\u00e3o da categoria em Assembleia Geral Extraordin\u00e1ria (AGE). Nessa oportunidade, o Simepe est\u00e1 convocando os m\u00e9dicos que atendem \u00e0 rede municipal de sa\u00fade (urg\u00eancias, emerg\u00eancias, CAPs, policl\u00ednicas e maternidades), para participar de AGE, que ser\u00e1 realizada na pr\u00f3xima quinta-feira, 5 de julho, a partir das 19h, na sede da Associa\u00e7\u00e3o M\u00e9dica de Pernambuco (AMPE), quando ser\u00e3o informados os resultados da reuni\u00e3o.<\/p>\n<p style=\"text-align: center;\">\n<strong>PROBEM<\/strong><\/p>\n<p style=\"text-align: justify;\">\nA festa de S\u00e3o Jo\u00e3o do Simepe ser\u00e1 realizada no pr\u00f3ximo dia 13 de julho no Clube Portugu\u00eas do Recife, que ser\u00e1 animada pelo grupo Capim com Mel, pelo forr\u00f3 aut\u00eantico do Forr\u00f3 P\u00e9 de Serra e pelo swing do cantor Helton Lima. Com o card\u00e1pio t\u00edpico da festa nordestina, milho, amendoim, canjica, pamonha e toda a comida matuta que o m\u00e9dico associado tem direito! O evento e suas del\u00edcias sertanejas s\u00e3o uma exclusividade do m\u00e9dico associado, que ter\u00e3o sua entrada, e de seu acompanhante, mediante apresenta\u00e7\u00e3o de documento oficial com foto. Para mais informa\u00e7\u00f5es, ligue: (81) 3322-7095.<\/p>\n<p style=\"text-align: justify;\">\n<p style=\"text-align: center;\">M\u00e9dico, o Sindicato \u00e9 voc\u00ea! N\u00e3o h\u00e1 sindicato sem luta. N\u00e3o h\u00e1 luta sem sindicato!<\/p>\n<p style=\"text-align: center;\">Recife, 01 de julho de 2018<\/p>\n<p style=\"text-align: center;\">\nA DIRETORIA EXECUTIVA<\/p>\n","protected":false},"excerpt":{"rendered":"<p>ENEM 2018 apresenta discuss\u00f5es para avan\u00e7o da medicina Ap\u00f3s um hiato de quatro anos, o Encontro Nacional das Entidades M\u00e9dicas (ENEM) voltou a ser realizado em 2018 e reuniu lideran\u00e7as importantes da medicina em todo o pa\u00eds, nos dias 26 e 27 de junho, na Associa\u00e7\u00e3o M\u00e9dica de Bras\u00edlia (AMBr), na capital federal. Representando o [&hellip;]<\/p>\n","protected":false},"author":1,"featured_media":0,"comment_status":"open","ping_status":"open","sticky":false,"template":"","format":"standard","meta":{"ocean_post_layout":"","ocean_both_sidebars_style":"","ocean_both_sidebars_content_width":0,"ocean_both_sidebars_sidebars_width":0,"ocean_sidebar":"","ocean_second_sidebar":"","ocean_disable_margins":"enable","ocean_add_body_class":"","ocean_shortcode_before_top_bar":"","ocean_shortcode_after_top_bar":"","ocean_shortcode_before_header":"","ocean_shortcode_after_header":"","ocean_has_shortcode":"","ocean_shortcode_after_title":"","ocean_shortcode_before_footer_widgets":"","ocean_shortcode_after_footer_widgets":"","ocean_shortcode_before_footer_bottom":"","ocean_shortcode_after_footer_bottom":"","ocean_display_top_bar":"default","ocean_display_header":"default","ocean_header_style":"","ocean_center_header_left_menu":"","ocean_custom_header_template":"","ocean_custom_logo":0,"ocean_custom_retina_logo":0,"ocean_custom_logo_max_width":0,"ocean_custom_logo_tablet_max_width":0,"ocean_custom_logo_mobile_max_width":0,"ocean_custom_logo_max_height":0,"ocean_custom_logo_tablet_max_height":0,"ocean_custom_logo_mobile_max_height":0,"ocean_header_custom_menu":"","ocean_menu_typo_font_family":"","ocean_menu_typo_font_subset":"","ocean_menu_typo_font_size":0,"ocean_menu_typo_font_size_tablet":0,"ocean_menu_typo_font_size_mobile":0,"ocean_menu_typo_font_size_unit":"px","ocean_menu_typo_font_weight":"","ocean_menu_typo_font_weight_tablet":"","ocean_menu_typo_font_weight_mobile":"","ocean_menu_typo_transform":"","ocean_menu_typo_transform_tablet":"","ocean_menu_typo_transform_mobile":"","ocean_menu_typo_line_height":0,"ocean_menu_typo_line_height_tablet":0,"ocean_menu_typo_line_height_mobile":0,"ocean_menu_typo_line_height_unit":"","ocean_menu_typo_spacing":0,"ocean_menu_typo_spacing_tablet":0,"ocean_menu_typo_spacing_mobile":0,"ocean_menu_typo_spacing_unit":"","ocean_menu_link_color":"","ocean_menu_link_color_hover":"","ocean_menu_link_color_active":"","ocean_menu_link_background":"","ocean_menu_link_hover_background":"","ocean_menu_link_active_background":"","ocean_menu_social_links_bg":"","ocean_menu_social_hover_links_bg":"","ocean_menu_social_links_color":"","ocean_menu_social_hover_links_color":"","ocean_disable_title":"default","ocean_disable_heading":"default","ocean_post_title":"","ocean_post_subheading":"","ocean_post_title_style":"","ocean_post_title_background_color":"","ocean_post_title_background":0,"ocean_post_title_bg_image_position":"","ocean_post_title_bg_image_attachment":"","ocean_post_title_bg_image_repeat":"","ocean_post_title_bg_image_size":"","ocean_post_title_height":0,"ocean_post_title_bg_overlay":0.5,"ocean_post_title_bg_overlay_color":"","ocean_disable_breadcrumbs":"default","ocean_breadcrumbs_color":"","ocean_breadcrumbs_separator_color":"","ocean_breadcrumbs_links_color":"","ocean_breadcrumbs_links_hover_color":"","ocean_display_footer_widgets":"default","ocean_display_footer_bottom":"default","ocean_custom_footer_template":"","ocean_post_oembed":"","ocean_post_self_hosted_media":"","ocean_post_video_embed":"","ocean_link_format":"","ocean_link_format_target":"self","ocean_quote_format":"","ocean_quote_format_link":"post","ocean_gallery_link_images":"on","ocean_gallery_id":[]},"categories":[1],"tags":[],"acf":[],"_links":{"self":[{"href":"https:\/\/www.simepe.com.br\/novo\/wp-json\/wp\/v2\/posts\/47184"}],"collection":[{"href":"https:\/\/www.simepe.com.br\/novo\/wp-json\/wp\/v2\/posts"}],"about":[{"href":"https:\/\/www.simepe.com.br\/novo\/wp-json\/wp\/v2\/types\/post"}],"author":[{"embeddable":true,"href":"https:\/\/www.simepe.com.br\/novo\/wp-json\/wp\/v2\/users\/1"}],"replies":[{"embeddable":true,"href":"https:\/\/www.simepe.com.br\/novo\/wp-json\/wp\/v2\/comments?post=47184"}],"version-history":[{"count":1,"href":"https:\/\/www.simepe.com.br\/novo\/wp-json\/wp\/v2\/posts\/47184\/revisions"}],"predecessor-version":[{"id":47185,"href":"https:\/\/www.simepe.com.br\/novo\/wp-json\/wp\/v2\/posts\/47184\/revisions\/47185"}],"wp:attachment":[{"href":"https:\/\/www.simepe.com.br\/novo\/wp-json\/wp\/v2\/media?parent=47184"}],"wp:term":[{"taxonomy":"category","embeddable":true,"href":"https:\/\/www.simepe.com.br\/novo\/wp-json\/wp\/v2\/categories?post=47184"},{"taxonomy":"post_tag","embeddable":true,"href":"https:\/\/www.simepe.com.br\/novo\/wp-json\/wp\/v2\/tags?post=47184"}],"curies":[{"name":"wp","href":"https:\/\/api.w.org\/{rel}","templated":true}]}}