{"id":47195,"date":"2018-07-14T23:23:56","date_gmt":"2018-07-15T02:23:56","guid":{"rendered":"http:\/\/www.simepe.com.br\/novo\/?p=47195"},"modified":"2018-07-27T11:45:54","modified_gmt":"2018-07-27T14:45:54","slug":"simepe-mantem-tradicao-com-festa-junina","status":"publish","type":"post","link":"https:\/\/www.simepe.com.br\/novo\/simepe-mantem-tradicao-com-festa-junina\/","title":{"rendered":"Simepe mant\u00e9m tradi\u00e7\u00e3o junina com m\u00fasica boa de ouvir, cantar e dan\u00e7ar"},"content":{"rendered":"<p style=\"text-align: justify;\">\u201cOlha a Cobra na Quadrilha\u201d foi um sucesso. A festa\u00a0 do Sindicato dos M\u00e9dicos de Pernambuco (Simepe), realizada na noite desta sexta-feira (13 de julho), no Clube Portugu\u00eas, reuniu os m\u00e9dicos associados e acompanhantes, numa grande \u00a0momento de confraterniza\u00e7\u00e3o e uni\u00e3o da categoria em Pernambuco. Vale registrar que um dos pontos de destaques foi a decora\u00e7\u00e3o nos sal\u00f5es do clube lusitano de Rosa e Silva: mesas \u00a0com chap\u00e9us de palha e bandeirinhas. Por sua vez, a anima\u00e7\u00e3o da quadrilha junina, do concurso de melhor traje junino do \u201cdot\u00f4ra e dot\u00f4\u201d e um \u00a0card\u00e1pio dos mais variados de \u00a0comidas t\u00edpicas, deram um colorido todo especial \u00e0 festividade, cujas ra\u00edzes est\u00e3o fincadas na tradicional cultura nordestina.<\/p>\n<p style=\"text-align: justify;\">Registre-se, ainda, que o Simepe montou um \u00e1rea\/cen\u00e1rio de entrevistas, na entrada do palco do Clube Portugu\u00eas, onde fez transmiss\u00e3o ao vivo, atrav\u00e9s do seu Facebook. O jornalista Thiago Graf\u00a0 comandou o trabalho de entrevista, com coordena\u00e7\u00e3o do tamb\u00e9m jornalista Chico Carlos e apoio da estudante de jornalismo, Ana Fl\u00e1via Barros (fotografia e redes sociais).\u00a0 Por outro lado, o casal Mateus e Catirina, mais uma vez deu um show de descontra\u00e7\u00e3o e humor em sua interven\u00e7\u00e3o no palco.<\/p>\n<p style=\"text-align: justify;\"><strong><img fetchpriority=\"high\" class=\"alignnone size-full wp-image-47203\" src=\"http:\/\/www.simepe.com.br\/novo\/wp-content\/uploads\/2018\/07\/37228310_2037517182965705_5848169397427896320_n.jpg\" alt=\"37228310_2037517182965705_5848169397427896320_n\" width=\"640\" height=\"427\" srcset=\"https:\/\/www.simepe.com.br\/novo\/wp-content\/uploads\/2018\/07\/37228310_2037517182965705_5848169397427896320_n.jpg 640w, https:\/\/www.simepe.com.br\/novo\/wp-content\/uploads\/2018\/07\/37228310_2037517182965705_5848169397427896320_n-300x200.jpg 300w\" sizes=\"(max-width: 640px) 100vw, 640px\" \/><\/strong><\/p>\n<p style=\"text-align: justify;\"><strong>M\u00fasica boa de ouvir e dan\u00e7ar<\/strong><\/p>\n<p style=\"text-align: justify;\">Para come\u00e7o de conversa, a festa foi aberta por M\u00e1rcia Ferraz e banda Feij\u00e3o de Corda que embalaram os convidados com um repert\u00f3rio de m\u00fasicas de Luiz Gonzaga, Trio Nordestino, Dominguinhos, Elba Ramalho, Santana, Fl\u00e1vio Jos\u00e9, entre outros artistas. O p\u00fablico entrou na roda para ouvir e dan\u00e7ar verdadeiras belas can\u00e7\u00f5es do forr\u00f3.<\/p>\n<p style=\"text-align: justify;\"><strong><img class=\"alignnone size-full wp-image-47205\" src=\"http:\/\/www.simepe.com.br\/novo\/wp-content\/uploads\/2018\/07\/37082474_2037517719632318_1433625341414342656_n.jpg\" alt=\"37082474_2037517719632318_1433625341414342656_n\" width=\"640\" height=\"427\" srcset=\"https:\/\/www.simepe.com.br\/novo\/wp-content\/uploads\/2018\/07\/37082474_2037517719632318_1433625341414342656_n.jpg 640w, https:\/\/www.simepe.com.br\/novo\/wp-content\/uploads\/2018\/07\/37082474_2037517719632318_1433625341414342656_n-300x200.jpg 300w\" sizes=\"(max-width: 640px) 100vw, 640px\" \/><\/strong><\/p>\n<p style=\"text-align: justify;\"><strong>Musicalidade \u00e0 flor da pele<\/strong><\/p>\n<p style=\"text-align: justify;\">Logo depois entrou em cena a famosa Banda Capim com Mel que realizou uma apresenta\u00e7\u00e3o impec\u00e1vel. Cante, dance e solte a voz. Essa foi a receita da banda pernambucana, com mais de 20 anos de estrada musical que, subiu ao palco \u00e0s 23h50, e, com o seu \u201cforr\u00f3 das antigas\u201d, fez o p\u00fablico vibrar. Luzes, cores e emo\u00e7\u00f5es, ao som de sucessos como \u201cTelefona-me\u201d, \u201cEclipse Total\u201d e \u201cComo Esquecer&#8221;. Liderado pelos vocalistas Charles Bond e Jack Beverly Hills, o grupo apresentou um set list composto por cl\u00e1ssicos inesquec\u00edveis da m\u00fasica. A vocalista Jack tem passagens por bandas como Gavi\u00f5es do Forr\u00f3, Forr\u00f3 do Firma, Forr\u00f3 Real, Saia Rodada e muitas outras e dividiu o palco com o cantor Charles Bond, com muito charme e musicalidade \u00e0 flor da pele.\u00a0Capim com Mel \u00e9 uma &#8220;figura carimbada&#8221; do \u00e1lbum do forr\u00f3 eletr\u00f4nico do Nordeste e iniciou sua trajet\u00f3ria musical\u00a0 nos anos 90 e fez parte do cen\u00e1rio importante ao lado de Brucelose, Mastruz com Leite, Cavalo de Pau,\u00a0Catuaba com Amendoim, Mel Com Terra, Caviar com Rapadura, Cavaleiros do Forr\u00f3, Calcinha Preta, Noda de Caju, Lim\u00e3o com Mel e Eliane do Forr\u00f3.<\/p>\n<p style=\"text-align: justify;\"><strong>Forr\u00f3 sertanejo e arrocha<\/strong><\/p>\n<p style=\"text-align: justify;\">Para fechar o cena de atra\u00e7\u00f5es musicais, o cantor recifense Helton Lima, 30 anos, mostrou seu talento e carisma, com um ritmo contagiante de forr\u00f3 sertanejo e arrocha. Ele provou e comprovou que s\u00e3o mais de tr\u00eas anos seguindo carreira solo, acompanhado de uma banda composta por viol\u00e3o, sanfona, teclado, bateria, percuss\u00e3o e baixo, totalizando 15 pessoas . Helton fez um show cheio de intera\u00e7\u00e3o com o p\u00fablico. Al\u00e9m das suas m\u00fasicas, como a &#8220;Pega Ela&#8221;, &#8221; To Bebendo&#8221; e &#8220;Voc\u00ea se Vicia&#8221;, que n\u00e3o pode faltar em nenhuma apresenta\u00e7\u00e3o, ele fez releituras de can\u00e7\u00f5es de Wesley Safad\u00e3o, Henrique&amp;Juliano, Gabriel Diniz, e tudo no universo do forr\u00f3 e sertanejo que seja atual, levando o p\u00fablico ao del\u00edrio. N\u00e3o \u00e9 \u00e0 toa que Helton Lima j\u00e1 cantou\u00a0 por todas as casas de shows e clubes do Recife, bem como de cidades da Regi\u00e3o Metropolitana e do interior do Estado. O show dele terminou depois das 3h da madrugada.<\/p>\n<p style=\"text-align: justify;\"><strong><img class=\"alignnone size-full wp-image-47204\" src=\"http:\/\/www.simepe.com.br\/novo\/wp-content\/uploads\/2018\/07\/37081866_2037517799632310_8158004492843876352_n.jpg\" alt=\"37081866_2037517799632310_8158004492843876352_n\" width=\"640\" height=\"427\" srcset=\"https:\/\/www.simepe.com.br\/novo\/wp-content\/uploads\/2018\/07\/37081866_2037517799632310_8158004492843876352_n.jpg 640w, https:\/\/www.simepe.com.br\/novo\/wp-content\/uploads\/2018\/07\/37081866_2037517799632310_8158004492843876352_n-300x200.jpg 300w\" sizes=\"(max-width: 640px) 100vw, 640px\" \/><\/strong><\/p>\n<p style=\"text-align: justify;\"><strong>Opini\u00f5es\u00a0<\/strong><\/p>\n<p style=\"text-align: justify;\">O presidente do Simepe, Tadeu Calheiros, classificou como\u00a0 importante a festa para a classe m\u00e9dica. \u201cAssim como o Dia do M\u00e9dico, a festa junina virou uma tradi\u00e7\u00e3o e se consolidou em nosso calend\u00e1rio festivo. \u00c9 um momento de satisfa\u00e7\u00e3o e de intera\u00e7\u00e3o\u00a0 dos colegas, amigos e familiares. Estou bastante feliz\u201d, salientou<\/p>\n<p style=\"text-align: justify;\">A diretora Executiva, Malu David, disse que a evento foi um sucesso, porque inovou para os associados e interagiu, por meio da aut\u00eantica m\u00fasica nordestina. bem como proporcionou arte e cultura para todos os presentes.<\/p>\n<p style=\"text-align: justify;\">Por sua a vez, a vice-presidente, Cl\u00e1udia Beatriz, lembrou que mesmo em clima de festa, o Sindicato est\u00e1 discutindo com os m\u00e9dicos da rede municipal do Recife, a Campanha Salarial deste ano. \u201cEstamos em processo de discuss\u00e3o e negocia\u00e7\u00e3o, com os gestores do governo municipal do Recife, buscando solu\u00e7\u00f5es para os problemas e demandas existentes nos servi\u00e7os de sa\u00fade, principalmente, nas urg\u00eancias, emerg\u00eancias, maternidades e nos CAPs. No pr\u00f3ximo dia 25 de julho, temos uma importante Assembleia Geral, \u00e0s 19h, no audit\u00f3rio da AMPE, que vai avaliar o cen\u00e1rio e discutir rumos do movimento\u201d, ressaltou.<\/p>\n<p style=\"text-align: justify;\">Em 2019, tem muito mais&#8230;<\/p>\n<p>*Fotos: Ana Fl\u00e1via Barros\/Assessoria de Comunica\u00e7\u00e3o do Simepe<\/p>\n","protected":false},"excerpt":{"rendered":"<p>\u201cOlha a Cobra na Quadrilha\u201d foi um sucesso. A festa\u00a0 do Sindicato dos M\u00e9dicos de Pernambuco (Simepe), realizada na noite desta sexta-feira (13 de julho), no Clube Portugu\u00eas, reuniu os m\u00e9dicos associados e acompanhantes, numa grande \u00a0momento de confraterniza\u00e7\u00e3o e uni\u00e3o da categoria em Pernambuco. Vale registrar que um dos pontos de destaques foi a [&hellip;]<\/p>\n","protected":false},"author":2,"featured_media":47197,"comment_status":"open","ping_status":"open","sticky":false,"template":"","format":"standard","meta":{"ocean_post_layout":"","ocean_both_sidebars_style":"","ocean_both_sidebars_content_width":0,"ocean_both_sidebars_sidebars_width":0,"ocean_sidebar":"","ocean_second_sidebar":"","ocean_disable_margins":"enable","ocean_add_body_class":"","ocean_shortcode_before_top_bar":"","ocean_shortcode_after_top_bar":"","ocean_shortcode_before_header":"","ocean_shortcode_after_header":"","ocean_has_shortcode":"","ocean_shortcode_after_title":"","ocean_shortcode_before_footer_widgets":"","ocean_shortcode_after_footer_widgets":"","ocean_shortcode_before_footer_bottom":"","ocean_shortcode_after_footer_bottom":"","ocean_display_top_bar":"default","ocean_display_header":"default","ocean_header_style":"","ocean_center_header_left_menu":"","ocean_custom_header_template":"","ocean_custom_logo":0,"ocean_custom_retina_logo":0,"ocean_custom_logo_max_width":0,"ocean_custom_logo_tablet_max_width":0,"ocean_custom_logo_mobile_max_width":0,"ocean_custom_logo_max_height":0,"ocean_custom_logo_tablet_max_height":0,"ocean_custom_logo_mobile_max_height":0,"ocean_header_custom_menu":"","ocean_menu_typo_font_family":"","ocean_menu_typo_font_subset":"","ocean_menu_typo_font_size":0,"ocean_menu_typo_font_size_tablet":0,"ocean_menu_typo_font_size_mobile":0,"ocean_menu_typo_font_size_unit":"px","ocean_menu_typo_font_weight":"","ocean_menu_typo_font_weight_tablet":"","ocean_menu_typo_font_weight_mobile":"","ocean_menu_typo_transform":"","ocean_menu_typo_transform_tablet":"","ocean_menu_typo_transform_mobile":"","ocean_menu_typo_line_height":0,"ocean_menu_typo_line_height_tablet":0,"ocean_menu_typo_line_height_mobile":0,"ocean_menu_typo_line_height_unit":"","ocean_menu_typo_spacing":0,"ocean_menu_typo_spacing_tablet":0,"ocean_menu_typo_spacing_mobile":0,"ocean_menu_typo_spacing_unit":"","ocean_menu_link_color":"","ocean_menu_link_color_hover":"","ocean_menu_link_color_active":"","ocean_menu_link_background":"","ocean_menu_link_hover_background":"","ocean_menu_link_active_background":"","ocean_menu_social_links_bg":"","ocean_menu_social_hover_links_bg":"","ocean_menu_social_links_color":"","ocean_menu_social_hover_links_color":"","ocean_disable_title":"default","ocean_disable_heading":"default","ocean_post_title":"","ocean_post_subheading":"","ocean_post_title_style":"","ocean_post_title_background_color":"","ocean_post_title_background":0,"ocean_post_title_bg_image_position":"","ocean_post_title_bg_image_attachment":"","ocean_post_title_bg_image_repeat":"","ocean_post_title_bg_image_size":"","ocean_post_title_height":0,"ocean_post_title_bg_overlay":0.5,"ocean_post_title_bg_overlay_color":"","ocean_disable_breadcrumbs":"default","ocean_breadcrumbs_color":"","ocean_breadcrumbs_separator_color":"","ocean_breadcrumbs_links_color":"","ocean_breadcrumbs_links_hover_color":"","ocean_display_footer_widgets":"default","ocean_display_footer_bottom":"default","ocean_custom_footer_template":"","ocean_post_oembed":"","ocean_post_self_hosted_media":"","ocean_post_video_embed":"","ocean_link_format":"","ocean_link_format_target":"self","ocean_quote_format":"","ocean_quote_format_link":"post","ocean_gallery_link_images":"on","ocean_gallery_id":[]},"categories":[1],"tags":[2981,4],"acf":[],"_links":{"self":[{"href":"https:\/\/www.simepe.com.br\/novo\/wp-json\/wp\/v2\/posts\/47195"}],"collection":[{"href":"https:\/\/www.simepe.com.br\/novo\/wp-json\/wp\/v2\/posts"}],"about":[{"href":"https:\/\/www.simepe.com.br\/novo\/wp-json\/wp\/v2\/types\/post"}],"author":[{"embeddable":true,"href":"https:\/\/www.simepe.com.br\/novo\/wp-json\/wp\/v2\/users\/2"}],"replies":[{"embeddable":true,"href":"https:\/\/www.simepe.com.br\/novo\/wp-json\/wp\/v2\/comments?post=47195"}],"version-history":[{"count":7,"href":"https:\/\/www.simepe.com.br\/novo\/wp-json\/wp\/v2\/posts\/47195\/revisions"}],"predecessor-version":[{"id":47341,"href":"https:\/\/www.simepe.com.br\/novo\/wp-json\/wp\/v2\/posts\/47195\/revisions\/47341"}],"wp:featuredmedia":[{"embeddable":true,"href":"https:\/\/www.simepe.com.br\/novo\/wp-json\/wp\/v2\/media\/47197"}],"wp:attachment":[{"href":"https:\/\/www.simepe.com.br\/novo\/wp-json\/wp\/v2\/media?parent=47195"}],"wp:term":[{"taxonomy":"category","embeddable":true,"href":"https:\/\/www.simepe.com.br\/novo\/wp-json\/wp\/v2\/categories?post=47195"},{"taxonomy":"post_tag","embeddable":true,"href":"https:\/\/www.simepe.com.br\/novo\/wp-json\/wp\/v2\/tags?post=47195"}],"curies":[{"name":"wp","href":"https:\/\/api.w.org\/{rel}","templated":true}]}}