{"id":47256,"date":"2018-07-25T08:28:39","date_gmt":"2018-07-25T11:28:39","guid":{"rendered":"http:\/\/www.simepe.com.br\/novo\/?p=47256"},"modified":"2018-07-25T08:28:39","modified_gmt":"2018-07-25T11:28:39","slug":"ans-discute-novo-calculo-para-planos-de-saude","status":"publish","type":"post","link":"https:\/\/www.simepe.com.br\/novo\/ans-discute-novo-calculo-para-planos-de-saude\/","title":{"rendered":"ANS discute novo c\u00e1lculo para planos de sa\u00fade"},"content":{"rendered":"<p style=\"text-align: justify;\">Audi\u00eancia da ANS seria para debater c\u00e1lculo do teto anual para planos individuais. Mas, virou momento de pleito do Idec<\/p>\n<p style=\"text-align: justify;\">Alvo de pol\u00eamica e discuss\u00f5es, inclusive de manifesta\u00e7\u00e3o contra por parte do Minist\u00e9rio da Fazenda e Tribunal de Contas da Uni\u00e3o (TCU), a f\u00f3rmula de calcular os aumentos anuais dos planos de sa\u00fade individual e familiar ganhou mais um cap\u00edtulo nessa ter\u00e7a-feira (24). \u00c9 que, ap\u00f3s autorizar que os planos de sa\u00fade aumentem em at\u00e9 10% o valor dos contratos individuais, a Ag\u00eancia Nacional de Sa\u00fade Suplementar (ANS) achou por bem reunir representantes de v\u00e1rios setores para discutir uma nova proposta de metodologia para c\u00e1lculo do teto anual desses planos contratados, utilizado por menos de 20% da contingente com acesso \u00e0 sa\u00fade suplementar no Pa\u00eds. No entanto, apesar de representar 80% dos mais de 47 milh\u00f5es de contratos, n\u00e3o houve nenhuma cita\u00e7\u00e3o sobre os planos coletivos.<\/p>\n<p style=\"text-align: justify;\">Em carta redigida pelo Instituto de Defesa do Consumidor (Idec), a entidade questiona o objetivo de uma audi\u00eancia cuja convoca\u00e7\u00e3o seria coletar informa\u00e7\u00f5es e subs\u00eddios sobre sua Pol\u00edtica de Pre\u00e7os e Reajustes em planos de sa\u00fade. &#8220;Embora a iniciativa seja louv\u00e1vel, \u00e9 preciso reconhecer que n\u00e3o est\u00e1 claro o objetivo desta audi\u00eancia, nem a delimita\u00e7\u00e3o do problema regulat\u00f3rio\u201d, questiona a carta aberta.<\/p>\n<p style=\"text-align: justify;\">O texto segue indagando se o objetivo do encontro \u00e9 tratar da pol\u00edtica de pre\u00e7os e reajustes da sa\u00fade suplementar como um todo, ou para tratar da mudan\u00e7a de metodologia para os reajustes dos planos individuais? \u201cOs reajustes nos planos coletivos, que s\u00e3o a maior parte dos planos de sa\u00fade dos brasileiros e n\u00e3o t\u00eam o controle da ANS, faz parte do c\u00e1lculo e t\u00eam grande influ\u00eancia no reajuste dos planos individuais. Ent\u00e3o n\u00e3o faz sentido um debate sobre pre\u00e7os e reajustes de planos de sa\u00fade que n\u00e3o inclua a base do problema, que s\u00e3o os planos coletivos\u201d, defendeu a pesquisadora em sa\u00fade do Idec, Ana Carolina Navarrete.<\/p>\n<p style=\"text-align: justify;\">Em resposta \u00e0s indaga\u00e7\u00f5es, a ANS reiterou que o objetivo do encontro \u00e9 proporcionar a participa\u00e7\u00e3o da sociedade no debate sobre a metodologia de reajuste de planos individuais. \u201cA ANS busca trazer contribui\u00e7\u00f5es de toda sociedade nesse momento, para, com esses subs\u00eddios, chegar a uma metodologia que traga maior transpar\u00eancia, previsibilidade e objetividade ao m\u00e9todo de c\u00e1lculo do reajuste de planos individuais\u201d, diz a nota enviada \u00e0 reportagem.<\/p>\n<p style=\"text-align: justify;\">J\u00e1 sobre o reajuste anual em contratos de planos coletivos empresariais ou por ades\u00e3o, a ANS diz que como a contrata\u00e7\u00e3o se d\u00e1 atrav\u00e9s de negocia\u00e7\u00e3o entre duas pessoas jur\u00eddicas, com maior poder de barganha do contratante, a ANS n\u00e3o determina o \u00edndice m\u00e1ximo de reajuste anual, mas estipula regras para sua aplica\u00e7\u00e3o.<\/p>\n<p style=\"text-align: justify;\">\n<p style=\"text-align: justify;\">Fonte: Folha de Pernambuco<\/p>\n","protected":false},"excerpt":{"rendered":"<p>Audi\u00eancia da ANS seria para debater c\u00e1lculo do teto anual para planos individuais. Mas, virou momento de pleito do Idec Alvo de pol\u00eamica e discuss\u00f5es, inclusive de manifesta\u00e7\u00e3o contra por parte do Minist\u00e9rio da Fazenda e Tribunal de Contas da Uni\u00e3o (TCU), a f\u00f3rmula de calcular os aumentos anuais dos planos de sa\u00fade individual e [&hellip;]<\/p>\n","protected":false},"author":1,"featured_media":0,"comment_status":"open","ping_status":"open","sticky":false,"template":"","format":"standard","meta":{"ocean_post_layout":"","ocean_both_sidebars_style":"","ocean_both_sidebars_content_width":0,"ocean_both_sidebars_sidebars_width":0,"ocean_sidebar":"","ocean_second_sidebar":"","ocean_disable_margins":"enable","ocean_add_body_class":"","ocean_shortcode_before_top_bar":"","ocean_shortcode_after_top_bar":"","ocean_shortcode_before_header":"","ocean_shortcode_after_header":"","ocean_has_shortcode":"","ocean_shortcode_after_title":"","ocean_shortcode_before_footer_widgets":"","ocean_shortcode_after_footer_widgets":"","ocean_shortcode_before_footer_bottom":"","ocean_shortcode_after_footer_bottom":"","ocean_display_top_bar":"default","ocean_display_header":"default","ocean_header_style":"","ocean_center_header_left_menu":"","ocean_custom_header_template":"","ocean_custom_logo":0,"ocean_custom_retina_logo":0,"ocean_custom_logo_max_width":0,"ocean_custom_logo_tablet_max_width":0,"ocean_custom_logo_mobile_max_width":0,"ocean_custom_logo_max_height":0,"ocean_custom_logo_tablet_max_height":0,"ocean_custom_logo_mobile_max_height":0,"ocean_header_custom_menu":"","ocean_menu_typo_font_family":"","ocean_menu_typo_font_subset":"","ocean_menu_typo_font_size":0,"ocean_menu_typo_font_size_tablet":0,"ocean_menu_typo_font_size_mobile":0,"ocean_menu_typo_font_size_unit":"px","ocean_menu_typo_font_weight":"","ocean_menu_typo_font_weight_tablet":"","ocean_menu_typo_font_weight_mobile":"","ocean_menu_typo_transform":"","ocean_menu_typo_transform_tablet":"","ocean_menu_typo_transform_mobile":"","ocean_menu_typo_line_height":0,"ocean_menu_typo_line_height_tablet":0,"ocean_menu_typo_line_height_mobile":0,"ocean_menu_typo_line_height_unit":"","ocean_menu_typo_spacing":0,"ocean_menu_typo_spacing_tablet":0,"ocean_menu_typo_spacing_mobile":0,"ocean_menu_typo_spacing_unit":"","ocean_menu_link_color":"","ocean_menu_link_color_hover":"","ocean_menu_link_color_active":"","ocean_menu_link_background":"","ocean_menu_link_hover_background":"","ocean_menu_link_active_background":"","ocean_menu_social_links_bg":"","ocean_menu_social_hover_links_bg":"","ocean_menu_social_links_color":"","ocean_menu_social_hover_links_color":"","ocean_disable_title":"default","ocean_disable_heading":"default","ocean_post_title":"","ocean_post_subheading":"","ocean_post_title_style":"","ocean_post_title_background_color":"","ocean_post_title_background":0,"ocean_post_title_bg_image_position":"","ocean_post_title_bg_image_attachment":"","ocean_post_title_bg_image_repeat":"","ocean_post_title_bg_image_size":"","ocean_post_title_height":0,"ocean_post_title_bg_overlay":0.5,"ocean_post_title_bg_overlay_color":"","ocean_disable_breadcrumbs":"default","ocean_breadcrumbs_color":"","ocean_breadcrumbs_separator_color":"","ocean_breadcrumbs_links_color":"","ocean_breadcrumbs_links_hover_color":"","ocean_display_footer_widgets":"default","ocean_display_footer_bottom":"default","ocean_custom_footer_template":"","ocean_post_oembed":"","ocean_post_self_hosted_media":"","ocean_post_video_embed":"","ocean_link_format":"","ocean_link_format_target":"self","ocean_quote_format":"","ocean_quote_format_link":"post","ocean_gallery_link_images":"on","ocean_gallery_id":[]},"categories":[9],"tags":[66,175,460],"acf":[],"_links":{"self":[{"href":"https:\/\/www.simepe.com.br\/novo\/wp-json\/wp\/v2\/posts\/47256"}],"collection":[{"href":"https:\/\/www.simepe.com.br\/novo\/wp-json\/wp\/v2\/posts"}],"about":[{"href":"https:\/\/www.simepe.com.br\/novo\/wp-json\/wp\/v2\/types\/post"}],"author":[{"embeddable":true,"href":"https:\/\/www.simepe.com.br\/novo\/wp-json\/wp\/v2\/users\/1"}],"replies":[{"embeddable":true,"href":"https:\/\/www.simepe.com.br\/novo\/wp-json\/wp\/v2\/comments?post=47256"}],"version-history":[{"count":1,"href":"https:\/\/www.simepe.com.br\/novo\/wp-json\/wp\/v2\/posts\/47256\/revisions"}],"predecessor-version":[{"id":47257,"href":"https:\/\/www.simepe.com.br\/novo\/wp-json\/wp\/v2\/posts\/47256\/revisions\/47257"}],"wp:attachment":[{"href":"https:\/\/www.simepe.com.br\/novo\/wp-json\/wp\/v2\/media?parent=47256"}],"wp:term":[{"taxonomy":"category","embeddable":true,"href":"https:\/\/www.simepe.com.br\/novo\/wp-json\/wp\/v2\/categories?post=47256"},{"taxonomy":"post_tag","embeddable":true,"href":"https:\/\/www.simepe.com.br\/novo\/wp-json\/wp\/v2\/tags?post=47256"}],"curies":[{"name":"wp","href":"https:\/\/api.w.org\/{rel}","templated":true}]}}