{"id":47310,"date":"2018-07-27T10:02:25","date_gmt":"2018-07-27T13:02:25","guid":{"rendered":"http:\/\/www.simepe.com.br\/novo\/?p=47310"},"modified":"2018-07-27T10:02:25","modified_gmt":"2018-07-27T13:02:25","slug":"evento-debate-problemas-globais-em-saude","status":"publish","type":"post","link":"https:\/\/www.simepe.com.br\/novo\/evento-debate-problemas-globais-em-saude\/","title":{"rendered":"Evento debate problemas globais em sa\u00fade"},"content":{"rendered":"<p style=\"text-align: justify;\"><img src=\"http:\/\/portal.cfm.org.br\/images\/stories\/Noticias2018\/mesa_medicina_global.jpg\" alt=\"Primeira mesa do F\u00c3\u00b3rum de M\u00c3\u00a9dico Jovem debateu desafios da medicina\" \/><\/p>\n<p style=\"text-align: justify;\">Ap\u00f3s o encerramento, a primeira atividade do 3\u00b0 F\u00f3rum Nacional de Integra\u00e7\u00e3o do M\u00e9dico Jovem foi o \u201c1st International Young Doctors Forum\u201d, que debateu os desafios da medicina no mundo. O primeiro palestrante foi o representante da Comunidade M\u00e9dica de L\u00edngua Portuguesa, Jos\u00e9 Francisco Pav\u00e3o, que falou sobre \u201cSa\u00fade global e diplomacia na sa\u00fade\u201d. Em sua fala, o portugu\u00eas defendeu o fortalecimento da sa\u00fade p\u00fablica para que \u201cpossamos atingir a equidade, igualdade e justi\u00e7a social em todos os pa\u00edses\u201d. Acesse, aqui, a apresenta\u00e7\u00e3o.<\/p>\n<p style=\"text-align: justify;\">Em seguida, o conselheiro federal e ex-presidente da Confemel, Jeancarlo Cavalcanti, discorreu sobre as consequ\u00eancias das migra\u00e7\u00f5es humanas, especificamente sobre a entrada recente de haitianos e venezuelanos no Brasil. \u201cA imigra\u00e7\u00e3o \u00e9 um problema e uma solu\u00e7\u00e3o. P pa\u00eds emissor perde m\u00e3o-de-obra qualificada. Quem recebe, dependendo do volume, pode enfrentar situa\u00e7\u00f5es de colapso, como a encontrada hoje em Roraima. Por outro lado, a imigra\u00e7\u00e3o pode ser uma solu\u00e7\u00e3o para os problemas da Europa, que sofre com o envelhecimento da sua popula\u00e7\u00e3o\u201d, raciocinou. Acesse aqui a apresenta\u00e7\u00e3o.<\/p>\n<p style=\"text-align: justify;\">A defini\u00e7\u00e3o de quem \u00e9 o m\u00e9dico jovem foi apresentada pelo membro da Comiss\u00e3o de Integra\u00e7\u00e3o do M\u00e9dico Jovem N\u00edvio Lemos Moreira J\u00fanior, que fez uma apresenta\u00e7\u00e3o sobre a participa\u00e7\u00e3o do m\u00e9dico de at\u00e9 40 anos no cen\u00e1rio global. \u201cDentro da Associa\u00e7\u00e3o M\u00e9dica Mundial (WMA), come\u00e7amos a nos organizar em 2007 e criamos nossa associa\u00e7\u00e3o m 2011, no Uruguai. Essa uni\u00e3o \u00e9 muito importante, pois conseguimos nos fortalecer. Em conversa com colegas colombianos, por exemplo, descobrimos que organizacionalmente estamos mais avan\u00e7ados do que eles, que s\u00f3 recentemente passaram a ser remunerados pela participa\u00e7\u00e3o em resid\u00eancia m\u00e9dica. Aqui, a nossa luta \u00e9 por uma remunera\u00e7\u00e3o melhor\u201d, contou. A apresenta\u00e7\u00e3o pode ser acessada aqui.<\/p>\n<p style=\"text-align: justify;\">O conselheiro regional do Conselho Regional de Medicina de S\u00e3o Paulo e diretor da Associa\u00e7\u00e3o M\u00e9dica Mundial (WMA), Miguel Roberto Jorge, respons\u00e1vel pela palestra \u201cO que est\u00e1 mudando na medicina no cen\u00e1rio global\u201d, apresentou diversas pesquisas sobre os avan\u00e7os e desafios da medicina. \u201cDe 1960 at\u00e9 hoje, tivemos diversos avan\u00e7os, como o aprimoramento dos antibi\u00f3ticos, descobertas de novas vacinas e avan\u00e7os na medicina por imagens, na terapia intensiva e nos transplantes. Mas, apesar desses avan\u00e7os, n\u00e3o eliminamos nossos problemas e eles nunca ser\u00e3o eliminados\u201d, afirmou. Entre os desafios da medicina est\u00e3o a obesidade, a resist\u00eancia aos antibi\u00f3ticos, o envelhecimento da popula\u00e7\u00e3o e o consequente aumento das doen\u00e7as demenciais, a implanta\u00e7\u00e3o de programas de bem-estar funcionais, a preven\u00e7\u00e3o de doen\u00e7as e a forma de manejar as doen\u00e7as cr\u00f4nicas, entre outros. Acesse a apresenta\u00e7\u00e3o aqui.<\/p>\n<p style=\"text-align: justify;\">Ao final das discuss\u00f5es, a coordenadora da mesa redonda, conselheira federal Dilza Ribeiro, elogiou os temas abordados. \u201cFormei e fiz resid\u00eancia no Rio Grande do Sul e depois fui trabalhar no Acre. Nas apresenta\u00e7\u00f5es realizadas aqui, fiquei feliz em ver a preocupa\u00e7\u00e3o com esses m\u00e9dicos que se destinam a atuar em \u00e1reas distantes, geralmente do ex\u00e9rcito. Todos somos m\u00e9dicos, n\u00e3o importando o local de trabalho, e esse sentimento deve ser incentivado\u201d, concluiu.<\/p>\n<p style=\"text-align: justify;\">\n<p style=\"text-align: justify;\">Fonte: Assessoria de Comunica\u00e7\u00e3o do Conselho Federal de Medicina (CFM)<\/p>\n","protected":false},"excerpt":{"rendered":"<p>Ap\u00f3s o encerramento, a primeira atividade do 3\u00b0 F\u00f3rum Nacional de Integra\u00e7\u00e3o do M\u00e9dico Jovem foi o \u201c1st International Young Doctors Forum\u201d, que debateu os desafios da medicina no mundo. O primeiro palestrante foi o representante da Comunidade M\u00e9dica de L\u00edngua Portuguesa, Jos\u00e9 Francisco Pav\u00e3o, que falou sobre \u201cSa\u00fade global e diplomacia na sa\u00fade\u201d. Em [&hellip;]<\/p>\n","protected":false},"author":1,"featured_media":0,"comment_status":"open","ping_status":"open","sticky":false,"template":"","format":"standard","meta":{"ocean_post_layout":"","ocean_both_sidebars_style":"","ocean_both_sidebars_content_width":0,"ocean_both_sidebars_sidebars_width":0,"ocean_sidebar":"","ocean_second_sidebar":"","ocean_disable_margins":"enable","ocean_add_body_class":"","ocean_shortcode_before_top_bar":"","ocean_shortcode_after_top_bar":"","ocean_shortcode_before_header":"","ocean_shortcode_after_header":"","ocean_has_shortcode":"","ocean_shortcode_after_title":"","ocean_shortcode_before_footer_widgets":"","ocean_shortcode_after_footer_widgets":"","ocean_shortcode_before_footer_bottom":"","ocean_shortcode_after_footer_bottom":"","ocean_display_top_bar":"default","ocean_display_header":"default","ocean_header_style":"","ocean_center_header_left_menu":"","ocean_custom_header_template":"","ocean_custom_logo":0,"ocean_custom_retina_logo":0,"ocean_custom_logo_max_width":0,"ocean_custom_logo_tablet_max_width":0,"ocean_custom_logo_mobile_max_width":0,"ocean_custom_logo_max_height":0,"ocean_custom_logo_tablet_max_height":0,"ocean_custom_logo_mobile_max_height":0,"ocean_header_custom_menu":"","ocean_menu_typo_font_family":"","ocean_menu_typo_font_subset":"","ocean_menu_typo_font_size":0,"ocean_menu_typo_font_size_tablet":0,"ocean_menu_typo_font_size_mobile":0,"ocean_menu_typo_font_size_unit":"px","ocean_menu_typo_font_weight":"","ocean_menu_typo_font_weight_tablet":"","ocean_menu_typo_font_weight_mobile":"","ocean_menu_typo_transform":"","ocean_menu_typo_transform_tablet":"","ocean_menu_typo_transform_mobile":"","ocean_menu_typo_line_height":0,"ocean_menu_typo_line_height_tablet":0,"ocean_menu_typo_line_height_mobile":0,"ocean_menu_typo_line_height_unit":"","ocean_menu_typo_spacing":0,"ocean_menu_typo_spacing_tablet":0,"ocean_menu_typo_spacing_mobile":0,"ocean_menu_typo_spacing_unit":"","ocean_menu_link_color":"","ocean_menu_link_color_hover":"","ocean_menu_link_color_active":"","ocean_menu_link_background":"","ocean_menu_link_hover_background":"","ocean_menu_link_active_background":"","ocean_menu_social_links_bg":"","ocean_menu_social_hover_links_bg":"","ocean_menu_social_links_color":"","ocean_menu_social_hover_links_color":"","ocean_disable_title":"default","ocean_disable_heading":"default","ocean_post_title":"","ocean_post_subheading":"","ocean_post_title_style":"","ocean_post_title_background_color":"","ocean_post_title_background":0,"ocean_post_title_bg_image_position":"","ocean_post_title_bg_image_attachment":"","ocean_post_title_bg_image_repeat":"","ocean_post_title_bg_image_size":"","ocean_post_title_height":0,"ocean_post_title_bg_overlay":0.5,"ocean_post_title_bg_overlay_color":"","ocean_disable_breadcrumbs":"default","ocean_breadcrumbs_color":"","ocean_breadcrumbs_separator_color":"","ocean_breadcrumbs_links_color":"","ocean_breadcrumbs_links_hover_color":"","ocean_display_footer_widgets":"default","ocean_display_footer_bottom":"default","ocean_custom_footer_template":"","ocean_post_oembed":"","ocean_post_self_hosted_media":"","ocean_post_video_embed":"","ocean_link_format":"","ocean_link_format_target":"self","ocean_quote_format":"","ocean_quote_format_link":"post","ocean_gallery_link_images":"on","ocean_gallery_id":[]},"categories":[9],"tags":[2997,67,82],"acf":[],"_links":{"self":[{"href":"https:\/\/www.simepe.com.br\/novo\/wp-json\/wp\/v2\/posts\/47310"}],"collection":[{"href":"https:\/\/www.simepe.com.br\/novo\/wp-json\/wp\/v2\/posts"}],"about":[{"href":"https:\/\/www.simepe.com.br\/novo\/wp-json\/wp\/v2\/types\/post"}],"author":[{"embeddable":true,"href":"https:\/\/www.simepe.com.br\/novo\/wp-json\/wp\/v2\/users\/1"}],"replies":[{"embeddable":true,"href":"https:\/\/www.simepe.com.br\/novo\/wp-json\/wp\/v2\/comments?post=47310"}],"version-history":[{"count":1,"href":"https:\/\/www.simepe.com.br\/novo\/wp-json\/wp\/v2\/posts\/47310\/revisions"}],"predecessor-version":[{"id":47311,"href":"https:\/\/www.simepe.com.br\/novo\/wp-json\/wp\/v2\/posts\/47310\/revisions\/47311"}],"wp:attachment":[{"href":"https:\/\/www.simepe.com.br\/novo\/wp-json\/wp\/v2\/media?parent=47310"}],"wp:term":[{"taxonomy":"category","embeddable":true,"href":"https:\/\/www.simepe.com.br\/novo\/wp-json\/wp\/v2\/categories?post=47310"},{"taxonomy":"post_tag","embeddable":true,"href":"https:\/\/www.simepe.com.br\/novo\/wp-json\/wp\/v2\/tags?post=47310"}],"curies":[{"name":"wp","href":"https:\/\/api.w.org\/{rel}","templated":true}]}}