{"id":47312,"date":"2018-07-27T10:04:31","date_gmt":"2018-07-27T13:04:31","guid":{"rendered":"http:\/\/www.simepe.com.br\/novo\/?p=47312"},"modified":"2018-07-27T10:04:32","modified_gmt":"2018-07-27T13:04:32","slug":"ans-e-planos-de-saude-divergem-sobre-mudancas-em-reajuste","status":"publish","type":"post","link":"https:\/\/www.simepe.com.br\/novo\/ans-e-planos-de-saude-divergem-sobre-mudancas-em-reajuste\/","title":{"rendered":"ANS e planos de sa\u00fade divergem sobre mudan\u00e7as em reajuste"},"content":{"rendered":"<p style=\"text-align: justify;\">Ap\u00f3s dois dias de audi\u00eancia p\u00fablica para debater mudan\u00e7as na metodologia para o reajuste dos planos de sa\u00fade individuais, promovida nessa ter\u00e7a e quarta-feira (24 e 25) pela Ag\u00eancia Nacional de Sa\u00fade Suplementar (ANS), operadoras e ag\u00eancia reguladora n\u00e3o chegaram a um consenso.<\/p>\n<p style=\"text-align: justify;\">Segundo a ANS, o objetivo \u00e9 analisar todas as propostas apresentadas e \u201cchegar a uma metodologia que traga mais transpar\u00eancia, previsibilidade e objetividade ao c\u00e1lculo do reajuste\u201d. Cerca de 180 pessoas participaram dos dois dias de evento, entre representantes do setor, de \u00f3rg\u00e3os de defesa do consumidor e da sociedade.<\/p>\n<p style=\"text-align: justify;\">A ANS apresentou o resultado de um estudo feito desde 2010. Pela proposta da ag\u00eancia, o Fator de Reajuste Anual dos Planos Individuais ou Familiares do setor de sa\u00fade suplementar (FRPI) ser\u00e1 calculado levando em conta o Fator de Varia\u00e7\u00e3o dos Custos M\u00e9dico-Hospitalares do universo dos Planos Individuais (VCMH), o Fator de Varia\u00e7\u00e3o de Faixa Et\u00e1ria (FFE) e o Fator de Varia\u00e7\u00e3o de Produtividade (FGP), todos podendo ser calculados por entidade externa \u201cmediante acordo de coopera\u00e7\u00e3o pr\u00e9vio estabelecido com a ANS\u201d.<\/p>\n<p style=\"text-align: justify;\">A minuta proposta pela ag\u00eancia est\u00e1 <a href=\"http:\/\/www.ans.gov.br\/images\/stories\/Particitacao_da_sociedade\/audiencias_publicas\/ap10\/ap10_rn_minuta_reajustes_individuais.pdf\">dispon\u00edvel no site da ANS.<\/a><\/p>\n<p style=\"text-align: justify;\"><strong>FenaSa\u00fade<\/strong><\/p>\n<p style=\"text-align: justify;\">\nPara a Federa\u00e7\u00e3o Nacional de Sa\u00fade Suplementar (FenaSa\u00fade), entidade que re\u00fane 19 operadoras de planos de sa\u00fade com 24,4 milh\u00f5es de benefici\u00e1rios (34,8% do mercado brasileiro), o controle de pre\u00e7os leva \u00e0 escassez de produtos. Segundo a presidente da entidade, Solange Beatriz Palheiro Mendes, n\u00e3o existe pol\u00edtica boa de controle de pre\u00e7os. \u201c\u00c9 preciso deixar o mercado atuar livremente, propiciando total transpar\u00eancia nos custos de toda a cadeia, para que os pr\u00f3prios consumidores possam avaliar e tomar decis\u00f5es em rela\u00e7\u00e3o aos produtos e servi\u00e7os ofertados.\u201d<\/p>\n<p style=\"text-align: justify;\">A federa\u00e7\u00e3o defende a diferencia\u00e7\u00e3o por porte e por n\u00edvel de plano para a Varia\u00e7\u00e3o do Custo M\u00e9dico-Hospitalar (VCMH) e que o Fator de Produtividade proposto pela ANS seja calculado por entidade externa especializada. A FenaSa\u00fade prop\u00f5e que seja adotado o modelo americano, \u201cque combina um percentual autorizado com uma sinistralidade teto\u201d. \u201cAs empresas que extrapolarem o limite de sinistralidade poder\u00e3o aplicar um reajuste individualizado, com base na sua estrutura de custos\u201d, informou a entidade por meio de nota.<\/p>\n<p style=\"text-align: justify;\">A ANS informou que vai consolidar todas as contribui\u00e7\u00f5es em um documento a ser disponibilizado na internet, sem necessariamente aprovar uma mudan\u00e7a na metodologia. O reajuste dos planos individuais impacta mais de 8 milh\u00f5es de benefici\u00e1rios de planos. No m\u00eas passado, foi autorizado o reajuste em 10%, ap\u00f3s uma disputa judicial.<\/p>\n<p style=\"text-align: justify;\">Com informa\u00e7\u00f5es da Ag\u00eancia Brasil.<\/p>\n<p style=\"text-align: justify;\">\n<p style=\"text-align: justify;\">Fonte: Casa Saud\u00e1vel (JC)<\/p>\n","protected":false},"excerpt":{"rendered":"<p>Ap\u00f3s dois dias de audi\u00eancia p\u00fablica para debater mudan\u00e7as na metodologia para o reajuste dos planos de sa\u00fade individuais, promovida nessa ter\u00e7a e quarta-feira (24 e 25) pela Ag\u00eancia Nacional de Sa\u00fade Suplementar (ANS), operadoras e ag\u00eancia reguladora n\u00e3o chegaram a um consenso. Segundo a ANS, o objetivo \u00e9 analisar todas as propostas apresentadas e [&hellip;]<\/p>\n","protected":false},"author":1,"featured_media":0,"comment_status":"open","ping_status":"open","sticky":false,"template":"","format":"standard","meta":{"ocean_post_layout":"","ocean_both_sidebars_style":"","ocean_both_sidebars_content_width":0,"ocean_both_sidebars_sidebars_width":0,"ocean_sidebar":"","ocean_second_sidebar":"","ocean_disable_margins":"enable","ocean_add_body_class":"","ocean_shortcode_before_top_bar":"","ocean_shortcode_after_top_bar":"","ocean_shortcode_before_header":"","ocean_shortcode_after_header":"","ocean_has_shortcode":"","ocean_shortcode_after_title":"","ocean_shortcode_before_footer_widgets":"","ocean_shortcode_after_footer_widgets":"","ocean_shortcode_before_footer_bottom":"","ocean_shortcode_after_footer_bottom":"","ocean_display_top_bar":"default","ocean_display_header":"default","ocean_header_style":"","ocean_center_header_left_menu":"","ocean_custom_header_template":"","ocean_custom_logo":0,"ocean_custom_retina_logo":0,"ocean_custom_logo_max_width":0,"ocean_custom_logo_tablet_max_width":0,"ocean_custom_logo_mobile_max_width":0,"ocean_custom_logo_max_height":0,"ocean_custom_logo_tablet_max_height":0,"ocean_custom_logo_mobile_max_height":0,"ocean_header_custom_menu":"","ocean_menu_typo_font_family":"","ocean_menu_typo_font_subset":"","ocean_menu_typo_font_size":0,"ocean_menu_typo_font_size_tablet":0,"ocean_menu_typo_font_size_mobile":0,"ocean_menu_typo_font_size_unit":"px","ocean_menu_typo_font_weight":"","ocean_menu_typo_font_weight_tablet":"","ocean_menu_typo_font_weight_mobile":"","ocean_menu_typo_transform":"","ocean_menu_typo_transform_tablet":"","ocean_menu_typo_transform_mobile":"","ocean_menu_typo_line_height":0,"ocean_menu_typo_line_height_tablet":0,"ocean_menu_typo_line_height_mobile":0,"ocean_menu_typo_line_height_unit":"","ocean_menu_typo_spacing":0,"ocean_menu_typo_spacing_tablet":0,"ocean_menu_typo_spacing_mobile":0,"ocean_menu_typo_spacing_unit":"","ocean_menu_link_color":"","ocean_menu_link_color_hover":"","ocean_menu_link_color_active":"","ocean_menu_link_background":"","ocean_menu_link_hover_background":"","ocean_menu_link_active_background":"","ocean_menu_social_links_bg":"","ocean_menu_social_hover_links_bg":"","ocean_menu_social_links_color":"","ocean_menu_social_hover_links_color":"","ocean_disable_title":"default","ocean_disable_heading":"default","ocean_post_title":"","ocean_post_subheading":"","ocean_post_title_style":"","ocean_post_title_background_color":"","ocean_post_title_background":0,"ocean_post_title_bg_image_position":"","ocean_post_title_bg_image_attachment":"","ocean_post_title_bg_image_repeat":"","ocean_post_title_bg_image_size":"","ocean_post_title_height":0,"ocean_post_title_bg_overlay":0.5,"ocean_post_title_bg_overlay_color":"","ocean_disable_breadcrumbs":"default","ocean_breadcrumbs_color":"","ocean_breadcrumbs_separator_color":"","ocean_breadcrumbs_links_color":"","ocean_breadcrumbs_links_hover_color":"","ocean_display_footer_widgets":"default","ocean_display_footer_bottom":"default","ocean_custom_footer_template":"","ocean_post_oembed":"","ocean_post_self_hosted_media":"","ocean_post_video_embed":"","ocean_link_format":"","ocean_link_format_target":"self","ocean_quote_format":"","ocean_quote_format_link":"post","ocean_gallery_link_images":"on","ocean_gallery_id":[]},"categories":[9],"tags":[66,175,510],"acf":[],"_links":{"self":[{"href":"https:\/\/www.simepe.com.br\/novo\/wp-json\/wp\/v2\/posts\/47312"}],"collection":[{"href":"https:\/\/www.simepe.com.br\/novo\/wp-json\/wp\/v2\/posts"}],"about":[{"href":"https:\/\/www.simepe.com.br\/novo\/wp-json\/wp\/v2\/types\/post"}],"author":[{"embeddable":true,"href":"https:\/\/www.simepe.com.br\/novo\/wp-json\/wp\/v2\/users\/1"}],"replies":[{"embeddable":true,"href":"https:\/\/www.simepe.com.br\/novo\/wp-json\/wp\/v2\/comments?post=47312"}],"version-history":[{"count":1,"href":"https:\/\/www.simepe.com.br\/novo\/wp-json\/wp\/v2\/posts\/47312\/revisions"}],"predecessor-version":[{"id":47313,"href":"https:\/\/www.simepe.com.br\/novo\/wp-json\/wp\/v2\/posts\/47312\/revisions\/47313"}],"wp:attachment":[{"href":"https:\/\/www.simepe.com.br\/novo\/wp-json\/wp\/v2\/media?parent=47312"}],"wp:term":[{"taxonomy":"category","embeddable":true,"href":"https:\/\/www.simepe.com.br\/novo\/wp-json\/wp\/v2\/categories?post=47312"},{"taxonomy":"post_tag","embeddable":true,"href":"https:\/\/www.simepe.com.br\/novo\/wp-json\/wp\/v2\/tags?post=47312"}],"curies":[{"name":"wp","href":"https:\/\/api.w.org\/{rel}","templated":true}]}}