{"id":47346,"date":"2018-07-30T09:54:30","date_gmt":"2018-07-30T12:54:30","guid":{"rendered":"http:\/\/www.simepe.com.br\/novo\/?p=47346"},"modified":"2018-07-30T09:54:30","modified_gmt":"2018-07-30T12:54:30","slug":"problema-em-distribuicao-afeta-estoques-de-vacina-contra-meningite-c","status":"publish","type":"post","link":"https:\/\/www.simepe.com.br\/novo\/problema-em-distribuicao-afeta-estoques-de-vacina-contra-meningite-c\/","title":{"rendered":"Problema em distribui\u00e7\u00e3o afeta estoques de vacina contra meningite C"},"content":{"rendered":"<p style=\"text-align: justify;\">Minist\u00e9rio da Sa\u00fade emitiu um informe para os estados e afirma que a situa\u00e7\u00e3o estar\u00e1 normalizada em agosto<\/p>\n<p style=\"text-align: justify;\">Problemas na distribui\u00e7\u00e3o da vacina contra a meningite C nos \u00faltimos tr\u00eas meses afetaram os estoques do imunizante no Pa\u00eds. A situa\u00e7\u00e3o fez com que o Minist\u00e9rio da Sa\u00fade emitisse um informe sobre a situa\u00e7\u00e3o para os Estados. A pasta orienta que seja realizado o agendamento da vacina\u00e7\u00e3o nos locais com doses reduzidas, mas diz que a situa\u00e7\u00e3o estar\u00e1 normalizada j\u00e1 em agosto.<\/p>\n<p style=\"text-align: justify;\">A vacina Meningoc\u00f3cica C integra o Programa Nacional de Imuniza\u00e7\u00f5es (PNI) e \u00e9 aplicada em beb\u00eas aos 3 e 5 meses de vida, com refor\u00e7o quando a crian\u00e7a completa 1 ano. Caso esta \u00faltima dose n\u00e3o seja administrada, ela pode ser tomada at\u00e9 os 4 anos de idade. A meningite \u00e9 uma doen\u00e7a grave caracterizada por um processo inflamat\u00f3rio das meninges, membranas que envolvem o c\u00e9rebro e a medula espinhal.<\/p>\n<p style=\"text-align: justify;\">Segundo o minist\u00e9rio, o imunizante continua sendo distribu\u00eddo nos Estados, mas de forma reduzida por causa de &#8220;atrasos na entrega pelo laborat\u00f3rio produtor, a Funda\u00e7\u00e3o Ezequiel Dias (Funed).&#8221;<\/p>\n<p style=\"text-align: justify;\">O laborat\u00f3rio informou, em nota, que teve &#8220;problemas at\u00edpicos na cadeia produtiva e log\u00edstica&#8221;. &#8220;Ressaltamos que esse cen\u00e1rio \u00e9 tempor\u00e1rio e que a situa\u00e7\u00e3o j\u00e1 vem sendo regularizada, com a entrega de 1,2 milh\u00e3o de doses da vacina ao Minist\u00e9rio da Sa\u00fade neste m\u00eas de julho e previs\u00e3o de regulariza\u00e7\u00e3o total no pr\u00f3ximo m\u00eas de agosto.&#8221;<\/p>\n<p style=\"text-align: justify;\">O estado de S\u00e3o Paulo est\u00e1 entre os afetados pelo problema na distribui\u00e7\u00e3o da vacina. A Secretaria de Estado da Sa\u00fade disse que solicitou, neste ano, 896 mil doses, mas recebeu 339,5 mil. A pasta informou que, nos meses de junho e julho, o minist\u00e9rio enviou ao Estado 10% e 15% do solicitado, respectivamente.<\/p>\n<p style=\"text-align: justify;\">&#8220;Para o m\u00eas de agosto, a pasta estadual recebeu 101.200 mil doses, correspondendo a 36% do total solicitado, e far\u00e1 a redistribui\u00e7\u00e3o aos munic\u00edpios&#8221;. Segundo a pasta, no ano passado, foram registrados 150 casos da doen\u00e7a no Estado. Neste ano, at\u00e9 junho, foram 37.<\/p>\n<p style=\"text-align: justify;\">A capital recebeu apenas 16% das doses solicitadas e j\u00e1 h\u00e1 casos de falta de vacina em postos de vacina\u00e7\u00e3o, de acordo com a Secretaria Municipal da Sa\u00fade.<\/p>\n<p style=\"text-align: justify;\">&#8220;Apesar das a\u00e7\u00f5es para amenizar poss\u00edveis transtornos, como o remanejamento das doses de salas de vacina com menor demanda, o atendimento j\u00e1 come\u00e7ou a ser comprometido na cidade pela falta da vacina em algumas unidades. A pasta aguarda a regulariza\u00e7\u00e3o da entrega por parte do Minist\u00e9rio da Sa\u00fade para que o reabastecimento das unidades seja realizado o mais brevemente poss\u00edvel&#8221;, informou.<\/p>\n<p style=\"text-align: justify;\">\n<p style=\"text-align: justify;\">Fonte: Diario de Pernambuco<\/p>\n","protected":false},"excerpt":{"rendered":"<p>Minist\u00e9rio da Sa\u00fade emitiu um informe para os estados e afirma que a situa\u00e7\u00e3o estar\u00e1 normalizada em agosto Problemas na distribui\u00e7\u00e3o da vacina contra a meningite C nos \u00faltimos tr\u00eas meses afetaram os estoques do imunizante no Pa\u00eds. A situa\u00e7\u00e3o fez com que o Minist\u00e9rio da Sa\u00fade emitisse um informe sobre a situa\u00e7\u00e3o para os [&hellip;]<\/p>\n","protected":false},"author":1,"featured_media":0,"comment_status":"open","ping_status":"open","sticky":false,"template":"","format":"standard","meta":{"ocean_post_layout":"","ocean_both_sidebars_style":"","ocean_both_sidebars_content_width":0,"ocean_both_sidebars_sidebars_width":0,"ocean_sidebar":"","ocean_second_sidebar":"","ocean_disable_margins":"enable","ocean_add_body_class":"","ocean_shortcode_before_top_bar":"","ocean_shortcode_after_top_bar":"","ocean_shortcode_before_header":"","ocean_shortcode_after_header":"","ocean_has_shortcode":"","ocean_shortcode_after_title":"","ocean_shortcode_before_footer_widgets":"","ocean_shortcode_after_footer_widgets":"","ocean_shortcode_before_footer_bottom":"","ocean_shortcode_after_footer_bottom":"","ocean_display_top_bar":"default","ocean_display_header":"default","ocean_header_style":"","ocean_center_header_left_menu":"","ocean_custom_header_template":"","ocean_custom_logo":0,"ocean_custom_retina_logo":0,"ocean_custom_logo_max_width":0,"ocean_custom_logo_tablet_max_width":0,"ocean_custom_logo_mobile_max_width":0,"ocean_custom_logo_max_height":0,"ocean_custom_logo_tablet_max_height":0,"ocean_custom_logo_mobile_max_height":0,"ocean_header_custom_menu":"","ocean_menu_typo_font_family":"","ocean_menu_typo_font_subset":"","ocean_menu_typo_font_size":0,"ocean_menu_typo_font_size_tablet":0,"ocean_menu_typo_font_size_mobile":0,"ocean_menu_typo_font_size_unit":"px","ocean_menu_typo_font_weight":"","ocean_menu_typo_font_weight_tablet":"","ocean_menu_typo_font_weight_mobile":"","ocean_menu_typo_transform":"","ocean_menu_typo_transform_tablet":"","ocean_menu_typo_transform_mobile":"","ocean_menu_typo_line_height":0,"ocean_menu_typo_line_height_tablet":0,"ocean_menu_typo_line_height_mobile":0,"ocean_menu_typo_line_height_unit":"","ocean_menu_typo_spacing":0,"ocean_menu_typo_spacing_tablet":0,"ocean_menu_typo_spacing_mobile":0,"ocean_menu_typo_spacing_unit":"","ocean_menu_link_color":"","ocean_menu_link_color_hover":"","ocean_menu_link_color_active":"","ocean_menu_link_background":"","ocean_menu_link_hover_background":"","ocean_menu_link_active_background":"","ocean_menu_social_links_bg":"","ocean_menu_social_hover_links_bg":"","ocean_menu_social_links_color":"","ocean_menu_social_hover_links_color":"","ocean_disable_title":"default","ocean_disable_heading":"default","ocean_post_title":"","ocean_post_subheading":"","ocean_post_title_style":"","ocean_post_title_background_color":"","ocean_post_title_background":0,"ocean_post_title_bg_image_position":"","ocean_post_title_bg_image_attachment":"","ocean_post_title_bg_image_repeat":"","ocean_post_title_bg_image_size":"","ocean_post_title_height":0,"ocean_post_title_bg_overlay":0.5,"ocean_post_title_bg_overlay_color":"","ocean_disable_breadcrumbs":"default","ocean_breadcrumbs_color":"","ocean_breadcrumbs_separator_color":"","ocean_breadcrumbs_links_color":"","ocean_breadcrumbs_links_hover_color":"","ocean_display_footer_widgets":"default","ocean_display_footer_bottom":"default","ocean_custom_footer_template":"","ocean_post_oembed":"","ocean_post_self_hosted_media":"","ocean_post_video_embed":"","ocean_link_format":"","ocean_link_format_target":"self","ocean_quote_format":"","ocean_quote_format_link":"post","ocean_gallery_link_images":"on","ocean_gallery_id":[]},"categories":[9],"tags":[2865,2998,82,467],"acf":[],"_links":{"self":[{"href":"https:\/\/www.simepe.com.br\/novo\/wp-json\/wp\/v2\/posts\/47346"}],"collection":[{"href":"https:\/\/www.simepe.com.br\/novo\/wp-json\/wp\/v2\/posts"}],"about":[{"href":"https:\/\/www.simepe.com.br\/novo\/wp-json\/wp\/v2\/types\/post"}],"author":[{"embeddable":true,"href":"https:\/\/www.simepe.com.br\/novo\/wp-json\/wp\/v2\/users\/1"}],"replies":[{"embeddable":true,"href":"https:\/\/www.simepe.com.br\/novo\/wp-json\/wp\/v2\/comments?post=47346"}],"version-history":[{"count":1,"href":"https:\/\/www.simepe.com.br\/novo\/wp-json\/wp\/v2\/posts\/47346\/revisions"}],"predecessor-version":[{"id":47347,"href":"https:\/\/www.simepe.com.br\/novo\/wp-json\/wp\/v2\/posts\/47346\/revisions\/47347"}],"wp:attachment":[{"href":"https:\/\/www.simepe.com.br\/novo\/wp-json\/wp\/v2\/media?parent=47346"}],"wp:term":[{"taxonomy":"category","embeddable":true,"href":"https:\/\/www.simepe.com.br\/novo\/wp-json\/wp\/v2\/categories?post=47346"},{"taxonomy":"post_tag","embeddable":true,"href":"https:\/\/www.simepe.com.br\/novo\/wp-json\/wp\/v2\/tags?post=47346"}],"curies":[{"name":"wp","href":"https:\/\/api.w.org\/{rel}","templated":true}]}}