{"id":47396,"date":"2018-08-01T09:27:41","date_gmt":"2018-08-01T12:27:41","guid":{"rendered":"http:\/\/www.simepe.com.br\/novo\/?p=47396"},"modified":"2018-08-01T09:27:41","modified_gmt":"2018-08-01T12:27:41","slug":"nao-seu-leite-nao-e-fraco","status":"publish","type":"post","link":"https:\/\/www.simepe.com.br\/novo\/nao-seu-leite-nao-e-fraco\/","title":{"rendered":"N\u00e3o, seu leite n\u00e3o \u00e9 fraco"},"content":{"rendered":"<p style=\"text-align: justify;\">No Dia Mundial da Amamenta\u00e7\u00e3o, conhe\u00e7a mais sobre esse superalimento<\/p>\n<p style=\"text-align: justify;\">Seu leite \u00e9 fraco\u201d. \u201cVoc\u00ea n\u00e3o tem leite suficiente para essa crian\u00e7a, d\u00e1 logo f\u00f3rmula\u201d. \u201cO coitado do beb\u00ea est\u00e1 chorando de fome! D\u00e1 uma mamadeira a ele\u201d. \u201cMas voc\u00ea ainda amamenta essa crian\u00e7a?\u201d. Essas frases, caras m\u00e3es e futuras m\u00e3es, s\u00e3o repetidas constantemente para mulheres que ousam dar o seio, esse \u00f3rg\u00e3o cuja \u00fanica finalidade deveria ser o prazer, para oferecer de alimento para uma crian\u00e7a, um beb\u00ea.<\/p>\n<p style=\"text-align: justify;\">Nesta quarta-feira (1\u00ba), \u00e9 comemorado o Dia Mundial da Amamenta\u00e7\u00e3o, data que marca a import\u00e2ncia da doa\u00e7\u00e3o de leite materno para bancos de leite, afinal, muitas m\u00e3es n\u00e3o conseguem amamentar seus filhos, seja pela falta do l\u00edquido, uso de medicamentos, problemas de sa\u00fade ou qualquer outro tipo de impedimento.<\/p>\n<p style=\"text-align: justify;\"><strong>Leite materno e sua import\u00e2ncia<\/strong><\/p>\n<p style=\"text-align: justify;\">N\u00e3o existe \u201cleite fraco\u201d. \u201cO que leva muitas mulheres a pensar que o seu leite \u00e9 fraco, por vezes, \u00e9 o excessivo choro do beb\u00ea, que parece querer mamar a toda hora (\u201cEst\u00e1 com fome porque n\u00e3o se sente alimentado\u201d)\u201d, explica a m\u00e9dica. Nessa hora, as m\u00e3es precisam ter consci\u00eancia e manter a calma, pois s\u00e3o nestes primeiros meses de vida da crian\u00e7a que o choro \u00e9 sua \u00fanica forma de comunica\u00e7\u00e3o com o mundo. \u201cO beb\u00ea quer mamar a toda hora porque ele est\u00e1 aprendendo a fazer isso. Ele se cansa, para, dorme e, como n\u00e3o mamou tudo o que podia, pede novamente e chora! \u00c9 assim at\u00e9 ele aprender a din\u00e2mica do mamar\u201d, aponta a professora de Medicina e pediatra Alexsandra Costa.<\/p>\n<p style=\"text-align: justify;\">\u00c9 no composto do leite onde s\u00e3o encontrados diversos tipos de anticorpos espec\u00edficos para cada crian\u00e7a, de acordo com as necessidades de cada beb\u00ea. Al\u00e9m disso, ele tamb\u00e9m cont\u00e9m subst\u00e2ncia essenciais para a nutri\u00e7\u00e3o adequada dos pequenos. O leite materno apresenta enzimas que criam camadas protetoras dentro, e uma das principais \u00e9 a IgA secretora, cujo objetivo \u00e9 compor a mucosa dos aparelhos respirat\u00f3rio e gastrointestinal do beb\u00ea, criando um ambiente hostil para os microorganismos aproveitadores que podem causar infec\u00e7\u00f5es. Ou seja, o risco de contrair alergias, asmas e infec\u00e7\u00f5es intestinais, por exemplo, \u00e9 bem menor.<\/p>\n<p style=\"text-align: justify;\">O leite materno \u00e9 um alimento completo e fabricado para cada beb\u00ea. O l\u00edquido \u00e9 elaborado dentro do corpo humano com quantidade e tipos de anticorpos espec\u00edficos de acordo com cada m\u00e3e, a depender o ambiente em que ela vive. E \u00e9 neste ambiente onde tamb\u00e9m se encontra o beb\u00ea, que, por sua vez, tamb\u00e9m recebe a \u201cvacina\u201d contra os meios externos.<\/p>\n<p style=\"text-align: justify;\">No Brasil, de janeiro at\u00e9 hoje, foram doados 104.037,8 litros de leite materno, desses sendo distribu\u00eddos 77.940,6 litros. Esse n\u00famero \u00e9 correspondente a um total de 87.190 doadoras, que beneficiaram 87.530 beb\u00eas. Os dados s\u00e3o da Rede Brasileira de Bancos de Leite Humano.<\/p>\n<p style=\"text-align: justify;\"><strong>Benef\u00edcios para a m\u00e3e<\/strong><\/p>\n<p style=\"text-align: justify;\">N\u00e3o somente o beb\u00ea \u00e9 beneficiado pelo leite materno, como a m\u00e3e tamb\u00e9m tem benef\u00edcios na sa\u00fade, quando pratica o ato da amamenta\u00e7\u00e3o. \u00c9 por meio dele que as mulheres t\u00eam as chances de ter c\u00e2ncer de \u00fatero e de mama reduzidas, isso porque a mulher, enquanto amamenta, t\u00eam a quantidade de ciclos menstruais reduzidos, consequentemente se afastando dos horm\u00f4nios que est\u00e3o relacionados \u00e0 doen\u00e7a.<\/p>\n<p style=\"text-align: justify;\">Amamentar tamb\u00e9m auxilia na contra\u00e7\u00e3o do \u00fatero, fazendo o corpo da mulher voltar ao normal ap\u00f3s a gesta\u00e7\u00e3o, por meio da produ\u00e7\u00e3o do horm\u00f4nio ocitocina. A amamenta\u00e7\u00e3o em si tamb\u00e9m ajuda na diminui\u00e7\u00e3o do desconforto da mama, j\u00e1 que o ac\u00famulo de leite nas gl\u00e2ndulas mam\u00e1rias podem causar dor, seios endurecidos, aumento da temperatura no local e, em casos de mastite (quando o leite entope as gl\u00e2ndulas mam\u00e1rias), at\u00e9 mesmo febre.<\/p>\n<p style=\"text-align: justify;\">Al\u00e9m disso, o processo de aleitamento materno tamb\u00e9m \u00e9 uma forma de planejamento familiar, j\u00e1 que a produ\u00e7\u00e3o hormonal realizada no corpo feminino torna a mulher inf\u00e9rtil por um certo per\u00edodo de tempo, pelo menos nos primeiros seis meses, per\u00edodo em que a Organiza\u00e7\u00e3o Mundial da Sa\u00fade (OMS) aconselha o aleitamento exclusivo.<\/p>\n<p style=\"text-align: justify;\"><strong>Ressignifica\u00e7\u00e3o do aleitamento materno<\/strong><\/p>\n<p style=\"text-align: justify;\">Muito embora h\u00e1 quem defenda que a amamenta\u00e7\u00e3o \u00e9 um ato apenas competente \u00e0 m\u00e3e, o processo do aleitamento materno \u00e9 muito al\u00e9m disso e se torna uma quest\u00e3o social, at\u00e9 mesmo um ato pol\u00edtico. \u201cA gente tem que, agora, fazer uma s\u00e9rie de estudos para comprovar que o leite materno \u00e9 melhor que o artificial, s\u00f3 que o leite materno sustentou nossa esp\u00e9cie h\u00e1 quanto tempo?!&#8221;, aponta a estudante de Medicina Mayara Ara\u00fajo.<\/p>\n<p style=\"text-align: justify;\">A futura m\u00e9dica, que \u00e9 defensora do aleitamento materno, explica, tamb\u00e9m, que o processo de dar o leite para a crian\u00e7a \u00e9 dif\u00edcil para a m\u00e3e, que muitas vezes n\u00e3o recebe um apoio adequado para sustentar a amamenta\u00e7\u00e3o. \u201cA sociedade espera muito da mulher, enquanto outras pessoas pouco se envolvem no cuidado. Ou, quando se envolvem, \u00e9 mais para dar palpites que \u00e0s vezes dificultam esse processo\u201d, conta Mayara.<\/p>\n<p style=\"text-align: justify;\">Embora a a\u00e7\u00e3o pol\u00edtica e de empoderamento feminino seja muito presente no ato da amamenta\u00e7\u00e3o, n\u00e3o podemos esquecer que o processo \u00e9 uma rela\u00e7\u00e3o de protagonismo da m\u00e3e com o filho. \u201cA amamenta\u00e7\u00e3o \u00e9 um momento de amor e carinho; um momento de uni\u00e3o entre a m\u00e3e e o filho, que vai ser significativo para o resto da vida da crian\u00e7a. Sabe-se que a as mulheres que amamentam t\u00eam uma melhor intera\u00e7\u00e3o com os filhos, posteriormente. E justamente porque \u00e9 uma conex\u00e3o incr\u00edvel desenvolvida nesse momento, por mais dif\u00edcil que seja\u201d, assinala Mayara Ara\u00fajo.<\/p>\n<p style=\"text-align: justify;\"><strong>&#8220;Temos que ser munidas de informa\u00e7\u00f5es&#8221;<\/strong><\/p>\n<p style=\"text-align: justify;\">A analista de finan\u00e7as e m\u00e3e de Pietro, de 8 anos, Danielle Clericuzi aponta que a melhor forma de uma amamenta\u00e7\u00e3o de qualidade para a crian\u00e7a \u00e9 por meio da pr\u00e9via instru\u00e7\u00e3o da m\u00e3e acerca do que ela vai ter que lidar quando o beb\u00ea precisar do seu seio. \u201cEu nao gosto de dizer pra outra mulher: \u2018olhe, voc\u00ea, de fato, tentou amamentar? De verdade?\u2019 Acho que essa sensibiliza\u00e7\u00e3o precisa ser feita antes, temos que ser munidas de informa\u00e7\u00f5es, de informa\u00e7\u00f5es reais, precisas, da \u00e1rea\u2026\u201d, explica Danielle.<\/p>\n<p style=\"text-align: justify;\">A amamenta\u00e7\u00e3o \u00e9 dif\u00edcil f\u00edsica e emocionalmente, mas Danielle j\u00e1 sabia disso. \u201cEle nasceu e na maternidade mesmo tive orienta\u00e7\u00e3o das enfermeiras, que me auxiliaram na pegada (que n\u00e3o \u00e9 f\u00e1cil porque voc\u00ea acha que a crian\u00e7a n\u00e3o vai conseguir). \u00c9 um exerc\u00edcio de muita paci\u00eancia no come\u00e7o. A crian\u00e7a fica f\u00e1cil uma hora mamando, descansa duas, no m\u00e1ximo, e j\u00e1 quer de novo\u201d, relata. \u201cTeve dia de come\u00e7ar a amamentar \u00e0s 21h e parar \u00e0s 23h. Faz parte\u201d, completa Danielle Clericuzi.<\/p>\n<p style=\"text-align: justify;\">\n<p style=\"text-align: justify;\">Fonte: Leia J\u00e1<\/p>\n","protected":false},"excerpt":{"rendered":"<p>No Dia Mundial da Amamenta\u00e7\u00e3o, conhe\u00e7a mais sobre esse superalimento Seu leite \u00e9 fraco\u201d. \u201cVoc\u00ea n\u00e3o tem leite suficiente para essa crian\u00e7a, d\u00e1 logo f\u00f3rmula\u201d. \u201cO coitado do beb\u00ea est\u00e1 chorando de fome! D\u00e1 uma mamadeira a ele\u201d. \u201cMas voc\u00ea ainda amamenta essa crian\u00e7a?\u201d. Essas frases, caras m\u00e3es e futuras m\u00e3es, s\u00e3o repetidas constantemente para [&hellip;]<\/p>\n","protected":false},"author":1,"featured_media":47394,"comment_status":"open","ping_status":"open","sticky":false,"template":"","format":"standard","meta":{"ocean_post_layout":"","ocean_both_sidebars_style":"","ocean_both_sidebars_content_width":0,"ocean_both_sidebars_sidebars_width":0,"ocean_sidebar":"","ocean_second_sidebar":"","ocean_disable_margins":"enable","ocean_add_body_class":"","ocean_shortcode_before_top_bar":"","ocean_shortcode_after_top_bar":"","ocean_shortcode_before_header":"","ocean_shortcode_after_header":"","ocean_has_shortcode":"","ocean_shortcode_after_title":"","ocean_shortcode_before_footer_widgets":"","ocean_shortcode_after_footer_widgets":"","ocean_shortcode_before_footer_bottom":"","ocean_shortcode_after_footer_bottom":"","ocean_display_top_bar":"default","ocean_display_header":"default","ocean_header_style":"","ocean_center_header_left_menu":"","ocean_custom_header_template":"","ocean_custom_logo":0,"ocean_custom_retina_logo":0,"ocean_custom_logo_max_width":0,"ocean_custom_logo_tablet_max_width":0,"ocean_custom_logo_mobile_max_width":0,"ocean_custom_logo_max_height":0,"ocean_custom_logo_tablet_max_height":0,"ocean_custom_logo_mobile_max_height":0,"ocean_header_custom_menu":"","ocean_menu_typo_font_family":"","ocean_menu_typo_font_subset":"","ocean_menu_typo_font_size":0,"ocean_menu_typo_font_size_tablet":0,"ocean_menu_typo_font_size_mobile":0,"ocean_menu_typo_font_size_unit":"px","ocean_menu_typo_font_weight":"","ocean_menu_typo_font_weight_tablet":"","ocean_menu_typo_font_weight_mobile":"","ocean_menu_typo_transform":"","ocean_menu_typo_transform_tablet":"","ocean_menu_typo_transform_mobile":"","ocean_menu_typo_line_height":0,"ocean_menu_typo_line_height_tablet":0,"ocean_menu_typo_line_height_mobile":0,"ocean_menu_typo_line_height_unit":"","ocean_menu_typo_spacing":0,"ocean_menu_typo_spacing_tablet":0,"ocean_menu_typo_spacing_mobile":0,"ocean_menu_typo_spacing_unit":"","ocean_menu_link_color":"","ocean_menu_link_color_hover":"","ocean_menu_link_color_active":"","ocean_menu_link_background":"","ocean_menu_link_hover_background":"","ocean_menu_link_active_background":"","ocean_menu_social_links_bg":"","ocean_menu_social_hover_links_bg":"","ocean_menu_social_links_color":"","ocean_menu_social_hover_links_color":"","ocean_disable_title":"default","ocean_disable_heading":"default","ocean_post_title":"","ocean_post_subheading":"","ocean_post_title_style":"","ocean_post_title_background_color":"","ocean_post_title_background":0,"ocean_post_title_bg_image_position":"","ocean_post_title_bg_image_attachment":"","ocean_post_title_bg_image_repeat":"","ocean_post_title_bg_image_size":"","ocean_post_title_height":0,"ocean_post_title_bg_overlay":0.5,"ocean_post_title_bg_overlay_color":"","ocean_disable_breadcrumbs":"default","ocean_breadcrumbs_color":"","ocean_breadcrumbs_separator_color":"","ocean_breadcrumbs_links_color":"","ocean_breadcrumbs_links_hover_color":"","ocean_display_footer_widgets":"default","ocean_display_footer_bottom":"default","ocean_custom_footer_template":"","ocean_post_oembed":"","ocean_post_self_hosted_media":"","ocean_post_video_embed":"","ocean_link_format":"","ocean_link_format_target":"self","ocean_quote_format":"","ocean_quote_format_link":"post","ocean_gallery_link_images":"on","ocean_gallery_id":[]},"categories":[1],"tags":[186,206,928,82],"acf":[],"_links":{"self":[{"href":"https:\/\/www.simepe.com.br\/novo\/wp-json\/wp\/v2\/posts\/47396"}],"collection":[{"href":"https:\/\/www.simepe.com.br\/novo\/wp-json\/wp\/v2\/posts"}],"about":[{"href":"https:\/\/www.simepe.com.br\/novo\/wp-json\/wp\/v2\/types\/post"}],"author":[{"embeddable":true,"href":"https:\/\/www.simepe.com.br\/novo\/wp-json\/wp\/v2\/users\/1"}],"replies":[{"embeddable":true,"href":"https:\/\/www.simepe.com.br\/novo\/wp-json\/wp\/v2\/comments?post=47396"}],"version-history":[{"count":1,"href":"https:\/\/www.simepe.com.br\/novo\/wp-json\/wp\/v2\/posts\/47396\/revisions"}],"predecessor-version":[{"id":47398,"href":"https:\/\/www.simepe.com.br\/novo\/wp-json\/wp\/v2\/posts\/47396\/revisions\/47398"}],"wp:featuredmedia":[{"embeddable":true,"href":"https:\/\/www.simepe.com.br\/novo\/wp-json\/wp\/v2\/media\/47394"}],"wp:attachment":[{"href":"https:\/\/www.simepe.com.br\/novo\/wp-json\/wp\/v2\/media?parent=47396"}],"wp:term":[{"taxonomy":"category","embeddable":true,"href":"https:\/\/www.simepe.com.br\/novo\/wp-json\/wp\/v2\/categories?post=47396"},{"taxonomy":"post_tag","embeddable":true,"href":"https:\/\/www.simepe.com.br\/novo\/wp-json\/wp\/v2\/tags?post=47396"}],"curies":[{"name":"wp","href":"https:\/\/api.w.org\/{rel}","templated":true}]}}