{"id":47404,"date":"2018-08-01T09:45:10","date_gmt":"2018-08-01T12:45:10","guid":{"rendered":"http:\/\/www.simepe.com.br\/novo\/?p=47404"},"modified":"2018-08-01T09:45:10","modified_gmt":"2018-08-01T12:45:10","slug":"iii-forum-nacional-de-integracao-do-medico-jovem-e-encerrado-com-aprovacao-da-carta-de-sao-paulo","status":"publish","type":"post","link":"https:\/\/www.simepe.com.br\/novo\/iii-forum-nacional-de-integracao-do-medico-jovem-e-encerrado-com-aprovacao-da-carta-de-sao-paulo\/","title":{"rendered":"III F\u00f3rum Nacional de Integra\u00e7\u00e3o do M\u00e9dico Jovem \u00e9 encerrado com aprova\u00e7\u00e3o da Carta de S\u00e3o Paulo"},"content":{"rendered":"<p style=\"text-align: justify;\"><img src=\"http:\/\/www.fenam.org.br\/site\/imgs\/noticias\/WhatsApp%20Image%202018-07-31%20at%2018.33.30.jpeg\" alt=\"\" \/><\/p>\n<p style=\"text-align: justify;\">Na \u00faltima quinta-feira (26), foi encerrado o III F\u00f3rum Nacional de Integra\u00e7\u00e3o do M\u00e9dico Jovem, iniciado no dia anterior, no hotel Maksoud Plaza, em S\u00e3o Paulo. O presidente da Federa\u00e7\u00e3o Nacional dos M\u00e9dicos (FENAM), Dr. Jorge Darze, participou da mesa de encerramento, onde destacou a import\u00e2ncia da solenidade e esclareceu como as propostas apresentadas no F\u00f3rum poder\u00e3o contribuir com o movimento m\u00e9dico nacional. A secret\u00e1ria da FENAM Regional S\u00e3o Paulo, Dra. Marta Maite Sevillano, licenciada devido ao processo de candidatura nas elei\u00e7\u00f5es, tamb\u00e9m participou do evento.<\/p>\n<p style=\"text-align: justify;\">O encerramento contou com a leitura da Carta de S\u00e3o Paulo por um dos coordenadores da Comiss\u00e3o de Integra\u00e7\u00e3o do M\u00e9dico Jovem do CFM. O documento destacou os principais objetivos do F\u00f3rum, a serem implementados pelos m\u00e9dicos, sobretudo os jovens, junto \u00e0s entidades representativas da categoria. Segundo a carta, as principais propostas s\u00e3o a amplia\u00e7\u00e3o do apoio e da participa\u00e7\u00e3o dos m\u00e9dicos jovens na rede dos Conselhos de Medicina, o refor\u00e7o \u00e0 implementa\u00e7\u00e3o dos n\u00facleos de apoio \u00e0 sa\u00fade mental, o combate \u00e0 pr\u00e1tica do ass\u00e9dio moral, o est\u00edmulo ao empreendedorismo em medicina e o reconhecimento do papel m\u00e9dico na gest\u00e3o de sa\u00fade.<\/p>\n<p style=\"text-align: justify;\">Estiveram presentes tamb\u00e9m, na mesa de encerramento, o presidente do Conselho Federal de Medicina (CFM), Dr. Carlos Vital Tavares Corr\u00eaa Lima, e o coordenador da Comiss\u00e3o de Integra\u00e7\u00e3o do M\u00e9dico Jovem da entidade, Dr. Jos\u00e9 Hiran da Silva Gallo, assim como os presidentes da Associa\u00e7\u00e3o M\u00e9dica Brasileira (AMB), Dr. Lincoln Lopes Ferreira, da Federa\u00e7\u00e3o M\u00e9dica Brasileira (FMB), Dr. Waldir Cardoso, do Conselho Regional de Medicina do Estado de S\u00e3o Paulo (CRM-SP), Dr. Lav\u00ednio Nilton Camarim, e da Associa\u00e7\u00e3o Nacional dos M\u00e9dicos Residentes (ANMR), Dr. Juracy Barbosa.<\/p>\n<p style=\"text-align: justify;\">No segundo dia do F\u00f3rum, os temas debatidos foram a sa\u00fade do m\u00e9dico e as rela\u00e7\u00f5es profissionais, com destaque para as quest\u00f5es relativas ao ass\u00e9dio moral, \u00e0 sa\u00fade mental e \u00e0 viol\u00eancia no meio de trabalho. Em seguida, iniciou-se um debate sobre as novas tecnologias e as inova\u00e7\u00f5es no ramo da Medicina, seguido por discuss\u00f5es acerca da \u00e9tica m\u00e9dica na atualidade.<\/p>\n<p style=\"text-align: justify;\">No encerramento do evento, Darze elogiou o F\u00f3rum, que reuniu m\u00e9dicos jovens de todo o pa\u00eds, atrav\u00e9s de suas representa\u00e7\u00f5es, para discutir as principais pautas relativas \u00e0 carreira m\u00e9dica, sobretudo em rela\u00e7\u00e3o \u00e0s dificuldades que a classe m\u00e9dica enfrenta ao exercer a profiss\u00e3o. \u201cNa atual crise que o pa\u00eds vive, todo resultado tem que ser incorporado \u00e0 pauta do movimento m\u00e9dico nacional. N\u00e3o \u00e9 poss\u00edvel a gente pensar no enfrentamento dessa crise de maneira isolada, segregada. N\u00f3s precisamos unir os esfor\u00e7os de todos os segmentos da categoria para que a gente possa vislumbrar a possibilidade de uma vit\u00f3ria\u201d, concluiu Darze.<\/p>\n<p style=\"text-align: justify;\">O presidente da FENAM ressaltou que o calend\u00e1rio eleitoral \u00e9 a pr\u00f3xima agenda importante no movimento m\u00e9dico nacional, em que o relat\u00f3rio do Encontro Nacional das Entidades M\u00e9dicas (ENEM), junto com o documento dos m\u00e9dicos jovens, poder\u00e3o ser utilizados para informar aos candidatos quais s\u00e3o as principais reivindica\u00e7\u00f5es da categoria.<\/p>\n<p style=\"text-align: justify;\">\n<p style=\"text-align: justify;\">Fonte: Assessoria de Comunica\u00e7\u00e3o da FENAM<\/p>\n","protected":false},"excerpt":{"rendered":"<p>Na \u00faltima quinta-feira (26), foi encerrado o III F\u00f3rum Nacional de Integra\u00e7\u00e3o do M\u00e9dico Jovem, iniciado no dia anterior, no hotel Maksoud Plaza, em S\u00e3o Paulo. O presidente da Federa\u00e7\u00e3o Nacional dos M\u00e9dicos (FENAM), Dr. Jorge Darze, participou da mesa de encerramento, onde destacou a import\u00e2ncia da solenidade e esclareceu como as propostas apresentadas no [&hellip;]<\/p>\n","protected":false},"author":1,"featured_media":0,"comment_status":"open","ping_status":"open","sticky":false,"template":"","format":"standard","meta":{"ocean_post_layout":"","ocean_both_sidebars_style":"","ocean_both_sidebars_content_width":0,"ocean_both_sidebars_sidebars_width":0,"ocean_sidebar":"","ocean_second_sidebar":"","ocean_disable_margins":"enable","ocean_add_body_class":"","ocean_shortcode_before_top_bar":"","ocean_shortcode_after_top_bar":"","ocean_shortcode_before_header":"","ocean_shortcode_after_header":"","ocean_has_shortcode":"","ocean_shortcode_after_title":"","ocean_shortcode_before_footer_widgets":"","ocean_shortcode_after_footer_widgets":"","ocean_shortcode_before_footer_bottom":"","ocean_shortcode_after_footer_bottom":"","ocean_display_top_bar":"default","ocean_display_header":"default","ocean_header_style":"","ocean_center_header_left_menu":"","ocean_custom_header_template":"","ocean_custom_logo":0,"ocean_custom_retina_logo":0,"ocean_custom_logo_max_width":0,"ocean_custom_logo_tablet_max_width":0,"ocean_custom_logo_mobile_max_width":0,"ocean_custom_logo_max_height":0,"ocean_custom_logo_tablet_max_height":0,"ocean_custom_logo_mobile_max_height":0,"ocean_header_custom_menu":"","ocean_menu_typo_font_family":"","ocean_menu_typo_font_subset":"","ocean_menu_typo_font_size":0,"ocean_menu_typo_font_size_tablet":0,"ocean_menu_typo_font_size_mobile":0,"ocean_menu_typo_font_size_unit":"px","ocean_menu_typo_font_weight":"","ocean_menu_typo_font_weight_tablet":"","ocean_menu_typo_font_weight_mobile":"","ocean_menu_typo_transform":"","ocean_menu_typo_transform_tablet":"","ocean_menu_typo_transform_mobile":"","ocean_menu_typo_line_height":0,"ocean_menu_typo_line_height_tablet":0,"ocean_menu_typo_line_height_mobile":0,"ocean_menu_typo_line_height_unit":"","ocean_menu_typo_spacing":0,"ocean_menu_typo_spacing_tablet":0,"ocean_menu_typo_spacing_mobile":0,"ocean_menu_typo_spacing_unit":"","ocean_menu_link_color":"","ocean_menu_link_color_hover":"","ocean_menu_link_color_active":"","ocean_menu_link_background":"","ocean_menu_link_hover_background":"","ocean_menu_link_active_background":"","ocean_menu_social_links_bg":"","ocean_menu_social_hover_links_bg":"","ocean_menu_social_links_color":"","ocean_menu_social_hover_links_color":"","ocean_disable_title":"default","ocean_disable_heading":"default","ocean_post_title":"","ocean_post_subheading":"","ocean_post_title_style":"","ocean_post_title_background_color":"","ocean_post_title_background":0,"ocean_post_title_bg_image_position":"","ocean_post_title_bg_image_attachment":"","ocean_post_title_bg_image_repeat":"","ocean_post_title_bg_image_size":"","ocean_post_title_height":0,"ocean_post_title_bg_overlay":0.5,"ocean_post_title_bg_overlay_color":"","ocean_disable_breadcrumbs":"default","ocean_breadcrumbs_color":"","ocean_breadcrumbs_separator_color":"","ocean_breadcrumbs_links_color":"","ocean_breadcrumbs_links_hover_color":"","ocean_display_footer_widgets":"default","ocean_display_footer_bottom":"default","ocean_custom_footer_template":"","ocean_post_oembed":"","ocean_post_self_hosted_media":"","ocean_post_video_embed":"","ocean_link_format":"","ocean_link_format_target":"self","ocean_quote_format":"","ocean_quote_format_link":"post","ocean_gallery_link_images":"on","ocean_gallery_id":[]},"categories":[9],"tags":[37,3008,75],"acf":[],"_links":{"self":[{"href":"https:\/\/www.simepe.com.br\/novo\/wp-json\/wp\/v2\/posts\/47404"}],"collection":[{"href":"https:\/\/www.simepe.com.br\/novo\/wp-json\/wp\/v2\/posts"}],"about":[{"href":"https:\/\/www.simepe.com.br\/novo\/wp-json\/wp\/v2\/types\/post"}],"author":[{"embeddable":true,"href":"https:\/\/www.simepe.com.br\/novo\/wp-json\/wp\/v2\/users\/1"}],"replies":[{"embeddable":true,"href":"https:\/\/www.simepe.com.br\/novo\/wp-json\/wp\/v2\/comments?post=47404"}],"version-history":[{"count":1,"href":"https:\/\/www.simepe.com.br\/novo\/wp-json\/wp\/v2\/posts\/47404\/revisions"}],"predecessor-version":[{"id":47405,"href":"https:\/\/www.simepe.com.br\/novo\/wp-json\/wp\/v2\/posts\/47404\/revisions\/47405"}],"wp:attachment":[{"href":"https:\/\/www.simepe.com.br\/novo\/wp-json\/wp\/v2\/media?parent=47404"}],"wp:term":[{"taxonomy":"category","embeddable":true,"href":"https:\/\/www.simepe.com.br\/novo\/wp-json\/wp\/v2\/categories?post=47404"},{"taxonomy":"post_tag","embeddable":true,"href":"https:\/\/www.simepe.com.br\/novo\/wp-json\/wp\/v2\/tags?post=47404"}],"curies":[{"name":"wp","href":"https:\/\/api.w.org\/{rel}","templated":true}]}}