{"id":47409,"date":"2018-08-01T09:51:36","date_gmt":"2018-08-01T12:51:36","guid":{"rendered":"http:\/\/www.simepe.com.br\/novo\/?p=47409"},"modified":"2018-08-01T09:51:36","modified_gmt":"2018-08-01T12:51:36","slug":"plataforma-de-acoes-para-saude-petrolina-cuida-e-lancada-nesta-terca-feira-31","status":"publish","type":"post","link":"https:\/\/www.simepe.com.br\/novo\/plataforma-de-acoes-para-saude-petrolina-cuida-e-lancada-nesta-terca-feira-31\/","title":{"rendered":"Plataforma de a\u00e7\u00f5es para sa\u00fade, &#8216;Petrolina Cuida&#8217; \u00e9 lan\u00e7ada nesta ter\u00e7a-feira (31)"},"content":{"rendered":"<p style=\"text-align: justify;\">Entre as iniciativas do programa est\u00e1 a entrega de 16 novas ambul\u00e2ncias.<\/p>\n<p style=\"text-align: justify;\">Com o objetivo de melhorar a assist\u00eancia m\u00e9dica e odontol\u00f3gica de Petrolina, no Sert\u00e3o Pernambucano, a prefeitura do munic\u00edpio anunciou nesta ter\u00e7a-feira (31), a plataforma &#8216;Petrolina Cuida&#8217;. O lan\u00e7amento foi feito na \u00e1rea externa do Instituto de Gest\u00e3o Previdenci\u00e1ria de Petrolina (Igeprev).<\/p>\n<p style=\"text-align: justify;\">O conjunto de a\u00e7\u00f5es foi apresentado pelo prefeito Miguel Coelho e ter\u00e3o investimento total de R$ 37 milh\u00f5es. Entre as iniciativas do programa est\u00e3o a abertura de doze novas unidades b\u00e1sicas de sa\u00fade; entrega de 16 novas ambul\u00e2ncias; realiza\u00e7\u00e3o de mutir\u00f5es para diminuir o tempo de espera por exames; aumento de equipes de sa\u00fade bucal; constru\u00e7\u00e3o da casa de partos e do centro de refer\u00eancia em sa\u00fade da mulher, com entrega prevista at\u00e9 dezembro deste ano.<\/p>\n<p style=\"text-align: justify;\">Est\u00e3o previstas tamb\u00e9m a constru\u00e7\u00e3o do laborat\u00f3rio municipal e centro de diagn\u00f3sticos, com entrega prevista para 2019; constru\u00e7\u00e3o da sede pr\u00f3pria do Centro de Aten\u00e7\u00e3o Psicossocial II (Caps) e inaugura\u00e7\u00e3o do Caps III; abertura da unidade de acolhimento, com inaugura\u00e7\u00e3o prevista pra setembro.<\/p>\n<p style=\"text-align: justify;\">\n<p style=\"text-align: justify;\">Fonte: G1<\/p>\n","protected":false},"excerpt":{"rendered":"<p>Entre as iniciativas do programa est\u00e1 a entrega de 16 novas ambul\u00e2ncias. Com o objetivo de melhorar a assist\u00eancia m\u00e9dica e odontol\u00f3gica de Petrolina, no Sert\u00e3o Pernambucano, a prefeitura do munic\u00edpio anunciou nesta ter\u00e7a-feira (31), a plataforma &#8216;Petrolina Cuida&#8217;. O lan\u00e7amento foi feito na \u00e1rea externa do Instituto de Gest\u00e3o Previdenci\u00e1ria de Petrolina (Igeprev). O [&hellip;]<\/p>\n","protected":false},"author":1,"featured_media":0,"comment_status":"open","ping_status":"open","sticky":false,"template":"","format":"standard","meta":{"ocean_post_layout":"","ocean_both_sidebars_style":"","ocean_both_sidebars_content_width":0,"ocean_both_sidebars_sidebars_width":0,"ocean_sidebar":"","ocean_second_sidebar":"","ocean_disable_margins":"enable","ocean_add_body_class":"","ocean_shortcode_before_top_bar":"","ocean_shortcode_after_top_bar":"","ocean_shortcode_before_header":"","ocean_shortcode_after_header":"","ocean_has_shortcode":"","ocean_shortcode_after_title":"","ocean_shortcode_before_footer_widgets":"","ocean_shortcode_after_footer_widgets":"","ocean_shortcode_before_footer_bottom":"","ocean_shortcode_after_footer_bottom":"","ocean_display_top_bar":"default","ocean_display_header":"default","ocean_header_style":"","ocean_center_header_left_menu":"","ocean_custom_header_template":"","ocean_custom_logo":0,"ocean_custom_retina_logo":0,"ocean_custom_logo_max_width":0,"ocean_custom_logo_tablet_max_width":0,"ocean_custom_logo_mobile_max_width":0,"ocean_custom_logo_max_height":0,"ocean_custom_logo_tablet_max_height":0,"ocean_custom_logo_mobile_max_height":0,"ocean_header_custom_menu":"","ocean_menu_typo_font_family":"","ocean_menu_typo_font_subset":"","ocean_menu_typo_font_size":0,"ocean_menu_typo_font_size_tablet":0,"ocean_menu_typo_font_size_mobile":0,"ocean_menu_typo_font_size_unit":"px","ocean_menu_typo_font_weight":"","ocean_menu_typo_font_weight_tablet":"","ocean_menu_typo_font_weight_mobile":"","ocean_menu_typo_transform":"","ocean_menu_typo_transform_tablet":"","ocean_menu_typo_transform_mobile":"","ocean_menu_typo_line_height":0,"ocean_menu_typo_line_height_tablet":0,"ocean_menu_typo_line_height_mobile":0,"ocean_menu_typo_line_height_unit":"","ocean_menu_typo_spacing":0,"ocean_menu_typo_spacing_tablet":0,"ocean_menu_typo_spacing_mobile":0,"ocean_menu_typo_spacing_unit":"","ocean_menu_link_color":"","ocean_menu_link_color_hover":"","ocean_menu_link_color_active":"","ocean_menu_link_background":"","ocean_menu_link_hover_background":"","ocean_menu_link_active_background":"","ocean_menu_social_links_bg":"","ocean_menu_social_hover_links_bg":"","ocean_menu_social_links_color":"","ocean_menu_social_hover_links_color":"","ocean_disable_title":"default","ocean_disable_heading":"default","ocean_post_title":"","ocean_post_subheading":"","ocean_post_title_style":"","ocean_post_title_background_color":"","ocean_post_title_background":0,"ocean_post_title_bg_image_position":"","ocean_post_title_bg_image_attachment":"","ocean_post_title_bg_image_repeat":"","ocean_post_title_bg_image_size":"","ocean_post_title_height":0,"ocean_post_title_bg_overlay":0.5,"ocean_post_title_bg_overlay_color":"","ocean_disable_breadcrumbs":"default","ocean_breadcrumbs_color":"","ocean_breadcrumbs_separator_color":"","ocean_breadcrumbs_links_color":"","ocean_breadcrumbs_links_hover_color":"","ocean_display_footer_widgets":"default","ocean_display_footer_bottom":"default","ocean_custom_footer_template":"","ocean_post_oembed":"","ocean_post_self_hosted_media":"","ocean_post_video_embed":"","ocean_link_format":"","ocean_link_format_target":"self","ocean_quote_format":"","ocean_quote_format_link":"post","ocean_gallery_link_images":"on","ocean_gallery_id":[]},"categories":[9],"tags":[411,314,82],"acf":[],"_links":{"self":[{"href":"https:\/\/www.simepe.com.br\/novo\/wp-json\/wp\/v2\/posts\/47409"}],"collection":[{"href":"https:\/\/www.simepe.com.br\/novo\/wp-json\/wp\/v2\/posts"}],"about":[{"href":"https:\/\/www.simepe.com.br\/novo\/wp-json\/wp\/v2\/types\/post"}],"author":[{"embeddable":true,"href":"https:\/\/www.simepe.com.br\/novo\/wp-json\/wp\/v2\/users\/1"}],"replies":[{"embeddable":true,"href":"https:\/\/www.simepe.com.br\/novo\/wp-json\/wp\/v2\/comments?post=47409"}],"version-history":[{"count":1,"href":"https:\/\/www.simepe.com.br\/novo\/wp-json\/wp\/v2\/posts\/47409\/revisions"}],"predecessor-version":[{"id":47410,"href":"https:\/\/www.simepe.com.br\/novo\/wp-json\/wp\/v2\/posts\/47409\/revisions\/47410"}],"wp:attachment":[{"href":"https:\/\/www.simepe.com.br\/novo\/wp-json\/wp\/v2\/media?parent=47409"}],"wp:term":[{"taxonomy":"category","embeddable":true,"href":"https:\/\/www.simepe.com.br\/novo\/wp-json\/wp\/v2\/categories?post=47409"},{"taxonomy":"post_tag","embeddable":true,"href":"https:\/\/www.simepe.com.br\/novo\/wp-json\/wp\/v2\/tags?post=47409"}],"curies":[{"name":"wp","href":"https:\/\/api.w.org\/{rel}","templated":true}]}}