{"id":47415,"date":"2018-08-01T10:15:43","date_gmt":"2018-08-01T13:15:43","guid":{"rendered":"http:\/\/www.simepe.com.br\/novo\/?p=47415"},"modified":"2018-08-01T10:15:43","modified_gmt":"2018-08-01T13:15:43","slug":"fim-do-prazo-para-registro-de-chapas-as-eleicoes-do-sindmepa","status":"publish","type":"post","link":"https:\/\/www.simepe.com.br\/novo\/fim-do-prazo-para-registro-de-chapas-as-eleicoes-do-sindmepa\/","title":{"rendered":"Fim do prazo para registro de chapas \u00e0s elei\u00e7\u00f5es do Sindmepa"},"content":{"rendered":"<p style=\"text-align: justify;\">Encerrou ontem (30) o prazo para o registro de chapas para as elei\u00e7\u00f5es da Diretoria Colegiada e Conselho Fiscal do Sindicato dos M\u00e9dicos do Par\u00e1 para o tri\u00eanio 2019\/2021. A Comiss\u00e3o eleitoral \u2013 composta pela Dra. Laura Nazareth Rossetti, Dra. Maria Gra\u00e7a Jacob e Dr. Admilson Souza \u2013 deu por encerrado o prazo de inscri\u00e7\u00e3o \u00e0s 18h de ontem (30) conforme edital publicado no Di\u00e1rio Oficial do Estado de n\u00b0 33.657 no dia 16 de julho.<\/p>\n<p style=\"text-align: justify;\">Apenas uma chapa se inscreveu para as elei\u00e7\u00f5es que acontecem no dia 4 de setembro, a chapa denominada \u201cResist\u00eancia\u201d que encaminhou os documentos necess\u00e1rios: pedido de inscri\u00e7\u00e3o da chapa, composi\u00e7\u00e3o e ficha individual de cada integrante. A Comiss\u00e3o Eleitoral acatou o pedido e solicitou provid\u00eancias administrativas necess\u00e1rias.<\/p>\n<p style=\"text-align: justify;\">Reunido em Assembleia Geral Ordin\u00e1ria Eleitoral, no dia 3 de julho, o diretor Jo\u00e3o Gouveia destacou a necessidade de renova\u00e7\u00e3o dos quadros de dirigentes da entidade. Ele afirmou ainda que a elei\u00e7\u00e3o democr\u00e1tica \u00e9 o melhor momento para isto. Entre os crit\u00e9rios apontados como importantes pela Diretoria Colegiada para a pr\u00f3xima gest\u00e3o est\u00e3o a disponibilidade de tempo, aus\u00eancia de conflito de interesses e a participa\u00e7\u00e3o em reuni\u00f5es e atividades do sindicato. Tais crit\u00e9rios foram listados devido \u00e0s enormes demandas existentes hoje no sindicato para atender a necessidade da categoria m\u00e9dica e da sociedade na \u00e1rea de sa\u00fade.<\/p>\n<p style=\"text-align: justify;\">Confira os nomes que comp\u00f5em a chapa Resist\u00eancia:<\/p>\n<p style=\"text-align: justify;\"><em>Secretaria de Administra\u00e7\u00e3o e Organiza\u00e7\u00e3o<\/em><\/p>\n<p style=\"text-align: justify;\"><em>Dr. Erivaldo de Jesus Abreu Pereira<\/em><\/p>\n<p style=\"text-align: justify;\"><em>Dr. Jo\u00e3o Fonseca Gouveia<\/em><\/p>\n<p style=\"text-align: justify;\">Secretaria de Assist\u00eancia Jur\u00eddica, Defesa Profissional e Condi\u00e7\u00f5es de Trabalho<\/p>\n<p style=\"text-align: justify;\"><em>Dr. Emanuel Concei\u00e7\u00e3o Resque Oliveira<\/em><\/p>\n<p style=\"text-align: justify;\"><em>Dra. Helena Andrade Zeferino Br\u00edgido<\/em><\/p>\n<p style=\"text-align: justify;\"><em>Secretaria de Finan\u00e7as<\/em><\/p>\n<p style=\"text-align: justify;\"><em>Dr. Agostinho Hermes de Miranda Neto<\/em><\/p>\n<p style=\"text-align: justify;\"><em>Dr. Waldir Ara\u00fajo Cardoso<\/em><\/p>\n<p style=\"text-align: justify;\">Secretaria de Imprensa, Divulga\u00e7\u00e3o e Assuntos Sociais<\/p>\n<p style=\"text-align: justify;\"><em>Dra. Ver\u00f4nica de Jesus Rodrigues Cardozo Costa<\/em><\/p>\n<p style=\"text-align: justify;\"><em>Dr. Wilson da Silva Machado<\/em><\/p>\n<p style=\"text-align: justify;\">Suplentes da Diretoria:<\/p>\n<p style=\"text-align: justify;\"><em>Carina Cardoso Costa<\/em><br \/>\n<em>Daniel Cardoso de Azevedo<\/em><br \/>\n<em>Edvan dos Santos Brand\u00e3o J\u00fanior<\/em><br \/>\n<em>Junio Aguiar Azevedo<\/em><br \/>\n<em>L\u00e9a Rosana Viana de Ara\u00fajo e Ara\u00fajo<\/em><br \/>\n<em>Liziane Santa Brigida de Sousa<\/em><br \/>\n<em>Mar\u00edlia Brasil Xavier<\/em><br \/>\n<em>Paulo Tom\u00e9 de Lima Bronze<\/em><br \/>\n<em>Conselho Fiscal Efetivos<\/em><\/p>\n<p style=\"text-align: justify;\"><em>Dr. Carlos Ant\u00f4nio de Lima Amorim<\/em><br \/>\n<em>Dr. Leucy Paz da Silva<\/em><br \/>\n<em>Dra. Vilma Francisca Hutim Gondim de Souza<\/em><br \/>\n<em>Conselho Fiscal Suplentes<\/em><\/p>\n<p style=\"text-align: justify;\"><em>Dr. Jos\u00e9 Martins de Miranda Neto<\/em><br \/>\n<em>Dra. Bibiane Monteiro da Silva<\/em><br \/>\n<em>Dr. Francisco F\u00e1bio Lopes Moutinho<\/em><\/p>\n<p style=\"text-align: justify;\">\n<p style=\"text-align: justify;\">Fonte: Assessoria de Comunica\u00e7\u00e3o do Sindicato dos M\u00e9dicos do Par\u00e1 (Sindmepa)<\/p>\n","protected":false},"excerpt":{"rendered":"<p>Encerrou ontem (30) o prazo para o registro de chapas para as elei\u00e7\u00f5es da Diretoria Colegiada e Conselho Fiscal do Sindicato dos M\u00e9dicos do Par\u00e1 para o tri\u00eanio 2019\/2021. A Comiss\u00e3o eleitoral \u2013 composta pela Dra. Laura Nazareth Rossetti, Dra. Maria Gra\u00e7a Jacob e Dr. Admilson Souza \u2013 deu por encerrado o prazo de inscri\u00e7\u00e3o [&hellip;]<\/p>\n","protected":false},"author":1,"featured_media":47416,"comment_status":"open","ping_status":"open","sticky":false,"template":"","format":"standard","meta":{"ocean_post_layout":"","ocean_both_sidebars_style":"","ocean_both_sidebars_content_width":0,"ocean_both_sidebars_sidebars_width":0,"ocean_sidebar":"","ocean_second_sidebar":"","ocean_disable_margins":"enable","ocean_add_body_class":"","ocean_shortcode_before_top_bar":"","ocean_shortcode_after_top_bar":"","ocean_shortcode_before_header":"","ocean_shortcode_after_header":"","ocean_has_shortcode":"","ocean_shortcode_after_title":"","ocean_shortcode_before_footer_widgets":"","ocean_shortcode_after_footer_widgets":"","ocean_shortcode_before_footer_bottom":"","ocean_shortcode_after_footer_bottom":"","ocean_display_top_bar":"default","ocean_display_header":"default","ocean_header_style":"","ocean_center_header_left_menu":"","ocean_custom_header_template":"","ocean_custom_logo":0,"ocean_custom_retina_logo":0,"ocean_custom_logo_max_width":0,"ocean_custom_logo_tablet_max_width":0,"ocean_custom_logo_mobile_max_width":0,"ocean_custom_logo_max_height":0,"ocean_custom_logo_tablet_max_height":0,"ocean_custom_logo_mobile_max_height":0,"ocean_header_custom_menu":"","ocean_menu_typo_font_family":"","ocean_menu_typo_font_subset":"","ocean_menu_typo_font_size":0,"ocean_menu_typo_font_size_tablet":0,"ocean_menu_typo_font_size_mobile":0,"ocean_menu_typo_font_size_unit":"px","ocean_menu_typo_font_weight":"","ocean_menu_typo_font_weight_tablet":"","ocean_menu_typo_font_weight_mobile":"","ocean_menu_typo_transform":"","ocean_menu_typo_transform_tablet":"","ocean_menu_typo_transform_mobile":"","ocean_menu_typo_line_height":0,"ocean_menu_typo_line_height_tablet":0,"ocean_menu_typo_line_height_mobile":0,"ocean_menu_typo_line_height_unit":"","ocean_menu_typo_spacing":0,"ocean_menu_typo_spacing_tablet":0,"ocean_menu_typo_spacing_mobile":0,"ocean_menu_typo_spacing_unit":"","ocean_menu_link_color":"","ocean_menu_link_color_hover":"","ocean_menu_link_color_active":"","ocean_menu_link_background":"","ocean_menu_link_hover_background":"","ocean_menu_link_active_background":"","ocean_menu_social_links_bg":"","ocean_menu_social_hover_links_bg":"","ocean_menu_social_links_color":"","ocean_menu_social_hover_links_color":"","ocean_disable_title":"default","ocean_disable_heading":"default","ocean_post_title":"","ocean_post_subheading":"","ocean_post_title_style":"","ocean_post_title_background_color":"","ocean_post_title_background":0,"ocean_post_title_bg_image_position":"","ocean_post_title_bg_image_attachment":"","ocean_post_title_bg_image_repeat":"","ocean_post_title_bg_image_size":"","ocean_post_title_height":0,"ocean_post_title_bg_overlay":0.5,"ocean_post_title_bg_overlay_color":"","ocean_disable_breadcrumbs":"default","ocean_breadcrumbs_color":"","ocean_breadcrumbs_separator_color":"","ocean_breadcrumbs_links_color":"","ocean_breadcrumbs_links_hover_color":"","ocean_display_footer_widgets":"default","ocean_display_footer_bottom":"default","ocean_custom_footer_template":"","ocean_post_oembed":"","ocean_post_self_hosted_media":"","ocean_post_video_embed":"","ocean_link_format":"","ocean_link_format_target":"self","ocean_quote_format":"","ocean_quote_format_link":"post","ocean_gallery_link_images":"on","ocean_gallery_id":[]},"categories":[1],"tags":[],"acf":[],"_links":{"self":[{"href":"https:\/\/www.simepe.com.br\/novo\/wp-json\/wp\/v2\/posts\/47415"}],"collection":[{"href":"https:\/\/www.simepe.com.br\/novo\/wp-json\/wp\/v2\/posts"}],"about":[{"href":"https:\/\/www.simepe.com.br\/novo\/wp-json\/wp\/v2\/types\/post"}],"author":[{"embeddable":true,"href":"https:\/\/www.simepe.com.br\/novo\/wp-json\/wp\/v2\/users\/1"}],"replies":[{"embeddable":true,"href":"https:\/\/www.simepe.com.br\/novo\/wp-json\/wp\/v2\/comments?post=47415"}],"version-history":[{"count":1,"href":"https:\/\/www.simepe.com.br\/novo\/wp-json\/wp\/v2\/posts\/47415\/revisions"}],"predecessor-version":[{"id":47417,"href":"https:\/\/www.simepe.com.br\/novo\/wp-json\/wp\/v2\/posts\/47415\/revisions\/47417"}],"wp:featuredmedia":[{"embeddable":true,"href":"https:\/\/www.simepe.com.br\/novo\/wp-json\/wp\/v2\/media\/47416"}],"wp:attachment":[{"href":"https:\/\/www.simepe.com.br\/novo\/wp-json\/wp\/v2\/media?parent=47415"}],"wp:term":[{"taxonomy":"category","embeddable":true,"href":"https:\/\/www.simepe.com.br\/novo\/wp-json\/wp\/v2\/categories?post=47415"},{"taxonomy":"post_tag","embeddable":true,"href":"https:\/\/www.simepe.com.br\/novo\/wp-json\/wp\/v2\/tags?post=47415"}],"curies":[{"name":"wp","href":"https:\/\/api.w.org\/{rel}","templated":true}]}}