{"id":47437,"date":"2018-08-02T10:48:26","date_gmt":"2018-08-02T13:48:26","guid":{"rendered":"http:\/\/www.simepe.com.br\/novo\/?p=47437"},"modified":"2018-08-02T10:48:26","modified_gmt":"2018-08-02T13:48:26","slug":"na-semana-mundial-da-amamentacao-secretaria-de-saude-de-pe-alerta-para-baixo-estoque-de-leite-em-hospitais","status":"publish","type":"post","link":"https:\/\/www.simepe.com.br\/novo\/na-semana-mundial-da-amamentacao-secretaria-de-saude-de-pe-alerta-para-baixo-estoque-de-leite-em-hospitais\/","title":{"rendered":"Na Semana Mundial da Amamenta\u00e7\u00e3o, Secretaria de Sa\u00fade de PE alerta para baixo estoque de leite em hospitais"},"content":{"rendered":"<p style=\"text-align: justify;\">Unidades de sa\u00fade do Recife e do interior precisam de doa\u00e7\u00f5es para garantir atendimento a beb\u00eas.<\/p>\n<p style=\"text-align: justify;\">Semana Mundial da Amamenta\u00e7\u00e3o tem in\u00edcio nesta quarta-feira (1\u00ba). Aproveitando a data, a secretaria de Sa\u00fade de Pernambuco alerta para o baixo estoque de leite materno nos bancos localizados em hospitais do Recife e do interior.<\/p>\n<p style=\"text-align: justify;\">O Hospital Bar\u00e3o de Lucena (HBL), na Zona Oeste da capital, conta atualmente 40 litros, mas necessita de uma m\u00e9dia de 60 litros por m\u00eas. O HBL utiliza cerca de 1,5 litro por dia para atender os beb\u00eas.<\/p>\n<p style=\"text-align: justify;\">De acordo com a diretora do Bar\u00e3o de Lucena, \u00c2ngela Santos, o consumo do leite humano varia de acordo com o tempo de internamento do beb\u00ea, prescri\u00e7\u00e3o m\u00e9dica, peso e faixa et\u00e1ria. Por isso, segundo ela, \u00e9 importante manter o estoque.<\/p>\n<p style=\"text-align: justify;\">O Hospital Jesus Nazareno, em Caruaru, no Agreste, necessita de cerca de 30 litros por m\u00eas para atender os beb\u00eas. Atualmente, o estoque conta com 10 litros.<\/p>\n<p style=\"text-align: justify;\">No Hospital Dom Malan, em Petrolina, no Sert\u00e3o, o estoque tem 10 litros. A unidade precisa de 60 litros por m\u00eas.<\/p>\n<p style=\"text-align: justify;\">Pernambuco possui, atualmente, dez bancos de leite humano, sendo quatro ligados \u00e0 rede estadual de sa\u00fade, al\u00e9m de cinco postos de coleta. Qualquer m\u00e3e saud\u00e1vel pode doar o seu excedente a esses locais.<\/p>\n<p style=\"text-align: justify;\"><strong>Como doar<\/strong><br \/>\nPara retirar o leite da mama, a indica\u00e7\u00e3o \u00e9 que a m\u00e3e use um len\u00e7o para proteger a boca e a cabe\u00e7a, al\u00e9m de higienizar as m\u00e3os. O produto deve ser armazenado em potes de vidro com tampa de pl\u00e1stico, como os de maionese ou caf\u00e9.<\/p>\n<p style=\"text-align: justify;\">O papel que vem na parte interna da tampa precisa ser retirado antes de todo o processo. Para higieniz\u00e1- los, deve-se lav\u00e1-los em \u00e1gua corrente e com sab\u00e3o neutro.<\/p>\n<p style=\"text-align: justify;\">Em seguida, \u00e9 preciso colocar os vidros em uma panela com \u00e1gua e lev\u00e1-los ao forno. Ap\u00f3s a \u00e1gua come\u00e7ar a ferver, deixa por mais 15 minutos no fogo.<\/p>\n<p style=\"text-align: justify;\">As m\u00e3es interessadas podem entrar em contato com os bancos de leite ou de coleta para ir at\u00e9 a unidade fazer a retirada do alimento. Tamb\u00e9m \u00e9 poss\u00edvel solicitar que um representante do hospital v\u00e1 at\u00e9 a casa da doadora buscar o leite.<\/p>\n<p style=\"text-align: justify;\"><strong>Estat\u00edsticas<\/strong><br \/>\nDe acordo com a Rede Brasileira de Bancos de Leite Humano (rBLHBr), em 2016, Pernambuco captou 8,8 mil litros de leite materno de mais de 6,5 mil doadoras. Foi poss\u00edvel usar 7,9 mil litros de leite, beneficiando mais de 11 mil crian\u00e7as.<\/p>\n<p style=\"text-align: justify;\">Em 2017, os bancos de leite coletaram 9,5 mil litros de leite humano, beneficiando mais de 10 mil crian\u00e7as. Ao todo, 6,1 mil m\u00e3es realizaram as doa\u00e7\u00f5es.<\/p>\n<p style=\"text-align: justify;\"><strong>Evento<\/strong><br \/>\nPara refor\u00e7ar a import\u00e2ncia do leite materno, a Secretaria Estadual de Sa\u00fade (SES) promove, nesta quarta, um semin\u00e1rio em comemora\u00e7\u00e3o \u00e0 Semana Mundial de Aleitamento Materno, que ocorre entre os dias 1\u00ba e 7 de agosto.<\/p>\n<p style=\"text-align: justify;\">O evento acontece no audit\u00f3rio da SES, no bairro do Bongi, das 8h30 \u00e0s 12h30. Ele abre oficialmente as a\u00e7\u00f5es da semana mundial, que este ano traz como tema central &#8220;Aleitamento \u00e9 a base da vida&#8221;.<\/p>\n<p style=\"text-align: justify;\">O objetivo \u00e9 abordar com pediatras, fonoaudi\u00f3logos, odont\u00f3logos, nutricionistas, enfermeiros, t\u00e9cnicos de enfermagem os benef\u00edcios assegurados pelo leite materno para a sa\u00fade da crian\u00e7a, al\u00e9m de estimular a\u00e7\u00f5es educativas.<\/p>\n<p style=\"text-align: justify;\">\n<strong>Confira bancos de leite e telefones<\/strong><br \/>\n<em>Hospital Agamenon Magalh\u00e3es (3184.1690)<\/em><br \/>\n<em>Hospital Bar\u00e3o de Lucena (3184.6552)<\/em><br \/>\n<em>Hospital das Cl\u00ednicas (2126.3831)<\/em><br \/>\n<em>Centro Integrado de Sa\u00fade Amauri de Medeiros (Cisam \u2013 3182.7720)<\/em><br \/>\n<em>Maternidade Bandeira Filho (3355. 2235)<\/em><br \/>\n<em>Instituto de Medicina Integral Prof. Fernando Figueira (Imip \u2013 2122.4719)<\/em><br \/>\n<em>Hospital De \u00c1vila (3117. 5544)<\/em><br \/>\n<em>Hospital Jesus Nazareno (Caruaru \u2013 3719.9338)<\/em><br \/>\n<em>Hospital Dom Malan (Petrolina \u2013 87 3202.7000)<\/em><br \/>\n<em>Hospital Portugu\u00eas (3416.1069).<\/em><br \/>\n<em>Postos de coleta de leite<\/em><br \/>\n<em>Maternidade Arnaldo Marques (3355.1815)<\/em><br \/>\n<em>Maternidade Barros Lima (3355.2169)<\/em><br \/>\n<em>Uniame (3302.6261)<\/em><br \/>\n<em>Hospital Memorial Guararapes (3461. 5300)<\/em><br \/>\n<em>Cl\u00ednica de Aleitamento Materno\/Boa Vista (3423.0202)<\/em><\/p>\n<p style=\"text-align: justify;\">\n<p style=\"text-align: justify;\">Fonte: G1<\/p>\n","protected":false},"excerpt":{"rendered":"<p>Unidades de sa\u00fade do Recife e do interior precisam de doa\u00e7\u00f5es para garantir atendimento a beb\u00eas. Semana Mundial da Amamenta\u00e7\u00e3o tem in\u00edcio nesta quarta-feira (1\u00ba). Aproveitando a data, a secretaria de Sa\u00fade de Pernambuco alerta para o baixo estoque de leite materno nos bancos localizados em hospitais do Recife e do interior. O Hospital Bar\u00e3o [&hellip;]<\/p>\n","protected":false},"author":1,"featured_media":0,"comment_status":"open","ping_status":"open","sticky":false,"template":"","format":"standard","meta":{"ocean_post_layout":"","ocean_both_sidebars_style":"","ocean_both_sidebars_content_width":0,"ocean_both_sidebars_sidebars_width":0,"ocean_sidebar":"","ocean_second_sidebar":"","ocean_disable_margins":"enable","ocean_add_body_class":"","ocean_shortcode_before_top_bar":"","ocean_shortcode_after_top_bar":"","ocean_shortcode_before_header":"","ocean_shortcode_after_header":"","ocean_has_shortcode":"","ocean_shortcode_after_title":"","ocean_shortcode_before_footer_widgets":"","ocean_shortcode_after_footer_widgets":"","ocean_shortcode_before_footer_bottom":"","ocean_shortcode_after_footer_bottom":"","ocean_display_top_bar":"default","ocean_display_header":"default","ocean_header_style":"","ocean_center_header_left_menu":"","ocean_custom_header_template":"","ocean_custom_logo":0,"ocean_custom_retina_logo":0,"ocean_custom_logo_max_width":0,"ocean_custom_logo_tablet_max_width":0,"ocean_custom_logo_mobile_max_width":0,"ocean_custom_logo_max_height":0,"ocean_custom_logo_tablet_max_height":0,"ocean_custom_logo_mobile_max_height":0,"ocean_header_custom_menu":"","ocean_menu_typo_font_family":"","ocean_menu_typo_font_subset":"","ocean_menu_typo_font_size":0,"ocean_menu_typo_font_size_tablet":0,"ocean_menu_typo_font_size_mobile":0,"ocean_menu_typo_font_size_unit":"px","ocean_menu_typo_font_weight":"","ocean_menu_typo_font_weight_tablet":"","ocean_menu_typo_font_weight_mobile":"","ocean_menu_typo_transform":"","ocean_menu_typo_transform_tablet":"","ocean_menu_typo_transform_mobile":"","ocean_menu_typo_line_height":0,"ocean_menu_typo_line_height_tablet":0,"ocean_menu_typo_line_height_mobile":0,"ocean_menu_typo_line_height_unit":"","ocean_menu_typo_spacing":0,"ocean_menu_typo_spacing_tablet":0,"ocean_menu_typo_spacing_mobile":0,"ocean_menu_typo_spacing_unit":"","ocean_menu_link_color":"","ocean_menu_link_color_hover":"","ocean_menu_link_color_active":"","ocean_menu_link_background":"","ocean_menu_link_hover_background":"","ocean_menu_link_active_background":"","ocean_menu_social_links_bg":"","ocean_menu_social_hover_links_bg":"","ocean_menu_social_links_color":"","ocean_menu_social_hover_links_color":"","ocean_disable_title":"default","ocean_disable_heading":"default","ocean_post_title":"","ocean_post_subheading":"","ocean_post_title_style":"","ocean_post_title_background_color":"","ocean_post_title_background":0,"ocean_post_title_bg_image_position":"","ocean_post_title_bg_image_attachment":"","ocean_post_title_bg_image_repeat":"","ocean_post_title_bg_image_size":"","ocean_post_title_height":0,"ocean_post_title_bg_overlay":0.5,"ocean_post_title_bg_overlay_color":"","ocean_disable_breadcrumbs":"default","ocean_breadcrumbs_color":"","ocean_breadcrumbs_separator_color":"","ocean_breadcrumbs_links_color":"","ocean_breadcrumbs_links_hover_color":"","ocean_display_footer_widgets":"default","ocean_display_footer_bottom":"default","ocean_custom_footer_template":"","ocean_post_oembed":"","ocean_post_self_hosted_media":"","ocean_post_video_embed":"","ocean_link_format":"","ocean_link_format_target":"self","ocean_quote_format":"","ocean_quote_format_link":"post","ocean_gallery_link_images":"on","ocean_gallery_id":[]},"categories":[9],"tags":[186,206,2726,82],"acf":[],"_links":{"self":[{"href":"https:\/\/www.simepe.com.br\/novo\/wp-json\/wp\/v2\/posts\/47437"}],"collection":[{"href":"https:\/\/www.simepe.com.br\/novo\/wp-json\/wp\/v2\/posts"}],"about":[{"href":"https:\/\/www.simepe.com.br\/novo\/wp-json\/wp\/v2\/types\/post"}],"author":[{"embeddable":true,"href":"https:\/\/www.simepe.com.br\/novo\/wp-json\/wp\/v2\/users\/1"}],"replies":[{"embeddable":true,"href":"https:\/\/www.simepe.com.br\/novo\/wp-json\/wp\/v2\/comments?post=47437"}],"version-history":[{"count":1,"href":"https:\/\/www.simepe.com.br\/novo\/wp-json\/wp\/v2\/posts\/47437\/revisions"}],"predecessor-version":[{"id":47438,"href":"https:\/\/www.simepe.com.br\/novo\/wp-json\/wp\/v2\/posts\/47437\/revisions\/47438"}],"wp:attachment":[{"href":"https:\/\/www.simepe.com.br\/novo\/wp-json\/wp\/v2\/media?parent=47437"}],"wp:term":[{"taxonomy":"category","embeddable":true,"href":"https:\/\/www.simepe.com.br\/novo\/wp-json\/wp\/v2\/categories?post=47437"},{"taxonomy":"post_tag","embeddable":true,"href":"https:\/\/www.simepe.com.br\/novo\/wp-json\/wp\/v2\/tags?post=47437"}],"curies":[{"name":"wp","href":"https:\/\/api.w.org\/{rel}","templated":true}]}}