{"id":47453,"date":"2018-08-03T09:27:53","date_gmt":"2018-08-03T12:27:53","guid":{"rendered":"http:\/\/www.simepe.com.br\/novo\/?p=47453"},"modified":"2018-08-03T09:27:53","modified_gmt":"2018-08-03T12:27:53","slug":"pediatras-apresentam-aos-presidenciaveis-pacote-de-medidas-para-melhorar-a-saude-de-criancas-e-adolescentes-2","status":"publish","type":"post","link":"https:\/\/www.simepe.com.br\/novo\/pediatras-apresentam-aos-presidenciaveis-pacote-de-medidas-para-melhorar-a-saude-de-criancas-e-adolescentes-2\/","title":{"rendered":"Pediatras apresentam aos presidenci\u00e1veis pacote de medidas para melhorar a sa\u00fade de crian\u00e7as e adolescentes"},"content":{"rendered":"<p style=\"text-align: justify;\">Uma agenda com 28 itens priorit\u00e1rios, que expressa a preocupa\u00e7\u00e3o dos pediatras brasileiros com os rumos tomados pelo Governo na gest\u00e3o da sa\u00fade do Pa\u00eds, em especial na rede p\u00fablica. Esse \u00e9 o documento preparado pela Sociedade Brasileira de Pediatria (SBP) para apresentar aos candidatos \u00e0 cargos nas Elei\u00e7\u00f5es Gerais desse ano. O texto, uma s\u00edntese de propostas para solucionar t\u00f3picos que t\u00eam preocupado especialistas em crian\u00e7as e adolescentes, ser\u00e1 encaminhado aos pol\u00edticos nos pr\u00f3ximos dias.<\/p>\n<p style=\"text-align: justify;\">O trabalho integra o rol de atividades que marcam a comemora\u00e7\u00e3o pelo Dia do Pediatra (27 de julho). Todos aqueles que tiverem seus nomes homologados pela Justi\u00e7a Eleitoral receber\u00e3o a Agenda em Defesa da Inf\u00e2ncia e da Adolesc\u00eancia, formulada pela SBP, que far\u00e1 o seu envio aos pretendentes ao Pal\u00e1cio do Planalto. Nos Estados, as filiadas da entidade dever\u00e3o abordar os que disputam os governos estaduais e um posto no Senado Federal.<\/p>\n<p style=\"text-align: justify;\">\u201cDiante dessa possibilidade de renova\u00e7\u00e3o, entende-se como oportuna e pertinente a apresenta\u00e7\u00e3o de uma agenda espec\u00edfica para atender as demandas e os anseios de uma parcela significativa e silenciosa que hoje compreende quase 60 milh\u00f5es de brasileiros: crian\u00e7as e os adolescentes, frequentemente ignorados pelas pol\u00edticas p\u00fablicas de Estado\u201d, lembra a Sociedade, na carta que ser\u00e1 enviada aos postulantes, juntamente com o documento.<\/p>\n<p style=\"text-align: justify;\">Reivindica\u00e7\u00f5es &#8211; Para a presidente da SBP, dra Luciana Rodrigues Silva, ao apresentar sua pauta de reivindica\u00e7\u00f5es, os pediatras se colocam no centro do debate das quest\u00f5es relacionadas \u00e0 sa\u00fade. \u201c\u00c9 preciso acabar com a neglig\u00eancia com rela\u00e7\u00e3o a esse tema, o que tem comprometido a oferta de condi\u00e7\u00f5es para o pleno exerc\u00edcio profissional dos m\u00e9dicos, dificultado o acesso aos servi\u00e7os da rede p\u00fablica aos pacientes e reduzido a percep\u00e7\u00e3o de qualidade com respeito ao Sistema \u00danico de Sa\u00fade (SUS)\u201d, destacou.<\/p>\n<p style=\"text-align: justify;\">Dentre as propostas que se destacam est\u00e3o a cobran\u00e7a do saneamento das defici\u00eancias existentes na infraestrutura da rede de atendimento, as quais t\u00eam trazido grandes preju\u00edzos a m\u00e9dicos e pacientes pela falta de leitos, aparelhos, equipamentos, medicamentos e insumos, entre outros itens deficit\u00e1rios. Um dos pontos cr\u00edticos apontados \u00e9 a falta de leitos de interna\u00e7\u00e3o na rede p\u00fablica, em especial para os procedimentos eletivos.<\/p>\n<p style=\"text-align: justify;\">Os pediatras tamb\u00e9m pedem aten\u00e7\u00e3o \u00e0 manuten\u00e7\u00e3o dos estoques de medicamentos e insumos e o fortalecimento do Programa Nacional de Imuniza\u00e7\u00e3o, com o aporte de mais investimentos e recursos humanos, \u201cpara manter altos os n\u00edveis de cobertura da popula\u00e7\u00e3o em geral, em especial de crian\u00e7as e adolescentes, afastando o risco das doen\u00e7as infectocontagiosas\u201d.<\/p>\n<p style=\"text-align: justify;\">Tamb\u00e9m s\u00e3o exigidas provid\u00eancias para assegurar \u00e0s gestantes o acompanhamento de um pediatra durante o pr\u00e9-natal e o est\u00edmulo \u00e0 puericultura, como pr\u00e1tica essencial ao bom atendimento desde o nascimento at\u00e9 a adolesc\u00eancia, nos \u00e2mbitos do SUS e dos planos de sa\u00fade. \u201cA Inf\u00e2ncia e a Adolesc\u00eancia merecem o m\u00e1ximo da aten\u00e7\u00e3o por parte do Estado e do Governo. Para esses jovens, que em poucos anos assumir\u00e3o o comando do Pa\u00eds, devem ser asseguradas estrat\u00e9gias e investimentos que lhes garantam educa\u00e7\u00e3o, seguran\u00e7a, alimenta\u00e7\u00e3o, cultura, lazer, esporte e, sobretudo, bem-estar e sa\u00fade\u201d, ressalta a SBP no documento.<\/p>\n<p style=\"text-align: justify;\">Valoriza\u00e7\u00e3o profissional &#8211; A Agenda contempla ainda a necessidade de valoriza\u00e7\u00e3o dos especialistas qualificados para atender a popula\u00e7\u00e3o infanto-juvenil. \u201cO pediatra, pela sua forma\u00e7\u00e3o e capacita\u00e7\u00e3o para assistir e orientar as crian\u00e7as e os adolescentes e suas fam\u00edlias, deve ser devidamente valorizado e ocupar o papel central na assist\u00eancia \u00e0s crian\u00e7as e aos adolescentes, colaborando com a promo\u00e7\u00e3o da sa\u00fade, a preven\u00e7\u00e3o de doen\u00e7as e a oferta de adequado tratamento em todas as unidades prim\u00e1rias, secund\u00e1rias e terci\u00e1rias\u201d, cita o texto.<\/p>\n<p style=\"text-align: justify;\">Demandas, como a cria\u00e7\u00e3o de uma carreira de Estado para m\u00e9dicos, nos moldes das j\u00e1 existentes para ju\u00edzes e promotores, e o fim da precariza\u00e7\u00e3o do trabalho m\u00e9dico \u2013 pr\u00e1tica recorrente em centenas de prefeituras \u2013, s\u00e3o apontadas como essenciais. Assim, como a ado\u00e7\u00e3o de medidas qiue co\u00edbam a viol\u00eancia (f\u00edsica, verbal, emocional, psicol\u00f3gica) contra os m\u00e9dicos e profissionais de equipes que atuam estabelecimentos de sa\u00fade.<\/p>\n<p style=\"text-align: justify;\">Al\u00e9m de quest\u00f5es diretamente ligadas \u00e0 assist\u00eancia em sa\u00fade e ao trabalho m\u00e9dico, a SBP tamb\u00e9m aborda temas como oferta de ensino de qualidade e em per\u00edodo integral; a valoriza\u00e7\u00e3o dos professores e outros profissionais da \u00e1rea; o suporte ao aleitamento materno; e o refor\u00e7o \u00e0s medidas de seguran\u00e7a de crian\u00e7as e de adolescentes, sobretudo em seus espa\u00e7os preferenciais de frequ\u00eancia (escolas, centros esportivos, n\u00facleos comunit\u00e1rios).<\/p>\n<p style=\"text-align: justify;\">\u201cPor suas caracter\u00edsticas pr\u00f3prias e pela sua situa\u00e7\u00e3o de extrema vulnerabilidade, toda crian\u00e7a e todo adolescente deve contar com a prote\u00e7\u00e3o da sociedade, garantindo-lhes as condi\u00e7\u00f5es ideais ao seu pleno desenvolvimento\u201d, lembra a Sociedade Brasileira de Pediatra, que ao divulgar sua Agenda de prioridades tamb\u00e9m se colocou \u00e0 disposi\u00e7\u00e3o para debater os itens elencados, na tentativa de v\u00ea-los incorporados \u00e0s plataformas de campanha e aos programas de a\u00e7\u00e3o dos futuros governos.<\/p>\n<p style=\"text-align: justify;\">\n<p style=\"text-align: justify;\">Fonte: Assessoria de Comunica\u00e7\u00e3o da AMPE<\/p>\n","protected":false},"excerpt":{"rendered":"<p>Uma agenda com 28 itens priorit\u00e1rios, que expressa a preocupa\u00e7\u00e3o dos pediatras brasileiros com os rumos tomados pelo Governo na gest\u00e3o da sa\u00fade do Pa\u00eds, em especial na rede p\u00fablica. Esse \u00e9 o documento preparado pela Sociedade Brasileira de Pediatria (SBP) para apresentar aos candidatos \u00e0 cargos nas Elei\u00e7\u00f5es Gerais desse ano. O texto, uma [&hellip;]<\/p>\n","protected":false},"author":1,"featured_media":0,"comment_status":"open","ping_status":"open","sticky":false,"template":"","format":"standard","meta":{"ocean_post_layout":"","ocean_both_sidebars_style":"","ocean_both_sidebars_content_width":0,"ocean_both_sidebars_sidebars_width":0,"ocean_sidebar":"","ocean_second_sidebar":"","ocean_disable_margins":"enable","ocean_add_body_class":"","ocean_shortcode_before_top_bar":"","ocean_shortcode_after_top_bar":"","ocean_shortcode_before_header":"","ocean_shortcode_after_header":"","ocean_has_shortcode":"","ocean_shortcode_after_title":"","ocean_shortcode_before_footer_widgets":"","ocean_shortcode_after_footer_widgets":"","ocean_shortcode_before_footer_bottom":"","ocean_shortcode_after_footer_bottom":"","ocean_display_top_bar":"default","ocean_display_header":"default","ocean_header_style":"","ocean_center_header_left_menu":"","ocean_custom_header_template":"","ocean_custom_logo":0,"ocean_custom_retina_logo":0,"ocean_custom_logo_max_width":0,"ocean_custom_logo_tablet_max_width":0,"ocean_custom_logo_mobile_max_width":0,"ocean_custom_logo_max_height":0,"ocean_custom_logo_tablet_max_height":0,"ocean_custom_logo_mobile_max_height":0,"ocean_header_custom_menu":"","ocean_menu_typo_font_family":"","ocean_menu_typo_font_subset":"","ocean_menu_typo_font_size":0,"ocean_menu_typo_font_size_tablet":0,"ocean_menu_typo_font_size_mobile":0,"ocean_menu_typo_font_size_unit":"px","ocean_menu_typo_font_weight":"","ocean_menu_typo_font_weight_tablet":"","ocean_menu_typo_font_weight_mobile":"","ocean_menu_typo_transform":"","ocean_menu_typo_transform_tablet":"","ocean_menu_typo_transform_mobile":"","ocean_menu_typo_line_height":0,"ocean_menu_typo_line_height_tablet":0,"ocean_menu_typo_line_height_mobile":0,"ocean_menu_typo_line_height_unit":"","ocean_menu_typo_spacing":0,"ocean_menu_typo_spacing_tablet":0,"ocean_menu_typo_spacing_mobile":0,"ocean_menu_typo_spacing_unit":"","ocean_menu_link_color":"","ocean_menu_link_color_hover":"","ocean_menu_link_color_active":"","ocean_menu_link_background":"","ocean_menu_link_hover_background":"","ocean_menu_link_active_background":"","ocean_menu_social_links_bg":"","ocean_menu_social_hover_links_bg":"","ocean_menu_social_links_color":"","ocean_menu_social_hover_links_color":"","ocean_disable_title":"default","ocean_disable_heading":"default","ocean_post_title":"","ocean_post_subheading":"","ocean_post_title_style":"","ocean_post_title_background_color":"","ocean_post_title_background":0,"ocean_post_title_bg_image_position":"","ocean_post_title_bg_image_attachment":"","ocean_post_title_bg_image_repeat":"","ocean_post_title_bg_image_size":"","ocean_post_title_height":0,"ocean_post_title_bg_overlay":0.5,"ocean_post_title_bg_overlay_color":"","ocean_disable_breadcrumbs":"default","ocean_breadcrumbs_color":"","ocean_breadcrumbs_separator_color":"","ocean_breadcrumbs_links_color":"","ocean_breadcrumbs_links_hover_color":"","ocean_display_footer_widgets":"default","ocean_display_footer_bottom":"default","ocean_custom_footer_template":"","ocean_post_oembed":"","ocean_post_self_hosted_media":"","ocean_post_video_embed":"","ocean_link_format":"","ocean_link_format_target":"self","ocean_quote_format":"","ocean_quote_format_link":"post","ocean_gallery_link_images":"on","ocean_gallery_id":[]},"categories":[9],"tags":[624,275,2532,344,82],"acf":[],"_links":{"self":[{"href":"https:\/\/www.simepe.com.br\/novo\/wp-json\/wp\/v2\/posts\/47453"}],"collection":[{"href":"https:\/\/www.simepe.com.br\/novo\/wp-json\/wp\/v2\/posts"}],"about":[{"href":"https:\/\/www.simepe.com.br\/novo\/wp-json\/wp\/v2\/types\/post"}],"author":[{"embeddable":true,"href":"https:\/\/www.simepe.com.br\/novo\/wp-json\/wp\/v2\/users\/1"}],"replies":[{"embeddable":true,"href":"https:\/\/www.simepe.com.br\/novo\/wp-json\/wp\/v2\/comments?post=47453"}],"version-history":[{"count":1,"href":"https:\/\/www.simepe.com.br\/novo\/wp-json\/wp\/v2\/posts\/47453\/revisions"}],"predecessor-version":[{"id":47454,"href":"https:\/\/www.simepe.com.br\/novo\/wp-json\/wp\/v2\/posts\/47453\/revisions\/47454"}],"wp:attachment":[{"href":"https:\/\/www.simepe.com.br\/novo\/wp-json\/wp\/v2\/media?parent=47453"}],"wp:term":[{"taxonomy":"category","embeddable":true,"href":"https:\/\/www.simepe.com.br\/novo\/wp-json\/wp\/v2\/categories?post=47453"},{"taxonomy":"post_tag","embeddable":true,"href":"https:\/\/www.simepe.com.br\/novo\/wp-json\/wp\/v2\/tags?post=47453"}],"curies":[{"name":"wp","href":"https:\/\/api.w.org\/{rel}","templated":true}]}}