{"id":47455,"date":"2018-08-03T09:34:42","date_gmt":"2018-08-03T12:34:42","guid":{"rendered":"http:\/\/www.simepe.com.br\/novo\/?p=47455"},"modified":"2018-08-03T09:34:42","modified_gmt":"2018-08-03T12:34:42","slug":"mais-de-544-mil-devem-ser-imunizados-contra-polio-e-sarampo-em-pe","status":"publish","type":"post","link":"https:\/\/www.simepe.com.br\/novo\/mais-de-544-mil-devem-ser-imunizados-contra-polio-e-sarampo-em-pe\/","title":{"rendered":"Mais de 544 mil devem ser imunizados contra p\u00f3lio e sarampo em PE"},"content":{"rendered":"<p style=\"text-align: justify;\">Campanha \u00e9 voltada para meninos e meninas entre 1 e menores de 5 anos<\/p>\n<p style=\"text-align: justify;\">Pernambuco completa 30 anos sem a circula\u00e7\u00e3o da poliomielite em seu territ\u00f3rio, al\u00e9m de 4 anos sem ocorr\u00eancias de sarampo. Para continuar sem registros das doen\u00e7as, a Secretaria Estadual de Sa\u00fade (SES-PE) chama a aten\u00e7\u00e3o da popula\u00e7\u00e3o para a Campanha de Vacina\u00e7\u00e3o contra a Poliomielite e Sarampo, que ocorre a partir desta segunda-feira (6.08) at\u00e9 31 de agosto, com o Dia D em 18 de agosto. A campanha \u00e9 voltada para crian\u00e7as entre 1 ano e menores de 5 anos (4 anos, 11 meses e 29 dias), independente da situa\u00e7\u00e3o vacinal. No Estado, o objetivo \u00e9 imunizar, no m\u00ednimo, 95% dos 544.180 meninos e meninas pernambucanos inclusos na estrat\u00e9gia. Importante destacar que o Dia D da Campanha \u00e9 voltado exclusivamente para as crian\u00e7as da faixa et\u00e1ria atendida pela iniciativa.<\/p>\n<p style=\"text-align: justify;\">No Brasil, h\u00e1 surtos de sarampo confirmados em Estados do Norte, al\u00e9m de casos isolados em localidades do Sul e do Sudeste. Em outros pa\u00edses das Am\u00e9ricas e da Europa tamb\u00e9m se observa a ativa circula\u00e7\u00e3o da doen\u00e7a. J\u00e1 em rela\u00e7\u00e3o \u00e0 poliomielite, Afeganist\u00e3o e Paquist\u00e3o j\u00e1 confirmaram casos neste ano.<\/p>\n<p>\u201cO tr\u00e2nsito de pessoas entre Estados e pa\u00edses intensifica o risco da reintrodu\u00e7\u00e3o desses v\u00edrus em Pernambuco. Al\u00e9m disso, estamos vivenciando um per\u00edodo de baixa cobertura vacinal em todo o Brasil. Precisamos chamar a aten\u00e7\u00e3o do p\u00fablico para a vacina\u00e7\u00e3o, que \u00e9 a melhor maneira de proteger nossa popula\u00e7\u00e3o contra essas e outras enfermidades, muitas delas potencialmente graves. Essa campanha \u00e9 importante para ampliarmos nossas coberturas e continuarmos sem a circula\u00e7\u00e3o do sarampo e da poliomielite em nossas cidades\u201d, afirma a coordenadora do Programa Estadual de Imuniza\u00e7\u00e3o, Ana Catarina de Melo. A coordenadora lembra tamb\u00e9m que diversas reuni\u00f5es foram realizadas com os munic\u00edpios para trein\u00e1-los e para tirar as d\u00favidas sobre a campanha. As cidades ainda foram incentivadas a criarem estrat\u00e9gias para chegar at\u00e9 o p\u00fablico da iniciativa.<\/p>\n<p>Durante a campanha, poder\u00e3o ser aplicadas a vacina inativada da poliomielite (VIP &#8211; injet\u00e1vel) ou a vacina oral da poliomielite (VOP). A injet\u00e1vel deve ser feita em crian\u00e7a sem hist\u00f3rico vacinal. Com uma ou mais doses de qualquer tipo de vacina contra poliomielite, deve ser feita a dose oral. \u201c\u00c9 importante levar a caderneta de vacina\u00e7\u00e3o para avalia\u00e7\u00e3o pelo profissional de sa\u00fade e registro da nova dose\u201d, frisa a coordenadora do Programa Estadual de Imuniza\u00e7\u00e3o.<\/p>\n<p>No caso do sarampo, o imunizante \u00e9 a vacina tr\u00edplice viral, que tamb\u00e9m protege contra caxumba e rub\u00e9ola. \u201cA tr\u00edplice deve ser aplicada em todas as crian\u00e7as com ou sem hist\u00f3rico vacinal, exceto se a \u00faltima dose tenha sido h\u00e1 menos de 30 dias\u201d, pontua Ana Catarina.<\/p>\n<p>Se a crian\u00e7a tomou a tr\u00edplice viral recentemente, a dose da campanha s\u00f3 deve ser feita 30 dias ap\u00f3s esta aplica\u00e7\u00e3o. No momento da campanha, de acordo com as informa\u00e7\u00f5es contidas nas cadernetas de vacina\u00e7\u00e3o, o profissional do servi\u00e7o de sa\u00fade informar\u00e1 aos pais ou respons\u00e1veis da necessidade de refor\u00e7o dessa vacina.<\/p>\n<p><strong>POLIOMIELITE<\/strong> \u2013 Doen\u00e7a infectocontagiosa viral aguda, caracterizada por um quadro de paralisia fl\u00e1cida, de in\u00edcio s\u00fabito. Acomete em geral os membros inferiores, de forma assim\u00e9trica, tendo como principais caracter\u00edsticas a flacidez muscular, com sensibilidade preservada, e falta de reflexo no segmento atingido. A transmiss\u00e3o ocorre por contato direto pessoa a pessoa, pela via fecal-oral (mais frequentemente), por objetos, alimentos e \u00e1gua contaminados com fezes de doentes ou portadores, ou pela via oral-oral, atrav\u00e9s de got\u00edculas de secre\u00e7\u00f5es da orofaringe (ao falar, tossir ou espirrar).<\/p>\n<p>As campanhas de vacina\u00e7\u00e3o contra a poliomielite come\u00e7aram no pa\u00eds em 1980. Em Pernambuco, o \u00faltimo caso foi em 1988, enquanto que no Brasil foi no ano seguinte, na Para\u00edba. A doen\u00e7a permanece end\u00eamica em tr\u00eas pa\u00edses: Nig\u00e9ria, Afeganist\u00e3o e Paquist\u00e3o, com casos confirmados em 2018 apenas nos dois \u00faltimos.<\/p>\n<p style=\"text-align: justify;\">O esquema vacinal do Calend\u00e1rio Nacional de Vacina\u00e7\u00e3o \u00e9 composto por tr\u00eas doses da vacina inativada da poliomielite (VIP), administradas aos dois, quatro e seis meses, sendo necess\u00e1rios dois refor\u00e7os com a vacina oral da poliomielite (VOP) aos 15 meses e aos 4 anos de idade, al\u00e9m das doses ministradas durante as campanhas.<\/p>\n<p>A meta de cobertura vacinal maior ou igual a 95% dever\u00e1 ser alcan\u00e7ada em todos os munic\u00edpios brasileiros, tanto na rotina quanto nas campanhas. Em Pernambuco, em 2017, 82% das crian\u00e7as foram vacinadas. \u201cAs crian\u00e7as precisam completar o esquema para estarem imunizadas. Os meninos e meninas vacinados com a dose oral ainda produzem o que chamamos de \u2018imunidade de rebanho\u2019, j\u00e1 que eles espalham no ambiente o v\u00edrus vacinal, o que ajuda numa imuniza\u00e7\u00e3o coletiva\u201d, frisa Ana Catarina.<\/p>\n<p><strong>Dados da doen\u00e7a<\/strong> \u2013 Os \u00faltimos registros de poliomielite em Pernambuco foram em 1988 (5 casos e 1 \u00f3bito). No ano de 1980 o Estado chegou a ter 111 casos, com 13 \u00f3bitos.<\/p>\n<p><strong>SARAMPO<\/strong> \u2013 Doen\u00e7a infecciosa exantem\u00e1tica aguda, transmiss\u00edvel e extremamente contagiosa, acomete principalmente crian\u00e7as com at\u00e9 cinco anos de vida, podendo evoluir com complica\u00e7\u00f5es e \u00f3bito. A transmiss\u00e3o ocorre de pessoa a pessoa, por meio de secre\u00e7\u00f5es respirat\u00f3rias, no per\u00edodo de quatro a seis dias antes do aparecimento do exantema (mancha avermelhada na pele) at\u00e9 quatro dias ap\u00f3s.<\/p>\n<p style=\"text-align: justify;\">Entre os sintomas da doen\u00e7a: febre alta, acima de 38,5\u00b0C, manchas avermelhadas (exantema) generalizadas pelo corpo, tosse, coriza, conjuntivite e manchas de Koplik (pequenos pontos brancos que aparecem na mucosa bucal, antecedendo ao exantema). As complica\u00e7\u00f5es mais comuns s\u00e3o pneumonia, otite, doen\u00e7as diarreicas e neurol\u00f3gicas.<\/p>\n<p>Para evitar o sarampo, a indica\u00e7\u00e3o, \u00e9 utilizar a vacina tr\u00edplice viral, que ainda protege contra a rub\u00e9ola e a caxumba. Na rotina, a tr\u00edplice deve ser aplicada em crian\u00e7as com 12 meses, com um refor\u00e7o aos 15 meses com a tetra viral (sarampo, caxumba, rub\u00e9ola e varicela). Para crian\u00e7as acima de 2 anos e jovens e adultos at\u00e9 os 29 anos, n\u00e3o vacinados anteriormente ou que n\u00e3o se lembram, devem ser feitas 2 doses da tr\u00edplice viral, com intervalo de 30 dias entre elas. Adultos entre 30 e 49 anos (n\u00e3o imunizados ou que n\u00e3o lembram) devem tomar uma dose da tr\u00edplice. Profissionais de sa\u00fade n\u00e3o vacinados devem tomar duas doses com a vacina tr\u00edplice viral, independente da idade. Essas doses s\u00e3o disponibilizadas durante todo o ano nos postos de vacina\u00e7\u00e3o de todos os munic\u00edpios de PE.<\/p>\n<p>Em Pernambuco, em 2017, 99% das crian\u00e7as de 1 ano tomaram a primeira dose da vacina tr\u00edplice viral. Contudo, apenas 69% fizeram a segunda dose, completando o esquema. A meta m\u00ednima para prevenir a circula\u00e7\u00e3o da doen\u00e7a \u00e9 de 95%.<\/p>\n<p><strong>Dados da doen\u00e7a<\/strong> \u2013 Em Pernambuco, foram confirmados 199 casos de sarampo em 2013 e 27 em 2014, al\u00e9m de 1 caso importado em 2012. Anteriormente, o \u00faltimo registro tinha sido em 1999, com 240 casos. Em 2018, n\u00e3o h\u00e1 nenhuma confirma\u00e7\u00e3o.<\/p>\n<p>Outras doen\u00e7as protegidas pela Tr\u00edplice Viral<\/p>\n<p><strong>RUB\u00c9OLA<\/strong> \u2013 Doen\u00e7a exantem\u00e1tica aguda de curso benigno. Sua transmiss\u00e3o ocorre atrav\u00e9s de contato com as secre\u00e7\u00f5es nasofar\u00edngeas de pessoas infectadas. A transmiss\u00e3o indireta, mesmo sendo pouco frequente, ocorre mediante contato com objetos contaminados com secre\u00e7\u00f5es nasofaringeanas, sangue e urina.<\/p>\n<p>O quadro cl\u00ednico \u00e9 caracterizado por manchas avermelhadas na pele, iniciando-se na face, couro cabeludo e pesco\u00e7o, espalhando-se posteriormente para o tronco e membros. Al\u00e9m disso, apresenta febre baixa e linfadenopatia (condi\u00e7\u00e3o em que os n\u00f3dulos linf\u00e1ticos ficam com tamanho, consist\u00eancia ou n\u00famero anormais, geralmente incha\u00e7o), geralmente antecedendo ao exantema no per\u00edodo de 5 a 10 dias, podendo perdurar por algumas semanas.<\/p>\n<p>A import\u00e2ncia epidemiol\u00f3gica da rub\u00e9ola est\u00e1 relacionada ao risco da doen\u00e7a durante a gesta\u00e7\u00e3o, o que pode acarretar abortos, natimortos, e malforma\u00e7\u00f5es cong\u00eanitas, como cardiopatias, catarata e surdez.<\/p>\n<p><strong>Dados da doen\u00e7a<\/strong> \u2013 Os \u00faltimos casos de rub\u00e9ola em Pernambuco foram em 2008 (7 confirma\u00e7\u00f5es). Em 2007, foram 51 casos. No ano 2000, foram mais de 1,5 mil.<\/p>\n<p><strong>CAXUMBA<\/strong> \u2013 Doen\u00e7a viral aguda caracterizada por febre e aumento das gl\u00e2ndulas salivares, podendo ser acompanhada por dor muscular, anorexia, dor de cabe\u00e7a, mal-estar, dor \u00e0 mastiga\u00e7\u00e3o e dificuldade de degluti\u00e7\u00e3o. Aproximadamente 1\/3 das infec\u00e7\u00f5es podem n\u00e3o apresentar aumento, clinicamente aparente, dessas gl\u00e2ndulas. O diagn\u00f3stico \u00e9 cl\u00ednico e n\u00e3o h\u00e1 tratamento espec\u00edfico, indicando-se apenas repouso, analgesia e observa\u00e7\u00e3o para surgimento de complica\u00e7\u00f5es.<\/p>\n<p style=\"text-align: justify;\">Desde 2015, uma altera\u00e7\u00e3o no padr\u00e3o de circula\u00e7\u00e3o da caxumba se apresenta em diferentes regi\u00f5es do pa\u00eds, observando-se aumento na ocorr\u00eancia de surtos inicialmente na regi\u00e3o Sul e Sudeste e, posteriormente, no Centro-oeste e Nordeste do pa\u00eds. Em Pernambuco, o registro de surtos teve in\u00edcio em 2016. Os surtos significam o surgimento de v\u00e1rias pessoas doentes em uma mesma localidade. Em 2016, foram notificados 97 surtos, com 855 casos. Em 2017 foram 41 surtos e 467 casos.<\/p>\n<p style=\"text-align: justify;\">\n<p style=\"text-align: justify;\">Fonte: Diario de Pernambuco<\/p>\n","protected":false},"excerpt":{"rendered":"<p>Campanha \u00e9 voltada para meninos e meninas entre 1 e menores de 5 anos Pernambuco completa 30 anos sem a circula\u00e7\u00e3o da poliomielite em seu territ\u00f3rio, al\u00e9m de 4 anos sem ocorr\u00eancias de sarampo. Para continuar sem registros das doen\u00e7as, a Secretaria Estadual de Sa\u00fade (SES-PE) chama a aten\u00e7\u00e3o da popula\u00e7\u00e3o para a Campanha de [&hellip;]<\/p>\n","protected":false},"author":1,"featured_media":0,"comment_status":"open","ping_status":"open","sticky":false,"template":"","format":"standard","meta":{"ocean_post_layout":"","ocean_both_sidebars_style":"","ocean_both_sidebars_content_width":0,"ocean_both_sidebars_sidebars_width":0,"ocean_sidebar":"","ocean_second_sidebar":"","ocean_disable_margins":"enable","ocean_add_body_class":"","ocean_shortcode_before_top_bar":"","ocean_shortcode_after_top_bar":"","ocean_shortcode_before_header":"","ocean_shortcode_after_header":"","ocean_has_shortcode":"","ocean_shortcode_after_title":"","ocean_shortcode_before_footer_widgets":"","ocean_shortcode_after_footer_widgets":"","ocean_shortcode_before_footer_bottom":"","ocean_shortcode_after_footer_bottom":"","ocean_display_top_bar":"default","ocean_display_header":"default","ocean_header_style":"","ocean_center_header_left_menu":"","ocean_custom_header_template":"","ocean_custom_logo":0,"ocean_custom_retina_logo":0,"ocean_custom_logo_max_width":0,"ocean_custom_logo_tablet_max_width":0,"ocean_custom_logo_mobile_max_width":0,"ocean_custom_logo_max_height":0,"ocean_custom_logo_tablet_max_height":0,"ocean_custom_logo_mobile_max_height":0,"ocean_header_custom_menu":"","ocean_menu_typo_font_family":"","ocean_menu_typo_font_subset":"","ocean_menu_typo_font_size":0,"ocean_menu_typo_font_size_tablet":0,"ocean_menu_typo_font_size_mobile":0,"ocean_menu_typo_font_size_unit":"px","ocean_menu_typo_font_weight":"","ocean_menu_typo_font_weight_tablet":"","ocean_menu_typo_font_weight_mobile":"","ocean_menu_typo_transform":"","ocean_menu_typo_transform_tablet":"","ocean_menu_typo_transform_mobile":"","ocean_menu_typo_line_height":0,"ocean_menu_typo_line_height_tablet":0,"ocean_menu_typo_line_height_mobile":0,"ocean_menu_typo_line_height_unit":"","ocean_menu_typo_spacing":0,"ocean_menu_typo_spacing_tablet":0,"ocean_menu_typo_spacing_mobile":0,"ocean_menu_typo_spacing_unit":"","ocean_menu_link_color":"","ocean_menu_link_color_hover":"","ocean_menu_link_color_active":"","ocean_menu_link_background":"","ocean_menu_link_hover_background":"","ocean_menu_link_active_background":"","ocean_menu_social_links_bg":"","ocean_menu_social_hover_links_bg":"","ocean_menu_social_links_color":"","ocean_menu_social_hover_links_color":"","ocean_disable_title":"default","ocean_disable_heading":"default","ocean_post_title":"","ocean_post_subheading":"","ocean_post_title_style":"","ocean_post_title_background_color":"","ocean_post_title_background":0,"ocean_post_title_bg_image_position":"","ocean_post_title_bg_image_attachment":"","ocean_post_title_bg_image_repeat":"","ocean_post_title_bg_image_size":"","ocean_post_title_height":0,"ocean_post_title_bg_overlay":0.5,"ocean_post_title_bg_overlay_color":"","ocean_disable_breadcrumbs":"default","ocean_breadcrumbs_color":"","ocean_breadcrumbs_separator_color":"","ocean_breadcrumbs_links_color":"","ocean_breadcrumbs_links_hover_color":"","ocean_display_footer_widgets":"default","ocean_display_footer_bottom":"default","ocean_custom_footer_template":"","ocean_post_oembed":"","ocean_post_self_hosted_media":"","ocean_post_video_embed":"","ocean_link_format":"","ocean_link_format_target":"self","ocean_quote_format":"","ocean_quote_format_link":"post","ocean_gallery_link_images":"on","ocean_gallery_id":[]},"categories":[9],"tags":[1725,1283,82,467],"acf":[],"_links":{"self":[{"href":"https:\/\/www.simepe.com.br\/novo\/wp-json\/wp\/v2\/posts\/47455"}],"collection":[{"href":"https:\/\/www.simepe.com.br\/novo\/wp-json\/wp\/v2\/posts"}],"about":[{"href":"https:\/\/www.simepe.com.br\/novo\/wp-json\/wp\/v2\/types\/post"}],"author":[{"embeddable":true,"href":"https:\/\/www.simepe.com.br\/novo\/wp-json\/wp\/v2\/users\/1"}],"replies":[{"embeddable":true,"href":"https:\/\/www.simepe.com.br\/novo\/wp-json\/wp\/v2\/comments?post=47455"}],"version-history":[{"count":1,"href":"https:\/\/www.simepe.com.br\/novo\/wp-json\/wp\/v2\/posts\/47455\/revisions"}],"predecessor-version":[{"id":47456,"href":"https:\/\/www.simepe.com.br\/novo\/wp-json\/wp\/v2\/posts\/47455\/revisions\/47456"}],"wp:attachment":[{"href":"https:\/\/www.simepe.com.br\/novo\/wp-json\/wp\/v2\/media?parent=47455"}],"wp:term":[{"taxonomy":"category","embeddable":true,"href":"https:\/\/www.simepe.com.br\/novo\/wp-json\/wp\/v2\/categories?post=47455"},{"taxonomy":"post_tag","embeddable":true,"href":"https:\/\/www.simepe.com.br\/novo\/wp-json\/wp\/v2\/tags?post=47455"}],"curies":[{"name":"wp","href":"https:\/\/api.w.org\/{rel}","templated":true}]}}