{"id":47459,"date":"2018-08-03T09:43:44","date_gmt":"2018-08-03T12:43:44","guid":{"rendered":"http:\/\/www.simepe.com.br\/novo\/?p=47459"},"modified":"2018-08-03T09:43:44","modified_gmt":"2018-08-03T12:43:44","slug":"idosa-espera-mais-de-12-horas-por-ambulancia-em-hospital-publico-da-rmr","status":"publish","type":"post","link":"https:\/\/www.simepe.com.br\/novo\/idosa-espera-mais-de-12-horas-por-ambulancia-em-hospital-publico-da-rmr\/","title":{"rendered":"Idosa espera mais de 12 horas por ambul\u00e2ncia em hospital p\u00fablico da RMR"},"content":{"rendered":"<p style=\"text-align: justify;\">Edileuza Maria Nunes S\u00e1, 75 anos, deveria ser transferida do Hospital Municipal de Camaragibe ao Hospital Nossa Senhora do \u00d3, no Paulista<\/p>\n<p style=\"text-align: justify;\"><img src=\"http:\/\/imgsapp.diariodepernambuco.com.br\/app\/noticia_127983242361\/2018\/08\/02\/759070\/20180802211046995936e.jpeg\" alt=\"Foto: Cortesia\/WhatsApp\" \/><\/p>\n<p style=\"text-align: justify;\">A dona de casa Edileuza Maria Nunes S\u00e1, de 75 anos, m\u00e3e de quatro filhos, est\u00e1 enfrentando a dura realidade de quem precisa do servi\u00e7o p\u00fablico de sa\u00fade na Regi\u00e3o Metropolitana do Recife. Na noite dessa quarta-feira (1), uma de suas filhas, Adriana Maria, 24, ao perceber que a m\u00e3e apresentava um forte mal estar, decidiu lev\u00e1-la at\u00e9 o Hospital Municipal de Camaragibe. Chegando l\u00e1, ap\u00f3s detectarem um edema pulmonar agudo em Edileuza, que tamb\u00e9m sofre de diabetes e press\u00e3o alta, os profissionais de sa\u00fade decidiram induz\u00ed-la ao coma para que a doen\u00e7a n\u00e3o se agravasse. A partir da\u00ed, iniciou a batalha da jovem para que sua m\u00e3e pudesse receber os cuidados necess\u00e1rios.<\/p>\n<p style=\"text-align: justify;\">No primeiro momento, ela recebeu a not\u00edcia de que a m\u00e3e teria que ser transferida, visto que o Hospital n\u00e3o possu\u00eda estrutura para a gravidade da doen\u00e7a. &#8220;Os profissionais informaram que n\u00e3o havia leito dispon\u00edvel para a minha m\u00e3e&#8221;, disse. Foram longas horas de espera e ora\u00e7\u00f5es, entre a quarta e a quinta-feira para que fosse disponibilizada alguma vaga em qualquer hospital. &#8220;Choramos a noite inteira. \u00c9 triste ver minha m\u00e3e daquele jeito e mais triste ainda, se deparar com v\u00e1rias hist\u00f3rias parecidas ou at\u00e9 pior que a minha&#8221;.<\/p>\n<p style=\"text-align: justify;\">Na manh\u00e3 da quinta-feira, souberam que uma vaga foi disponibilizada para Edileuza no Hospital Nossa Senhora do \u00d3, no Paulista, tamb\u00e9m na RMR. Contudo, agora faltava a ambul\u00e2ncia para transportar a m\u00e3e de Adriana. Segundo informa\u00e7\u00f5es repassadas \u00e0 fam\u00edlia pela unidade hospitalar, por falta de pagamento, o servi\u00e7o de ambul\u00e2ncia foi suspendido, cabendo ao estado terceirizar o servi\u00e7o. &#8220;O medo da gente \u00e9 que a nossa m\u00e3e tivesse uma parada card\u00edaca e n\u00e3o fosse atendida por falta de estrutura do hospital&#8221;. Desesperada, Adriana foi at\u00e9 o Minist\u00e9rio P\u00fablico de Camaragibe para tentar resolver a situa\u00e7\u00e3o. L\u00e1, eles explicaram que o processo estava em tr\u00e2mite. Enquanto isso, o irm\u00e3o de Adriana, se direcionava at\u00e9 a Defensoria P\u00fablica para ter algum direcionamento, mas sem sucesso.<\/p>\n<p style=\"text-align: justify;\"><img src=\"http:\/\/imgsapp.diariodepernambuco.com.br\/app\/noticia_127983242361\/2018\/08\/02\/759070\/20180802211258947414e.jpeg\" alt=\"Laudo m\u00c3\u00a9dico de Edileuza, emitido pelo Hospital Municipal de Camaragibe. Foto: WhatsApp\/Cortesia \" \/><\/p>\n<p style=\"text-align: justify;\">Adriana relata que logo cedo, uma m\u00e9dica plantonista se recusou a atender os pacientes devido aos problemas estruturais. &#8220;Ela disse que enquanto n\u00e3o chegasse ambul\u00e2ncia, n\u00e3o iria atender ningu\u00e9m. Houve um momento em que um senhor, aparentando ter uns setenta anos, foi deslocado sob p\u00e9ssimas condi\u00e7\u00f5es para o Procape&#8221;, relatou.<\/p>\n<p style=\"text-align: justify;\">\u00c0s 20h10 desta quinta-feira, uma enfermeira disse que no prazo de trinta minutos a ambul\u00e2ncia chegaria para levar a dona de casa. Contudo, at\u00e9 o fechamento desta mat\u00e9ria, dona Edileuza continua dormindo, esperando ter o direito b\u00e1sico da sa\u00fade ser atendido. &#8220;\u00c9 triste ver que n\u00f3s pagamos tantos impostos e precisamos nos humilhar dessa forma para ter a m\u00ednima condi\u00e7\u00e3o de atendimento. Se n\u00f3s que fomos procurar os \u00f3rg\u00e3os competentes n\u00e3o fomos atendidos, quem dir\u00e1 as pessoas sem instru\u00e7\u00e3o? \u00c9 uma calamidade&#8221;, disse Adriana.<\/p>\n<p style=\"text-align: justify;\">\n<strong>Confira a nota enviada pela prefeitura Municipal de Camaragibe<\/strong><\/p>\n<p style=\"text-align: justify;\"><em>&#8220;A Prefeitura Municipal de Camaragibe, por meio da Secretaria de Sa\u00fade, informa que o munic\u00edpio depende da regula\u00e7\u00e3o do Governo do Estado. Entretanto, para que os pacientes da cidade tenham um servi\u00e7o humanizado, sem depender de \u00f3rg\u00e3os externos, a Prefeitura Municipal de Camaragibe possui contrato de ambul\u00e2ncia para que o atendimento seja realizado de forma mais r\u00e1pida. Sendo assim, ressaltamos que o munic\u00edpio j\u00e1 alugou o servi\u00e7o de ambul\u00e2ncia com recurso pr\u00f3prio, afim de que a senhora Edileuza Maria Nunes S\u00e1 n\u00e3o precise depender da libera\u00e7\u00e3o das macas retidas pelo estado para ser transportada&#8221;.<\/em><\/p>\n<p style=\"text-align: justify;\">\n<p style=\"text-align: justify;\">Fonte: Diario de Pernambuco<\/p>\n","protected":false},"excerpt":{"rendered":"<p>Edileuza Maria Nunes S\u00e1, 75 anos, deveria ser transferida do Hospital Municipal de Camaragibe ao Hospital Nossa Senhora do \u00d3, no Paulista A dona de casa Edileuza Maria Nunes S\u00e1, de 75 anos, m\u00e3e de quatro filhos, est\u00e1 enfrentando a dura realidade de quem precisa do servi\u00e7o p\u00fablico de sa\u00fade na Regi\u00e3o Metropolitana do Recife. [&hellip;]<\/p>\n","protected":false},"author":1,"featured_media":0,"comment_status":"open","ping_status":"open","sticky":false,"template":"","format":"standard","meta":{"ocean_post_layout":"","ocean_both_sidebars_style":"","ocean_both_sidebars_content_width":0,"ocean_both_sidebars_sidebars_width":0,"ocean_sidebar":"","ocean_second_sidebar":"","ocean_disable_margins":"enable","ocean_add_body_class":"","ocean_shortcode_before_top_bar":"","ocean_shortcode_after_top_bar":"","ocean_shortcode_before_header":"","ocean_shortcode_after_header":"","ocean_has_shortcode":"","ocean_shortcode_after_title":"","ocean_shortcode_before_footer_widgets":"","ocean_shortcode_after_footer_widgets":"","ocean_shortcode_before_footer_bottom":"","ocean_shortcode_after_footer_bottom":"","ocean_display_top_bar":"default","ocean_display_header":"default","ocean_header_style":"","ocean_center_header_left_menu":"","ocean_custom_header_template":"","ocean_custom_logo":0,"ocean_custom_retina_logo":0,"ocean_custom_logo_max_width":0,"ocean_custom_logo_tablet_max_width":0,"ocean_custom_logo_mobile_max_width":0,"ocean_custom_logo_max_height":0,"ocean_custom_logo_tablet_max_height":0,"ocean_custom_logo_mobile_max_height":0,"ocean_header_custom_menu":"","ocean_menu_typo_font_family":"","ocean_menu_typo_font_subset":"","ocean_menu_typo_font_size":0,"ocean_menu_typo_font_size_tablet":0,"ocean_menu_typo_font_size_mobile":0,"ocean_menu_typo_font_size_unit":"px","ocean_menu_typo_font_weight":"","ocean_menu_typo_font_weight_tablet":"","ocean_menu_typo_font_weight_mobile":"","ocean_menu_typo_transform":"","ocean_menu_typo_transform_tablet":"","ocean_menu_typo_transform_mobile":"","ocean_menu_typo_line_height":0,"ocean_menu_typo_line_height_tablet":0,"ocean_menu_typo_line_height_mobile":0,"ocean_menu_typo_line_height_unit":"","ocean_menu_typo_spacing":0,"ocean_menu_typo_spacing_tablet":0,"ocean_menu_typo_spacing_mobile":0,"ocean_menu_typo_spacing_unit":"","ocean_menu_link_color":"","ocean_menu_link_color_hover":"","ocean_menu_link_color_active":"","ocean_menu_link_background":"","ocean_menu_link_hover_background":"","ocean_menu_link_active_background":"","ocean_menu_social_links_bg":"","ocean_menu_social_hover_links_bg":"","ocean_menu_social_links_color":"","ocean_menu_social_hover_links_color":"","ocean_disable_title":"default","ocean_disable_heading":"default","ocean_post_title":"","ocean_post_subheading":"","ocean_post_title_style":"","ocean_post_title_background_color":"","ocean_post_title_background":0,"ocean_post_title_bg_image_position":"","ocean_post_title_bg_image_attachment":"","ocean_post_title_bg_image_repeat":"","ocean_post_title_bg_image_size":"","ocean_post_title_height":0,"ocean_post_title_bg_overlay":0.5,"ocean_post_title_bg_overlay_color":"","ocean_disable_breadcrumbs":"default","ocean_breadcrumbs_color":"","ocean_breadcrumbs_separator_color":"","ocean_breadcrumbs_links_color":"","ocean_breadcrumbs_links_hover_color":"","ocean_display_footer_widgets":"default","ocean_display_footer_bottom":"default","ocean_custom_footer_template":"","ocean_post_oembed":"","ocean_post_self_hosted_media":"","ocean_post_video_embed":"","ocean_link_format":"","ocean_link_format_target":"self","ocean_quote_format":"","ocean_quote_format_link":"post","ocean_gallery_link_images":"on","ocean_gallery_id":[]},"categories":[9],"tags":[422,163,82,34],"acf":[],"_links":{"self":[{"href":"https:\/\/www.simepe.com.br\/novo\/wp-json\/wp\/v2\/posts\/47459"}],"collection":[{"href":"https:\/\/www.simepe.com.br\/novo\/wp-json\/wp\/v2\/posts"}],"about":[{"href":"https:\/\/www.simepe.com.br\/novo\/wp-json\/wp\/v2\/types\/post"}],"author":[{"embeddable":true,"href":"https:\/\/www.simepe.com.br\/novo\/wp-json\/wp\/v2\/users\/1"}],"replies":[{"embeddable":true,"href":"https:\/\/www.simepe.com.br\/novo\/wp-json\/wp\/v2\/comments?post=47459"}],"version-history":[{"count":1,"href":"https:\/\/www.simepe.com.br\/novo\/wp-json\/wp\/v2\/posts\/47459\/revisions"}],"predecessor-version":[{"id":47460,"href":"https:\/\/www.simepe.com.br\/novo\/wp-json\/wp\/v2\/posts\/47459\/revisions\/47460"}],"wp:attachment":[{"href":"https:\/\/www.simepe.com.br\/novo\/wp-json\/wp\/v2\/media?parent=47459"}],"wp:term":[{"taxonomy":"category","embeddable":true,"href":"https:\/\/www.simepe.com.br\/novo\/wp-json\/wp\/v2\/categories?post=47459"},{"taxonomy":"post_tag","embeddable":true,"href":"https:\/\/www.simepe.com.br\/novo\/wp-json\/wp\/v2\/tags?post=47459"}],"curies":[{"name":"wp","href":"https:\/\/api.w.org\/{rel}","templated":true}]}}