{"id":47466,"date":"2018-08-03T09:55:26","date_gmt":"2018-08-03T12:55:26","guid":{"rendered":"http:\/\/www.simepe.com.br\/novo\/?p=47466"},"modified":"2018-08-03T09:55:26","modified_gmt":"2018-08-03T12:55:26","slug":"brasil-ja-tem-mais-de-mil-casos-de-sarampo-em-2018-segundo-ministerio-da-saude","status":"publish","type":"post","link":"https:\/\/www.simepe.com.br\/novo\/brasil-ja-tem-mais-de-mil-casos-de-sarampo-em-2018-segundo-ministerio-da-saude\/","title":{"rendered":"Brasil j\u00e1 tem mais de mil casos de sarampo em 2018, segundo Minist\u00e9rio da Sa\u00fade"},"content":{"rendered":"<p style=\"text-align: justify;\">Amazonas e Roraima s\u00e3o os estados mais afetados. N\u00famero de casos em investiga\u00e7\u00e3o no Amazonas passa de 4 mil.<\/p>\n<p style=\"text-align: justify;\">O Brasil j\u00e1 tem mais de mil casos confirmados de sarampo em 2018. O n\u00famero foi atualizado pelo Minist\u00e9rio da Sa\u00fade na quarta-feira (1\u00ba). S\u00e3o 1053 casos confirmados at\u00e9 o dia 1\u00ba de agosto, um aumento de 232 casos desde o dia 17 de julho.<\/p>\n<p style=\"text-align: justify;\">Desde 1999, o Brasil n\u00e3o registrava n\u00famero t\u00e3o alto de casos confirmados em um \u00fanico ano. Na \u00e9poca, foram 908 casos de sarampo no pa\u00eds.<\/p>\n<p style=\"text-align: justify;\">Segundo o Minist\u00e9rio, desde 2001 n\u00e3o h\u00e1 registros de transmiss\u00e3o aut\u00f3ctone (quando ela ocorre dentro do territ\u00f3rio). Entre 2013 e 2015, houve surtos de casos importados, sendo a maioria nos estados de Pernambuco e no Cear\u00e1. Foram registrados 1.310 casos da doen\u00e7a no per\u00edodo de tr\u00eas anos.<\/p>\n<p style=\"text-align: justify;\"><strong>Surto no AM e RR<\/strong><br \/>\nAtualmente, o pa\u00eds enfrenta dois surtos de sarampo no Amazonas e em Roraima e em ambos os casos os surtos est\u00e3o relacionados \u00e0 importa\u00e7\u00e3o do v\u00edrus. Estes estados concentram 97% dos casos confirmados em 2018.<\/p>\n<p style=\"text-align: justify;\">&#8220;Isso ficou comprovado pelo gen\u00f3tipo do v\u00edrus (D8) que foi identificado, que \u00e9 o mesmo que circula na Venezuela&#8221;, diz o Minist\u00e9rio. O n\u00famero de casos que ainda est\u00e3o sendo investigados no Amazonas chama aten\u00e7\u00e3o: 4.470. Enquanto em Roraima, 106 casos s\u00e3o analisados.<\/p>\n<p style=\"text-align: justify;\">\nOutros 5 estados brasileiros tamb\u00e9m registraram casos da doen\u00e7a. Rio de Janeiro teve 14 casos confirmados e no Rio Grande do Sul foram 13. Segundo o Minist\u00e9rio, estes casos tamb\u00e9m est\u00e3o relacionados \u00e0 importa\u00e7\u00e3o do v\u00edrus.<\/p>\n<p style=\"text-align: justify;\">Em 2016, o pa\u00eds ganhou certificado de elimina\u00e7\u00e3o do sarampo pela Organiza\u00e7\u00e3o Pan-Americana de Sa\u00fade. Segundo o Minist\u00e9rio da Sa\u00fade, o pa\u00eds luta para manter este certificado.<\/p>\n<p style=\"text-align: justify;\">&#8220;Em 2016, o Brasil recebeu da Organiza\u00e7\u00e3o Pan-Americana da Sa\u00fade o certificado de elimina\u00e7\u00e3o da circula\u00e7\u00e3o do v\u00edrus do sarampo, e atualmente empreende esfor\u00e7os para manter o certificado, interromper a transmiss\u00e3o dos surtos e impedir que se estabele\u00e7a a transmiss\u00e3o sustentada. Para ser considerada transmiss\u00e3o sustentada, seria preciso a ocorr\u00eancia do mesmo surto por mais de 12 meses&#8221;, diz a nota.<\/p>\n<p class=\"mc-column show-table__title\" style=\"text-align: justify;\"><strong>Casos de sarampo no Brasil em 2018<\/strong><\/p>\n<div class=\"show-table__centralized\" style=\"text-align: justify;\">\n<div class=\"show-table__container\">\n<table class=\"show-table__content\n show-table__content--highlight-top        \"><\/p>\n<tbody>\n<tr>\n<td>Estado<\/td>\n<td>N\u00ba de casos<\/td>\n<\/tr>\n<tr>\n<td>Amazonas<\/td>\n<td>742<\/td>\n<\/tr>\n<tr>\n<td>Roraima<\/td>\n<td>280<\/td>\n<\/tr>\n<tr>\n<td>Rio de Janeiro<\/td>\n<td>14<\/td>\n<\/tr>\n<tr>\n<td>Rio Grande do Sul<\/td>\n<td>13<\/td>\n<\/tr>\n<tr>\n<td>Par\u00e1<\/td>\n<td>2<\/td>\n<\/tr>\n<tr>\n<td>S\u00e3o Paulo<\/td>\n<td>1<\/td>\n<\/tr>\n<tr>\n<td>Rond\u00f4nia<\/td>\n<td>1<\/td>\n<\/tr>\n<\/tbody>\n<\/table>\n<\/div>\n<div class=\"show-table__footer\">\n<div class=\"show-table__source\">Fonte: Minist\u00e9rio da Sa\u00fade<\/div>\n<\/div>\n<\/div>\n<div class=\"show-table__source\" style=\"text-align: justify;\"><\/div>\n<div class=\"show-table__source\" style=\"text-align: justify;\"><strong>Campanha de vacina\u00e7\u00e3o<\/strong><br \/>\nO Minist\u00e9rio lan\u00e7ou a campanha de vacina\u00e7\u00e3o de 2018 e tem o objetivo de imunizar mais de 11 milh\u00f5es de crian\u00e7as contra o sarampo e a poliomelite. A meta \u00e9 chegar a pelo menos 95% delas.<\/p>\n<p>A partir do dia 6 de agosto, crian\u00e7as entre 1 e 5 anos podem ir ao posto de sa\u00fade receber vacina contra a poliomielite e o sarampo mesmo se j\u00e1 tomaram o imunizante anteriormente (desde que n\u00e3o nos \u00faltimos 30 dias).<\/p>\n<p>Esse tipo de campanha de refor\u00e7o, informa o Minist\u00e9rio da Sa\u00fade, acontece de quatro em quatro anos e j\u00e1 estava prevista no or\u00e7amento da pasta. Esse ano, no entanto, a campanha \u00e9 ainda mais importante dada \u00e0 volta da circula\u00e7\u00e3o do sarampo no territ\u00f3rio brasileiro e a amea\u00e7a da poliomielite.<\/p>\n<p><strong>Sarampo no mundo<\/strong><br \/>\nA Organiza\u00e7\u00e3o Mundial da Sa\u00fade divulgou uma alta no n\u00famero de casos da doen\u00e7a em todo o mundo. A baixa cobertura vacinal em alguns pa\u00edses, como o Brasil, contribuiu para volta da doen\u00e7a &#8211; foram 173.330 casos no planeta em 2017, um aumento de 41 mil casos em apenas um ano.<\/p>\n<p>Globalmente, 85% das crian\u00e7as foram vacinadas com a primeira dose da vacina contra o sarampo no primeiro ano de vida, atrav\u00e9s dos servi\u00e7os de sa\u00fade de rotina e 67% com uma segunda dose.<\/p>\n<p>Apesar disso, segundo o relat\u00f3rio da OMS, os n\u00edveis de cobertura permanecem bem aqu\u00e9m da cobertura de imuniza\u00e7\u00e3o contra o sarampo recomendada pela organiza\u00e7\u00e3o, que \u00e9 de pelo menos 95% para evitar surtos, evitar mortes evit\u00e1veis \u200b\u200be alcan\u00e7ar metas de elimina\u00e7\u00e3o regional.<\/p>\n<\/div>\n<div class=\"show-table__source\"><img src=\"https:\/\/s2.glbimg.com\/JAXDyEgVq--rMAaWoEOVQXCFyGU=\/0x0:1600x2919\/984x0\/smart\/filters:strip_icc()\/i.s3.glbimg.com\/v1\/AUTH_59edd422c0c84a879bd37670ae4f538a\/internal_photos\/bs\/2018\/J\/x\/GmMRC5SOeWyikbbzcPAg\/sarampo.jpg\" alt=\"Entenda o que \u00c3\u00a9 sarampo, quais os sintomas, como \u00c3\u00a9 o tratamento e quem deve se vacinar (Foto: Infografia: Karina Almeida\/G1)\" \/><\/div>\n<div class=\"show-table__source\"><\/div>\n<div class=\"show-table__source\">Fonte: G1<\/div>\n","protected":false},"excerpt":{"rendered":"<p>Amazonas e Roraima s\u00e3o os estados mais afetados. N\u00famero de casos em investiga\u00e7\u00e3o no Amazonas passa de 4 mil. O Brasil j\u00e1 tem mais de mil casos confirmados de sarampo em 2018. O n\u00famero foi atualizado pelo Minist\u00e9rio da Sa\u00fade na quarta-feira (1\u00ba). S\u00e3o 1053 casos confirmados at\u00e9 o dia 1\u00ba de agosto, um aumento [&hellip;]<\/p>\n","protected":false},"author":1,"featured_media":47467,"comment_status":"open","ping_status":"open","sticky":false,"template":"","format":"standard","meta":{"ocean_post_layout":"","ocean_both_sidebars_style":"","ocean_both_sidebars_content_width":0,"ocean_both_sidebars_sidebars_width":0,"ocean_sidebar":"","ocean_second_sidebar":"","ocean_disable_margins":"enable","ocean_add_body_class":"","ocean_shortcode_before_top_bar":"","ocean_shortcode_after_top_bar":"","ocean_shortcode_before_header":"","ocean_shortcode_after_header":"","ocean_has_shortcode":"","ocean_shortcode_after_title":"","ocean_shortcode_before_footer_widgets":"","ocean_shortcode_after_footer_widgets":"","ocean_shortcode_before_footer_bottom":"","ocean_shortcode_after_footer_bottom":"","ocean_display_top_bar":"default","ocean_display_header":"default","ocean_header_style":"","ocean_center_header_left_menu":"","ocean_custom_header_template":"","ocean_custom_logo":0,"ocean_custom_retina_logo":0,"ocean_custom_logo_max_width":0,"ocean_custom_logo_tablet_max_width":0,"ocean_custom_logo_mobile_max_width":0,"ocean_custom_logo_max_height":0,"ocean_custom_logo_tablet_max_height":0,"ocean_custom_logo_mobile_max_height":0,"ocean_header_custom_menu":"","ocean_menu_typo_font_family":"","ocean_menu_typo_font_subset":"","ocean_menu_typo_font_size":0,"ocean_menu_typo_font_size_tablet":0,"ocean_menu_typo_font_size_mobile":0,"ocean_menu_typo_font_size_unit":"px","ocean_menu_typo_font_weight":"","ocean_menu_typo_font_weight_tablet":"","ocean_menu_typo_font_weight_mobile":"","ocean_menu_typo_transform":"","ocean_menu_typo_transform_tablet":"","ocean_menu_typo_transform_mobile":"","ocean_menu_typo_line_height":0,"ocean_menu_typo_line_height_tablet":0,"ocean_menu_typo_line_height_mobile":0,"ocean_menu_typo_line_height_unit":"","ocean_menu_typo_spacing":0,"ocean_menu_typo_spacing_tablet":0,"ocean_menu_typo_spacing_mobile":0,"ocean_menu_typo_spacing_unit":"","ocean_menu_link_color":"","ocean_menu_link_color_hover":"","ocean_menu_link_color_active":"","ocean_menu_link_background":"","ocean_menu_link_hover_background":"","ocean_menu_link_active_background":"","ocean_menu_social_links_bg":"","ocean_menu_social_hover_links_bg":"","ocean_menu_social_links_color":"","ocean_menu_social_hover_links_color":"","ocean_disable_title":"default","ocean_disable_heading":"default","ocean_post_title":"","ocean_post_subheading":"","ocean_post_title_style":"","ocean_post_title_background_color":"","ocean_post_title_background":0,"ocean_post_title_bg_image_position":"","ocean_post_title_bg_image_attachment":"","ocean_post_title_bg_image_repeat":"","ocean_post_title_bg_image_size":"","ocean_post_title_height":0,"ocean_post_title_bg_overlay":0.5,"ocean_post_title_bg_overlay_color":"","ocean_disable_breadcrumbs":"default","ocean_breadcrumbs_color":"","ocean_breadcrumbs_separator_color":"","ocean_breadcrumbs_links_color":"","ocean_breadcrumbs_links_hover_color":"","ocean_display_footer_widgets":"default","ocean_display_footer_bottom":"default","ocean_custom_footer_template":"","ocean_post_oembed":"","ocean_post_self_hosted_media":"","ocean_post_video_embed":"","ocean_link_format":"","ocean_link_format_target":"self","ocean_quote_format":"","ocean_quote_format_link":"post","ocean_gallery_link_images":"on","ocean_gallery_id":[]},"categories":[1],"tags":[221,1723,1283],"acf":[],"_links":{"self":[{"href":"https:\/\/www.simepe.com.br\/novo\/wp-json\/wp\/v2\/posts\/47466"}],"collection":[{"href":"https:\/\/www.simepe.com.br\/novo\/wp-json\/wp\/v2\/posts"}],"about":[{"href":"https:\/\/www.simepe.com.br\/novo\/wp-json\/wp\/v2\/types\/post"}],"author":[{"embeddable":true,"href":"https:\/\/www.simepe.com.br\/novo\/wp-json\/wp\/v2\/users\/1"}],"replies":[{"embeddable":true,"href":"https:\/\/www.simepe.com.br\/novo\/wp-json\/wp\/v2\/comments?post=47466"}],"version-history":[{"count":1,"href":"https:\/\/www.simepe.com.br\/novo\/wp-json\/wp\/v2\/posts\/47466\/revisions"}],"predecessor-version":[{"id":47468,"href":"https:\/\/www.simepe.com.br\/novo\/wp-json\/wp\/v2\/posts\/47466\/revisions\/47468"}],"wp:featuredmedia":[{"embeddable":true,"href":"https:\/\/www.simepe.com.br\/novo\/wp-json\/wp\/v2\/media\/47467"}],"wp:attachment":[{"href":"https:\/\/www.simepe.com.br\/novo\/wp-json\/wp\/v2\/media?parent=47466"}],"wp:term":[{"taxonomy":"category","embeddable":true,"href":"https:\/\/www.simepe.com.br\/novo\/wp-json\/wp\/v2\/categories?post=47466"},{"taxonomy":"post_tag","embeddable":true,"href":"https:\/\/www.simepe.com.br\/novo\/wp-json\/wp\/v2\/tags?post=47466"}],"curies":[{"name":"wp","href":"https:\/\/api.w.org\/{rel}","templated":true}]}}