{"id":47500,"date":"2018-08-06T10:16:51","date_gmt":"2018-08-06T13:16:51","guid":{"rendered":"http:\/\/www.simepe.com.br\/novo\/?p=47500"},"modified":"2018-08-06T10:16:51","modified_gmt":"2018-08-06T13:16:51","slug":"juridico-em-acao-sindicato-notifica-entidades-sobre-suspensao-de-atendimentos-na-emergencia-do-hospital-de-messejana","status":"publish","type":"post","link":"https:\/\/www.simepe.com.br\/novo\/juridico-em-acao-sindicato-notifica-entidades-sobre-suspensao-de-atendimentos-na-emergencia-do-hospital-de-messejana\/","title":{"rendered":"Jur\u00eddico em A\u00e7\u00e3o: Sindicato notifica entidades sobre suspens\u00e3o de atendimentos na emerg\u00eancia do Hospital de Messejana"},"content":{"rendered":"<p style=\"text-align: justify;\">Jur\u00eddico em A\u00e7\u00e3o: Sindicato notifica entidades sobre suspens\u00e3o de atendimentos na emerg\u00eancia do Hospital de Messejana<\/p>\n<p style=\"text-align: justify;\">A notifica\u00e7\u00e3o do Sindicato acontece depois de a entidade tomar ci\u00eancia do Memorando n\u00ba 70\/2018 encaminhado, nessa quinta-feira (2), pela Dire\u00e7\u00e3o Geral do Hospital de Messejana, \u00e0 Chefia da Unidade de Emerg\u00eancia. Segundo o documento, a medida tem o objetivo de proteger os pacientes internados e os profissionais de sa\u00fade que atuam no referido setor, \u201cem fun\u00e7\u00e3o da total incapacidade de atendimento da demanda explosiva da Emerg\u00eancia, caracterizada pela inexist\u00eancia de sequer um leito vago e ap\u00f3s aquiesc\u00eancia do Sr. Secret\u00e1rio Estadual de Sa\u00fade, Dr. Henrique Javi\u201d.<\/p>\n<p style=\"text-align: justify;\">O memorando informa, ainda, que, ao procurar o Hospital de Messejana, os pacientes fora dos crit\u00e9rios determinados ser\u00e3o encaminhados para outras unidades de atendimento do Sistema \u00danico de Sa\u00fade (SUS) de Fortaleza.<\/p>\n<p style=\"text-align: justify;\">\u201cEstamos solicitando esclarecimentos sobre a situa\u00e7\u00e3o apontada, pois \u00e9 de suma import\u00e2ncia que o Hospital funcione em sua plenitude, atendendo toda a demanda da popula\u00e7\u00e3o e que aos profissionais de Sa\u00fade seja resguardada a estrutura para um atendimento digno e com qualidade. N\u00e3o \u00e9 justo que nem profissionais e, nem pacientes, sejam penalizados\u201d, ressalta o presidente do Sindicato dos M\u00e9dicos, Dr. Edmar Fernandes.<\/p>\n<p style=\"text-align: justify;\"><strong>Corred\u00f4metro<\/strong><\/p>\n<p style=\"text-align: justify;\">A decis\u00e3o demonstra a situa\u00e7\u00e3o enfrentada pela Sa\u00fade no Cear\u00e1. Na \u00faltima ter\u00e7a-feira (31), o Corred\u00f4metro revelou que 337 pacientes estavam dispostos em leitos inadequados, \u2018alocados\u2019 nos corredores dos cinco maiores hospitais de Fortaleza. Destes, um total de 101 pacientes encontravam-se nos corredores do Hospital de Messejana.<\/p>\n<p style=\"text-align: justify;\">O Corred\u00f4metro \u00e9 um levantamento criado e divulgado pelo Sindicato dos M\u00e9dicos do Cear\u00e1, em parceria com a Associa\u00e7\u00e3o M\u00e9dica Cearense (AMC), em 2015, para compartilhar com a sociedade o descaso das autoridades com a Sa\u00fade P\u00fablica, o que traz sofrimento para pacientes e profissionais da \u00e1rea.<\/p>\n<p style=\"text-align: justify;\">Fonte: Assessoria de Comunica\u00e7\u00e3o do Sindicato dos M\u00e9dicos do Cear\u00e1 (Simec)<\/p>\n<p style=\"text-align: justify;\">\n","protected":false},"excerpt":{"rendered":"<p>Jur\u00eddico em A\u00e7\u00e3o: Sindicato notifica entidades sobre suspens\u00e3o de atendimentos na emerg\u00eancia do Hospital de Messejana A notifica\u00e7\u00e3o do Sindicato acontece depois de a entidade tomar ci\u00eancia do Memorando n\u00ba 70\/2018 encaminhado, nessa quinta-feira (2), pela Dire\u00e7\u00e3o Geral do Hospital de Messejana, \u00e0 Chefia da Unidade de Emerg\u00eancia. Segundo o documento, a medida tem o [&hellip;]<\/p>\n","protected":false},"author":1,"featured_media":47501,"comment_status":"open","ping_status":"open","sticky":false,"template":"","format":"standard","meta":{"ocean_post_layout":"","ocean_both_sidebars_style":"","ocean_both_sidebars_content_width":0,"ocean_both_sidebars_sidebars_width":0,"ocean_sidebar":"","ocean_second_sidebar":"","ocean_disable_margins":"enable","ocean_add_body_class":"","ocean_shortcode_before_top_bar":"","ocean_shortcode_after_top_bar":"","ocean_shortcode_before_header":"","ocean_shortcode_after_header":"","ocean_has_shortcode":"","ocean_shortcode_after_title":"","ocean_shortcode_before_footer_widgets":"","ocean_shortcode_after_footer_widgets":"","ocean_shortcode_before_footer_bottom":"","ocean_shortcode_after_footer_bottom":"","ocean_display_top_bar":"default","ocean_display_header":"default","ocean_header_style":"","ocean_center_header_left_menu":"","ocean_custom_header_template":"","ocean_custom_logo":0,"ocean_custom_retina_logo":0,"ocean_custom_logo_max_width":0,"ocean_custom_logo_tablet_max_width":0,"ocean_custom_logo_mobile_max_width":0,"ocean_custom_logo_max_height":0,"ocean_custom_logo_tablet_max_height":0,"ocean_custom_logo_mobile_max_height":0,"ocean_header_custom_menu":"","ocean_menu_typo_font_family":"","ocean_menu_typo_font_subset":"","ocean_menu_typo_font_size":0,"ocean_menu_typo_font_size_tablet":0,"ocean_menu_typo_font_size_mobile":0,"ocean_menu_typo_font_size_unit":"px","ocean_menu_typo_font_weight":"","ocean_menu_typo_font_weight_tablet":"","ocean_menu_typo_font_weight_mobile":"","ocean_menu_typo_transform":"","ocean_menu_typo_transform_tablet":"","ocean_menu_typo_transform_mobile":"","ocean_menu_typo_line_height":0,"ocean_menu_typo_line_height_tablet":0,"ocean_menu_typo_line_height_mobile":0,"ocean_menu_typo_line_height_unit":"","ocean_menu_typo_spacing":0,"ocean_menu_typo_spacing_tablet":0,"ocean_menu_typo_spacing_mobile":0,"ocean_menu_typo_spacing_unit":"","ocean_menu_link_color":"","ocean_menu_link_color_hover":"","ocean_menu_link_color_active":"","ocean_menu_link_background":"","ocean_menu_link_hover_background":"","ocean_menu_link_active_background":"","ocean_menu_social_links_bg":"","ocean_menu_social_hover_links_bg":"","ocean_menu_social_links_color":"","ocean_menu_social_hover_links_color":"","ocean_disable_title":"default","ocean_disable_heading":"default","ocean_post_title":"","ocean_post_subheading":"","ocean_post_title_style":"","ocean_post_title_background_color":"","ocean_post_title_background":0,"ocean_post_title_bg_image_position":"","ocean_post_title_bg_image_attachment":"","ocean_post_title_bg_image_repeat":"","ocean_post_title_bg_image_size":"","ocean_post_title_height":0,"ocean_post_title_bg_overlay":0.5,"ocean_post_title_bg_overlay_color":"","ocean_disable_breadcrumbs":"default","ocean_breadcrumbs_color":"","ocean_breadcrumbs_separator_color":"","ocean_breadcrumbs_links_color":"","ocean_breadcrumbs_links_hover_color":"","ocean_display_footer_widgets":"default","ocean_display_footer_bottom":"default","ocean_custom_footer_template":"","ocean_post_oembed":"","ocean_post_self_hosted_media":"","ocean_post_video_embed":"","ocean_link_format":"","ocean_link_format_target":"self","ocean_quote_format":"","ocean_quote_format_link":"post","ocean_gallery_link_images":"on","ocean_gallery_id":[]},"categories":[1],"tags":[],"acf":[],"_links":{"self":[{"href":"https:\/\/www.simepe.com.br\/novo\/wp-json\/wp\/v2\/posts\/47500"}],"collection":[{"href":"https:\/\/www.simepe.com.br\/novo\/wp-json\/wp\/v2\/posts"}],"about":[{"href":"https:\/\/www.simepe.com.br\/novo\/wp-json\/wp\/v2\/types\/post"}],"author":[{"embeddable":true,"href":"https:\/\/www.simepe.com.br\/novo\/wp-json\/wp\/v2\/users\/1"}],"replies":[{"embeddable":true,"href":"https:\/\/www.simepe.com.br\/novo\/wp-json\/wp\/v2\/comments?post=47500"}],"version-history":[{"count":1,"href":"https:\/\/www.simepe.com.br\/novo\/wp-json\/wp\/v2\/posts\/47500\/revisions"}],"predecessor-version":[{"id":47502,"href":"https:\/\/www.simepe.com.br\/novo\/wp-json\/wp\/v2\/posts\/47500\/revisions\/47502"}],"wp:featuredmedia":[{"embeddable":true,"href":"https:\/\/www.simepe.com.br\/novo\/wp-json\/wp\/v2\/media\/47501"}],"wp:attachment":[{"href":"https:\/\/www.simepe.com.br\/novo\/wp-json\/wp\/v2\/media?parent=47500"}],"wp:term":[{"taxonomy":"category","embeddable":true,"href":"https:\/\/www.simepe.com.br\/novo\/wp-json\/wp\/v2\/categories?post=47500"},{"taxonomy":"post_tag","embeddable":true,"href":"https:\/\/www.simepe.com.br\/novo\/wp-json\/wp\/v2\/tags?post=47500"}],"curies":[{"name":"wp","href":"https:\/\/api.w.org\/{rel}","templated":true}]}}