{"id":47518,"date":"2018-08-07T09:30:49","date_gmt":"2018-08-07T12:30:49","guid":{"rendered":"http:\/\/www.simepe.com.br\/novo\/?p=47518"},"modified":"2018-08-07T09:30:49","modified_gmt":"2018-08-07T12:30:49","slug":"medicos-rescindem-contrato-com-a-prefeitura-e-moradores-de-exu-pe-ficam-sem-atendimento","status":"publish","type":"post","link":"https:\/\/www.simepe.com.br\/novo\/medicos-rescindem-contrato-com-a-prefeitura-e-moradores-de-exu-pe-ficam-sem-atendimento\/","title":{"rendered":"M\u00e9dicos rescindem contrato com a prefeitura e moradores de Exu, PE ficam sem atendimento"},"content":{"rendered":"<p style=\"text-align: justify;\">Dos 13 m\u00e9dicos contratados pelo munic\u00edpio, 11 deixaram de atender ap\u00f3s a prefeitura assinar um Termo de Ajustamento de Conduta com o MPF, cobrando que os profissionais batessem o ponto e cumprissem a carga hor\u00e1ria de 8 horas por dia.<\/p>\n<p style=\"text-align: justify;\">Os moradores do munic\u00edpio de Exu, no Sert\u00e3o de Pernambuco, est\u00e3o sofrendo h\u00e1 cerca de dois meses com a falta de atendimento m\u00e9dico nos postos de sa\u00fade. Desde que a prefeitura assinou um Termo de Ajustamento de Conduta (TAC) com o Minist\u00e9rio P\u00fablico Federal (MPF), obrigando os profissionais a bater o ponto e cumprir a jornada de trabalho de oito horas por dia, 11 dos 13 m\u00e9dicos do Programa de Aten\u00e7\u00e3o B\u00e1sica pediram rescis\u00e3o de contrato e deixaram de atender.<\/p>\n<p style=\"text-align: justify;\">\u201cEssa \u00e9 uma atua\u00e7\u00e3o nacional do Minist\u00e9rio P\u00fablico (MP) desde 2013. O Minist\u00e9rio P\u00fablico vem percebendo que, infelizmente, v\u00e1rios profissionais de sa\u00fade, notadamente da estrat\u00e9gia de Sa\u00fade da Fam\u00edlia, n\u00e3o cumprem a carga hor\u00e1ria determinada na Pol\u00edtica Nacional de Aten\u00e7\u00e3o B\u00e1sica (PNAB). N\u00f3s ent\u00e3o temos chamado os prefeitos para discutir e propor um ajustamento de conduta, sobretudo com a implanta\u00e7\u00e3o do controle da jornada atrav\u00e9s de registradores eletr\u00f4nicos de ponto\u201d, explica o procurador da rep\u00fablica, Marcos de Jesus.<\/p>\n<p style=\"text-align: justify;\">Exu tem cerca de 31 mil habitantes e, sem m\u00e9dico nos postos de sa\u00fade, pessoas como a agricultora Maria Aparecida Souza Brito da Silva, que busca atendimento para o neto, est\u00e3o indo para o hospital p\u00fablico do munic\u00edpio. Com o aumento da demanda, a unidade ficou sobrecarregada.<\/p>\n<p style=\"text-align: justify;\">&#8221; No postinho da gente est\u00e1 sem m\u00e9dico e a\u00ed n\u00f3s trouxemos ele pra c\u00e1. Porque ele est\u00e1 tossindo, com febre, dor de cabe\u00e7a, e garganta inflamada. N\u00f3s j\u00e1 fomos l\u00e1 na semana passada e n\u00e3o tem m\u00e9dico e nem vai ter previs\u00e3o de quando vai ter m\u00e9dico l\u00e1&#8221;, diz a agricultora.<\/p>\n<p style=\"text-align: justify;\">De acordo com o prefeito de Exu, Raimundo Saraiva, o munic\u00edpio aumentou o sal\u00e1rio dos m\u00e9dicos de R$ 8 mil para R$ 10 mil, mas n\u00e3o conseguiu suprir as aus\u00eancias. Apenas um m\u00e9dico foi contratado. Segundo o gestor, a prefeitura est\u00e1 buscando nas universidades profissionais rec\u00e9m-formados.<\/p>\n<p style=\"text-align: justify;\">&#8221; A gente ainda tem a esperan\u00e7a nesses profissionais que est\u00e3o entrando no mercado de trabalho agora, a gente absorver esses profissionais, pra tamb\u00e9m dar uma melhor qualidade de atendimento a nossa popula\u00e7\u00e3o, como a gente j\u00e1 ofertava at\u00e9 junho desse ano.&#8221;<\/p>\n<p style=\"text-align: justify;\">O m\u00e9dico cubano Richard Afonso Bonachea \u00e9 um dos poucos que continuam atuando no Programa de Aten\u00e7\u00e3o B\u00e1sica no munic\u00edpio. Ele atende em um posto na zona rural e diz que o n\u00famero de pacientes aumentou.<\/p>\n<p style=\"text-align: justify;\">\u201cTentamos ajudar. O mais importante \u00e9 ajudar a popula\u00e7\u00e3o. Tentar resolver o problema. Fazemos o atendimento ao pessoal da nossa \u00e1rea e depois atendemos o pessoal de outra \u00e1rea\u201d, afirma Richard.<br \/>\nProcurado, o Conselho Regional de Medicina de Pernambuco (Cremepe) informou que n\u00e3o vai se pronunciar sobre esse assunto. J\u00e1 o presidente do Sindicato dos M\u00e9dicos de Pernambuco, Tadeu Calheiros, disse que tomou conhecimento do pedido de demiss\u00e3o dos m\u00e9dicos em Exu e est\u00e1 discutindo com a diretoria as delibera\u00e7\u00f5es que ser\u00e3o tomadas.<\/p>\n<p style=\"text-align: justify;\">\n<p style=\"text-align: justify;\">Fonte: G1<\/p>\n","protected":false},"excerpt":{"rendered":"<p>Dos 13 m\u00e9dicos contratados pelo munic\u00edpio, 11 deixaram de atender ap\u00f3s a prefeitura assinar um Termo de Ajustamento de Conduta com o MPF, cobrando que os profissionais batessem o ponto e cumprissem a carga hor\u00e1ria de 8 horas por dia. Os moradores do munic\u00edpio de Exu, no Sert\u00e3o de Pernambuco, est\u00e3o sofrendo h\u00e1 cerca de [&hellip;]<\/p>\n","protected":false},"author":1,"featured_media":0,"comment_status":"open","ping_status":"open","sticky":false,"template":"","format":"standard","meta":{"ocean_post_layout":"","ocean_both_sidebars_style":"","ocean_both_sidebars_content_width":0,"ocean_both_sidebars_sidebars_width":0,"ocean_sidebar":"","ocean_second_sidebar":"","ocean_disable_margins":"enable","ocean_add_body_class":"","ocean_shortcode_before_top_bar":"","ocean_shortcode_after_top_bar":"","ocean_shortcode_before_header":"","ocean_shortcode_after_header":"","ocean_has_shortcode":"","ocean_shortcode_after_title":"","ocean_shortcode_before_footer_widgets":"","ocean_shortcode_after_footer_widgets":"","ocean_shortcode_before_footer_bottom":"","ocean_shortcode_after_footer_bottom":"","ocean_display_top_bar":"default","ocean_display_header":"default","ocean_header_style":"","ocean_center_header_left_menu":"","ocean_custom_header_template":"","ocean_custom_logo":0,"ocean_custom_retina_logo":0,"ocean_custom_logo_max_width":0,"ocean_custom_logo_tablet_max_width":0,"ocean_custom_logo_mobile_max_width":0,"ocean_custom_logo_max_height":0,"ocean_custom_logo_tablet_max_height":0,"ocean_custom_logo_mobile_max_height":0,"ocean_header_custom_menu":"","ocean_menu_typo_font_family":"","ocean_menu_typo_font_subset":"","ocean_menu_typo_font_size":0,"ocean_menu_typo_font_size_tablet":0,"ocean_menu_typo_font_size_mobile":0,"ocean_menu_typo_font_size_unit":"px","ocean_menu_typo_font_weight":"","ocean_menu_typo_font_weight_tablet":"","ocean_menu_typo_font_weight_mobile":"","ocean_menu_typo_transform":"","ocean_menu_typo_transform_tablet":"","ocean_menu_typo_transform_mobile":"","ocean_menu_typo_line_height":0,"ocean_menu_typo_line_height_tablet":0,"ocean_menu_typo_line_height_mobile":0,"ocean_menu_typo_line_height_unit":"","ocean_menu_typo_spacing":0,"ocean_menu_typo_spacing_tablet":0,"ocean_menu_typo_spacing_mobile":0,"ocean_menu_typo_spacing_unit":"","ocean_menu_link_color":"","ocean_menu_link_color_hover":"","ocean_menu_link_color_active":"","ocean_menu_link_background":"","ocean_menu_link_hover_background":"","ocean_menu_link_active_background":"","ocean_menu_social_links_bg":"","ocean_menu_social_hover_links_bg":"","ocean_menu_social_links_color":"","ocean_menu_social_hover_links_color":"","ocean_disable_title":"default","ocean_disable_heading":"default","ocean_post_title":"","ocean_post_subheading":"","ocean_post_title_style":"","ocean_post_title_background_color":"","ocean_post_title_background":0,"ocean_post_title_bg_image_position":"","ocean_post_title_bg_image_attachment":"","ocean_post_title_bg_image_repeat":"","ocean_post_title_bg_image_size":"","ocean_post_title_height":0,"ocean_post_title_bg_overlay":0.5,"ocean_post_title_bg_overlay_color":"","ocean_disable_breadcrumbs":"default","ocean_breadcrumbs_color":"","ocean_breadcrumbs_separator_color":"","ocean_breadcrumbs_links_color":"","ocean_breadcrumbs_links_hover_color":"","ocean_display_footer_widgets":"default","ocean_display_footer_bottom":"default","ocean_custom_footer_template":"","ocean_post_oembed":"","ocean_post_self_hosted_media":"","ocean_post_video_embed":"","ocean_link_format":"","ocean_link_format_target":"self","ocean_quote_format":"","ocean_quote_format_link":"post","ocean_gallery_link_images":"on","ocean_gallery_id":[]},"categories":[9],"tags":[422,3024,75,3023,484,411],"acf":[],"_links":{"self":[{"href":"https:\/\/www.simepe.com.br\/novo\/wp-json\/wp\/v2\/posts\/47518"}],"collection":[{"href":"https:\/\/www.simepe.com.br\/novo\/wp-json\/wp\/v2\/posts"}],"about":[{"href":"https:\/\/www.simepe.com.br\/novo\/wp-json\/wp\/v2\/types\/post"}],"author":[{"embeddable":true,"href":"https:\/\/www.simepe.com.br\/novo\/wp-json\/wp\/v2\/users\/1"}],"replies":[{"embeddable":true,"href":"https:\/\/www.simepe.com.br\/novo\/wp-json\/wp\/v2\/comments?post=47518"}],"version-history":[{"count":1,"href":"https:\/\/www.simepe.com.br\/novo\/wp-json\/wp\/v2\/posts\/47518\/revisions"}],"predecessor-version":[{"id":47519,"href":"https:\/\/www.simepe.com.br\/novo\/wp-json\/wp\/v2\/posts\/47518\/revisions\/47519"}],"wp:attachment":[{"href":"https:\/\/www.simepe.com.br\/novo\/wp-json\/wp\/v2\/media?parent=47518"}],"wp:term":[{"taxonomy":"category","embeddable":true,"href":"https:\/\/www.simepe.com.br\/novo\/wp-json\/wp\/v2\/categories?post=47518"},{"taxonomy":"post_tag","embeddable":true,"href":"https:\/\/www.simepe.com.br\/novo\/wp-json\/wp\/v2\/tags?post=47518"}],"curies":[{"name":"wp","href":"https:\/\/api.w.org\/{rel}","templated":true}]}}