{"id":47551,"date":"2018-08-08T08:53:38","date_gmt":"2018-08-08T11:53:38","guid":{"rendered":"http:\/\/www.simepe.com.br\/novo\/?p=47551"},"modified":"2018-08-08T08:53:38","modified_gmt":"2018-08-08T11:53:38","slug":"cremepe-elege-nova-diretoria-nesta-terca-e-quarta","status":"publish","type":"post","link":"https:\/\/www.simepe.com.br\/novo\/cremepe-elege-nova-diretoria-nesta-terca-e-quarta\/","title":{"rendered":"Cremepe elege nova diretoria nesta ter\u00e7a e quarta"},"content":{"rendered":"<p style=\"text-align: justify;\">As urnas est\u00e3o espalhadas por diversos hospitais e entidades ligadas \u00e0 categoria na Regi\u00e3o Metropolitana do Recife e no Interior do estado<\/p>\n<p style=\"text-align: justify;\">O Conselho Regional de Medicina de Pernambuco (Cremepe) faz elei\u00e7\u00e3o nesta ter\u00e7a-feira (7) para a gest\u00e3o 2018-2023. As elei\u00e7\u00f5es acontecem at\u00e9 amanh\u00e3 (8), das 8h \u00e0s 20h, e as urnas est\u00e3o espalhadas por diversos hospitais e entidades ligadas \u00e0 categoria na Regi\u00e3o Metropolitana do Recife e no Interior do estado. Duas chapas est\u00e3o na disputa. As elei\u00e7\u00f5es ser\u00e3o realizadas por voto direto e secreto. De acordo com a Resolu\u00e7\u00e3o do Conselho Federal de Medicina (CFM) n\u00ba 2161\/2017, o voto \u00e9 obrigat\u00f3rio para todos os m\u00e9dicos que devem estar adimplentes no respectivo conselho regional.<\/p>\n<p style=\"text-align: justify;\">Cada chapa \u00e9 formada por 40 conselheiros, sendo 20 efetivos e 20 suplentes. N\u00e3o existe candidatura para presid\u00eancia do Cremepe. A chapa vencedora eleger\u00e1 o presidente entre os 40 novos conselheiros que v\u00e3o compor a entidade. Ainda de acordo com a Resolu\u00e7\u00e3o do CFM, somente ser\u00e3o considerados v\u00e1lidos os votos dos m\u00e9dicos que estiverem quites com o Cremepe.<\/p>\n<p style=\"text-align: justify;\">Ser\u00e1 poss\u00edvel votar presencialmente ou por correspond\u00eancia, sendo que os votos por correspond\u00eancia s\u00f3 ser\u00e3o contabilizados se chegarem at\u00e9 as 18h do dia 8 de agosto na sede do Cremepe, no Espinheiro. Os m\u00e9dicos aptos \u00e0 vota\u00e7\u00e3o poder\u00e3o conferir sua situa\u00e7\u00e3o eleitoral no site eleicoes.cremepe.org.br. A chapa 1, que est\u00e1 concorrendo sob o lema \u00c9tica em Respeito ao M\u00e9dico, tem 50% dos candidatos atuantes como conselheiros da atual gest\u00e3o e os outros 50% dessa mesma chapa s\u00e3o renova\u00e7\u00e3o, ou seja, s\u00e3o m\u00e9dicos que n\u00e3o fazem parte da atual gest\u00e3o.<\/p>\n<p style=\"text-align: justify;\">Segundo o m\u00e9dico ortopedista M\u00e1rio Jorge Lobo, um dos coordenadores dessa chapa, o grupo \u00e9 formado por integrantes de entidades m\u00e9dicas do estado e setores representativos da categoria, como a Associa\u00e7\u00e3o M\u00e9dica Pernambucana, o Sindicato dos M\u00e9dicos de Pernambuco e sociedades de especialidades. O m\u00e9dico pontua que os princ\u00edpios fundamentais defendidos pela chapa s\u00e3o a defesa dos direitos do m\u00e9dico para a boa pr\u00e1tica da medicina, a amplia\u00e7\u00e3o e o fortalecimento da fiscaliza\u00e7\u00e3o das condi\u00e7\u00f5es do trabalho do m\u00e9dico, a promo\u00e7\u00e3o e a cobran\u00e7a da aplica\u00e7\u00e3o das determina\u00e7\u00f5es do Cremepe no \u00e2mbito da sa\u00fade p\u00fablica e privada, al\u00e9m da descentraliza\u00e7\u00e3o e expans\u00e3o da representa\u00e7\u00e3o e atua\u00e7\u00e3o do conselho no estado de Pernambuco.<\/p>\n<p style=\"text-align: justify;\">\u201cTemos que atuar dando condi\u00e7\u00f5es para os m\u00e9dicos, evitando o dano e a preven\u00e7\u00e3o do erro m\u00e9dico para que o profissional trabalhe com aquilo que ele foi formado para fazer. Para que a popula\u00e7\u00e3o seja bem atendida e tenha a sua sa\u00fade preservada. Por isso temos como foco o processo de expans\u00e3o e interioriza\u00e7\u00e3o do Cremepe, levando as delegacias regionais para todas as 12 Ger\u00eancias Regionais do estado, porque hoje s\u00f3 temos tr\u00eas. Isso ser\u00e1 poss\u00edvel atrav\u00e9s da realiza\u00e7\u00e3o de concurso para m\u00e9dicos fiscais, que v\u00e3o atuar nessas regi\u00f5es\u201d, detalha M\u00e1rio Jorge Lobo.<\/p>\n<p style=\"text-align: justify;\">A atual gest\u00e3o, que est\u00e1 representada pela chapa 1, realizou 229 fiscaliza\u00e7\u00f5es em 2017. Sob o lema Mudar e Agir, a chapa 2 se apresenta com uma equipe de candidatos a conselheiros 100% renovada, segundo o representante, o m\u00e9dico oftalmologista Ant\u00f4nio Jord\u00e3o. Oito deles representam a categoria que trabalha no interior do estado. Entre as propostas, est\u00e1 a atua\u00e7\u00e3o preventiva do Cremepe na prote\u00e7\u00e3o do m\u00e9dico e da sociedade, redu\u00e7\u00e3o da anuidade e taxas junto ao conselho, fim da bitributa\u00e7\u00e3o e anuidade \u00fanica para os profissionais que atuam nas fronteiras dos estados.<\/p>\n<p style=\"text-align: justify;\">A chapa 2 tamb\u00e9m defende a cria\u00e7\u00e3o do CRM J\u00fanior, comiss\u00e3o formada por m\u00e9dicos do Cremepe e representantes estudantis para orienta\u00e7\u00e3o dos futuros m\u00e9dicos quanto \u00e0 profiss\u00e3o. \u201c\u00c9 preciso mudar as pessoas que est\u00e3o atuando como conselheiros da entidade, alguns n\u00facleos est\u00e3o h\u00e1 mais de 20 anos. Eles perderam a capacidade criativa da ousadia. Em cinco anos, n\u00e3o houve nenhuma a\u00e7\u00e3o do Cremepe al\u00e9m de punir m\u00e9dicos. Nossa categoria est\u00e1 cheia de retrocessos, s\u00f3 tivemos perdas e nossa principal proposta \u00e9 justamente de voltar a ter protagonismo. Precisamos trabalhar com fiscaliza\u00e7\u00e3o preventiva, fazendo com que o Cremepe esteja mais perto do m\u00e9dico e da medicina, porque quando detectamos os problemas existentes cedo, evitamos que o m\u00e9dico v\u00e1 para o banco dos r\u00e9us. Queremos trazer o Cremepe para mais pr\u00f3ximo do m\u00e9dico, atrav\u00e9s de um plant\u00e3o telef\u00f4nico 24 horas, para que o profissional possa ter suporte dos conselheiros diante de quest\u00f5es \u00e9ticas a qualquer momento\u201d, afirma o m\u00e9dico Ant\u00f4nio Jord\u00e3o. A chapa 2 tamb\u00e9m traz como propostas a cria\u00e7\u00e3o do aplicativo Cremepe na M\u00e3o, para contato com os m\u00e9dicos.<\/p>\n<p style=\"text-align: justify;\">\n<p style=\"text-align: justify;\">Fonte: Diario de Pernambuco<\/p>\n","protected":false},"excerpt":{"rendered":"<p>As urnas est\u00e3o espalhadas por diversos hospitais e entidades ligadas \u00e0 categoria na Regi\u00e3o Metropolitana do Recife e no Interior do estado O Conselho Regional de Medicina de Pernambuco (Cremepe) faz elei\u00e7\u00e3o nesta ter\u00e7a-feira (7) para a gest\u00e3o 2018-2023. As elei\u00e7\u00f5es acontecem at\u00e9 amanh\u00e3 (8), das 8h \u00e0s 20h, e as urnas est\u00e3o espalhadas por [&hellip;]<\/p>\n","protected":false},"author":1,"featured_media":0,"comment_status":"open","ping_status":"open","sticky":false,"template":"","format":"standard","meta":{"ocean_post_layout":"","ocean_both_sidebars_style":"","ocean_both_sidebars_content_width":0,"ocean_both_sidebars_sidebars_width":0,"ocean_sidebar":"","ocean_second_sidebar":"","ocean_disable_margins":"enable","ocean_add_body_class":"","ocean_shortcode_before_top_bar":"","ocean_shortcode_after_top_bar":"","ocean_shortcode_before_header":"","ocean_shortcode_after_header":"","ocean_has_shortcode":"","ocean_shortcode_after_title":"","ocean_shortcode_before_footer_widgets":"","ocean_shortcode_after_footer_widgets":"","ocean_shortcode_before_footer_bottom":"","ocean_shortcode_after_footer_bottom":"","ocean_display_top_bar":"default","ocean_display_header":"default","ocean_header_style":"","ocean_center_header_left_menu":"","ocean_custom_header_template":"","ocean_custom_logo":0,"ocean_custom_retina_logo":0,"ocean_custom_logo_max_width":0,"ocean_custom_logo_tablet_max_width":0,"ocean_custom_logo_mobile_max_width":0,"ocean_custom_logo_max_height":0,"ocean_custom_logo_tablet_max_height":0,"ocean_custom_logo_mobile_max_height":0,"ocean_header_custom_menu":"","ocean_menu_typo_font_family":"","ocean_menu_typo_font_subset":"","ocean_menu_typo_font_size":0,"ocean_menu_typo_font_size_tablet":0,"ocean_menu_typo_font_size_mobile":0,"ocean_menu_typo_font_size_unit":"px","ocean_menu_typo_font_weight":"","ocean_menu_typo_font_weight_tablet":"","ocean_menu_typo_font_weight_mobile":"","ocean_menu_typo_transform":"","ocean_menu_typo_transform_tablet":"","ocean_menu_typo_transform_mobile":"","ocean_menu_typo_line_height":0,"ocean_menu_typo_line_height_tablet":0,"ocean_menu_typo_line_height_mobile":0,"ocean_menu_typo_line_height_unit":"","ocean_menu_typo_spacing":0,"ocean_menu_typo_spacing_tablet":0,"ocean_menu_typo_spacing_mobile":0,"ocean_menu_typo_spacing_unit":"","ocean_menu_link_color":"","ocean_menu_link_color_hover":"","ocean_menu_link_color_active":"","ocean_menu_link_background":"","ocean_menu_link_hover_background":"","ocean_menu_link_active_background":"","ocean_menu_social_links_bg":"","ocean_menu_social_hover_links_bg":"","ocean_menu_social_links_color":"","ocean_menu_social_hover_links_color":"","ocean_disable_title":"default","ocean_disable_heading":"default","ocean_post_title":"","ocean_post_subheading":"","ocean_post_title_style":"","ocean_post_title_background_color":"","ocean_post_title_background":0,"ocean_post_title_bg_image_position":"","ocean_post_title_bg_image_attachment":"","ocean_post_title_bg_image_repeat":"","ocean_post_title_bg_image_size":"","ocean_post_title_height":0,"ocean_post_title_bg_overlay":0.5,"ocean_post_title_bg_overlay_color":"","ocean_disable_breadcrumbs":"default","ocean_breadcrumbs_color":"","ocean_breadcrumbs_separator_color":"","ocean_breadcrumbs_links_color":"","ocean_breadcrumbs_links_hover_color":"","ocean_display_footer_widgets":"default","ocean_display_footer_bottom":"default","ocean_custom_footer_template":"","ocean_post_oembed":"","ocean_post_self_hosted_media":"","ocean_post_video_embed":"","ocean_link_format":"","ocean_link_format_target":"self","ocean_quote_format":"","ocean_quote_format_link":"post","ocean_gallery_link_images":"on","ocean_gallery_id":[]},"categories":[9],"tags":[67,55,3032,75],"acf":[],"_links":{"self":[{"href":"https:\/\/www.simepe.com.br\/novo\/wp-json\/wp\/v2\/posts\/47551"}],"collection":[{"href":"https:\/\/www.simepe.com.br\/novo\/wp-json\/wp\/v2\/posts"}],"about":[{"href":"https:\/\/www.simepe.com.br\/novo\/wp-json\/wp\/v2\/types\/post"}],"author":[{"embeddable":true,"href":"https:\/\/www.simepe.com.br\/novo\/wp-json\/wp\/v2\/users\/1"}],"replies":[{"embeddable":true,"href":"https:\/\/www.simepe.com.br\/novo\/wp-json\/wp\/v2\/comments?post=47551"}],"version-history":[{"count":1,"href":"https:\/\/www.simepe.com.br\/novo\/wp-json\/wp\/v2\/posts\/47551\/revisions"}],"predecessor-version":[{"id":47552,"href":"https:\/\/www.simepe.com.br\/novo\/wp-json\/wp\/v2\/posts\/47551\/revisions\/47552"}],"wp:attachment":[{"href":"https:\/\/www.simepe.com.br\/novo\/wp-json\/wp\/v2\/media?parent=47551"}],"wp:term":[{"taxonomy":"category","embeddable":true,"href":"https:\/\/www.simepe.com.br\/novo\/wp-json\/wp\/v2\/categories?post=47551"},{"taxonomy":"post_tag","embeddable":true,"href":"https:\/\/www.simepe.com.br\/novo\/wp-json\/wp\/v2\/tags?post=47551"}],"curies":[{"name":"wp","href":"https:\/\/api.w.org\/{rel}","templated":true}]}}