{"id":47555,"date":"2018-08-08T08:58:12","date_gmt":"2018-08-08T11:58:12","guid":{"rendered":"http:\/\/www.simepe.com.br\/novo\/?p=47555"},"modified":"2018-08-08T08:58:12","modified_gmt":"2018-08-08T11:58:12","slug":"fentas-aprova-carta-de-compromisso-das-liderancas-do-controle-social-na-saude","status":"publish","type":"post","link":"https:\/\/www.simepe.com.br\/novo\/fentas-aprova-carta-de-compromisso-das-liderancas-do-controle-social-na-saude\/","title":{"rendered":"FENTAS aprova carta de compromisso das lideran\u00e7as do Controle Social na Sa\u00fade"},"content":{"rendered":"<p style=\"text-align: justify;\">O secret\u00e1rio de Assuntos Jur\u00eddicos da Federa\u00e7\u00e3o M\u00e9dica Brasileira (FMB), Casemiro Reis J\u00fanior, participou no dia 7 de agosto, em Bras\u00edlia da reuni\u00e3o do F\u00f3rum das Entidades Nacionais dos Trabalhadores da \u00c1rea da Sa\u00fade (Fentas). No encontro os participantes endossaram a carta de compromisso das lideran\u00e7as do Conselho Nacional de Sa\u00fade (CNS) em prol da defesa da democracia e as pol\u00edticas p\u00fablicas de sa\u00fade no pa\u00eds. O documento tamb\u00e9m confirma a realiza\u00e7\u00e3o da 16\u00aa Confer\u00eancia Nacional de Sa\u00fade, marcada para ter sua etapa final realizada em julho de 2019.<\/p>\n<p style=\"text-align: justify;\">\u201cAssim como em 1988 a Confer\u00eancia consolidou o SUS, vamos agora seguir unidos em busca de realizar um evento igualmente grandioso e encaminhar debates e melhorias para a sa\u00fade do Brasil\u201d, declara Casemiro.<\/p>\n<p style=\"text-align: justify;\"><a href=\"http:\/\/portalfmb.org.br\/wp-content\/uploads\/2018\/08\/Carta-comprimisso-lideranc%CC%A7as-do-controle-social-na-sau%CC%81de.pdf\">Veja a carta AQUI<\/a><\/p>\n<p style=\"text-align: justify;\">\n<p style=\"text-align: justify;\">Fonte: Assessoria de Comunica\u00e7\u00e3o da FMB<\/p>\n","protected":false},"excerpt":{"rendered":"<p>O secret\u00e1rio de Assuntos Jur\u00eddicos da Federa\u00e7\u00e3o M\u00e9dica Brasileira (FMB), Casemiro Reis J\u00fanior, participou no dia 7 de agosto, em Bras\u00edlia da reuni\u00e3o do F\u00f3rum das Entidades Nacionais dos Trabalhadores da \u00c1rea da Sa\u00fade (Fentas). No encontro os participantes endossaram a carta de compromisso das lideran\u00e7as do Conselho Nacional de Sa\u00fade (CNS) em prol da [&hellip;]<\/p>\n","protected":false},"author":1,"featured_media":0,"comment_status":"open","ping_status":"open","sticky":false,"template":"","format":"standard","meta":{"ocean_post_layout":"","ocean_both_sidebars_style":"","ocean_both_sidebars_content_width":0,"ocean_both_sidebars_sidebars_width":0,"ocean_sidebar":"","ocean_second_sidebar":"","ocean_disable_margins":"enable","ocean_add_body_class":"","ocean_shortcode_before_top_bar":"","ocean_shortcode_after_top_bar":"","ocean_shortcode_before_header":"","ocean_shortcode_after_header":"","ocean_has_shortcode":"","ocean_shortcode_after_title":"","ocean_shortcode_before_footer_widgets":"","ocean_shortcode_after_footer_widgets":"","ocean_shortcode_before_footer_bottom":"","ocean_shortcode_after_footer_bottom":"","ocean_display_top_bar":"default","ocean_display_header":"default","ocean_header_style":"","ocean_center_header_left_menu":"","ocean_custom_header_template":"","ocean_custom_logo":0,"ocean_custom_retina_logo":0,"ocean_custom_logo_max_width":0,"ocean_custom_logo_tablet_max_width":0,"ocean_custom_logo_mobile_max_width":0,"ocean_custom_logo_max_height":0,"ocean_custom_logo_tablet_max_height":0,"ocean_custom_logo_mobile_max_height":0,"ocean_header_custom_menu":"","ocean_menu_typo_font_family":"","ocean_menu_typo_font_subset":"","ocean_menu_typo_font_size":0,"ocean_menu_typo_font_size_tablet":0,"ocean_menu_typo_font_size_mobile":0,"ocean_menu_typo_font_size_unit":"px","ocean_menu_typo_font_weight":"","ocean_menu_typo_font_weight_tablet":"","ocean_menu_typo_font_weight_mobile":"","ocean_menu_typo_transform":"","ocean_menu_typo_transform_tablet":"","ocean_menu_typo_transform_mobile":"","ocean_menu_typo_line_height":0,"ocean_menu_typo_line_height_tablet":0,"ocean_menu_typo_line_height_mobile":0,"ocean_menu_typo_line_height_unit":"","ocean_menu_typo_spacing":0,"ocean_menu_typo_spacing_tablet":0,"ocean_menu_typo_spacing_mobile":0,"ocean_menu_typo_spacing_unit":"","ocean_menu_link_color":"","ocean_menu_link_color_hover":"","ocean_menu_link_color_active":"","ocean_menu_link_background":"","ocean_menu_link_hover_background":"","ocean_menu_link_active_background":"","ocean_menu_social_links_bg":"","ocean_menu_social_hover_links_bg":"","ocean_menu_social_links_color":"","ocean_menu_social_hover_links_color":"","ocean_disable_title":"default","ocean_disable_heading":"default","ocean_post_title":"","ocean_post_subheading":"","ocean_post_title_style":"","ocean_post_title_background_color":"","ocean_post_title_background":0,"ocean_post_title_bg_image_position":"","ocean_post_title_bg_image_attachment":"","ocean_post_title_bg_image_repeat":"","ocean_post_title_bg_image_size":"","ocean_post_title_height":0,"ocean_post_title_bg_overlay":0.5,"ocean_post_title_bg_overlay_color":"","ocean_disable_breadcrumbs":"default","ocean_breadcrumbs_color":"","ocean_breadcrumbs_separator_color":"","ocean_breadcrumbs_links_color":"","ocean_breadcrumbs_links_hover_color":"","ocean_display_footer_widgets":"default","ocean_display_footer_bottom":"default","ocean_custom_footer_template":"","ocean_post_oembed":"","ocean_post_self_hosted_media":"","ocean_post_video_embed":"","ocean_link_format":"","ocean_link_format_target":"self","ocean_quote_format":"","ocean_quote_format_link":"post","ocean_gallery_link_images":"on","ocean_gallery_id":[]},"categories":[9],"tags":[665,3033,2033,34],"acf":[],"_links":{"self":[{"href":"https:\/\/www.simepe.com.br\/novo\/wp-json\/wp\/v2\/posts\/47555"}],"collection":[{"href":"https:\/\/www.simepe.com.br\/novo\/wp-json\/wp\/v2\/posts"}],"about":[{"href":"https:\/\/www.simepe.com.br\/novo\/wp-json\/wp\/v2\/types\/post"}],"author":[{"embeddable":true,"href":"https:\/\/www.simepe.com.br\/novo\/wp-json\/wp\/v2\/users\/1"}],"replies":[{"embeddable":true,"href":"https:\/\/www.simepe.com.br\/novo\/wp-json\/wp\/v2\/comments?post=47555"}],"version-history":[{"count":1,"href":"https:\/\/www.simepe.com.br\/novo\/wp-json\/wp\/v2\/posts\/47555\/revisions"}],"predecessor-version":[{"id":47556,"href":"https:\/\/www.simepe.com.br\/novo\/wp-json\/wp\/v2\/posts\/47555\/revisions\/47556"}],"wp:attachment":[{"href":"https:\/\/www.simepe.com.br\/novo\/wp-json\/wp\/v2\/media?parent=47555"}],"wp:term":[{"taxonomy":"category","embeddable":true,"href":"https:\/\/www.simepe.com.br\/novo\/wp-json\/wp\/v2\/categories?post=47555"},{"taxonomy":"post_tag","embeddable":true,"href":"https:\/\/www.simepe.com.br\/novo\/wp-json\/wp\/v2\/tags?post=47555"}],"curies":[{"name":"wp","href":"https:\/\/api.w.org\/{rel}","templated":true}]}}