{"id":47560,"date":"2018-08-08T09:10:22","date_gmt":"2018-08-08T12:10:22","guid":{"rendered":"http:\/\/www.simepe.com.br\/novo\/?p=47560"},"modified":"2018-08-08T09:10:22","modified_gmt":"2018-08-08T12:10:22","slug":"agosto-dourado-pelo-aleitamento-materno","status":"publish","type":"post","link":"https:\/\/www.simepe.com.br\/novo\/agosto-dourado-pelo-aleitamento-materno\/","title":{"rendered":"Agosto dourado pelo aleitamento materno"},"content":{"rendered":"<p style=\"text-align: justify;\"><img src=\"http:\/\/www.cremepe.org.br\/wp-content\/uploads\/2018\/08\/agosto-dourado.png\" alt=\"\" \/><\/p>\n<p style=\"text-align: justify;\">Para marcar o m\u00eas dedicado \u00e0 intensifica\u00e7\u00e3o das a\u00e7\u00f5es de promo\u00e7\u00e3o, prote\u00e7\u00e3o e apoio ao aleitamento materno, o \u201cAgosto Dourado\u201d chama aten\u00e7\u00e3o para a import\u00e2ncia vital da amamenta\u00e7\u00e3o na constru\u00e7\u00e3o de uma sa\u00fade com base s\u00f3lida. O tema da Semana Mundial de Aleitamento Materno 2018 \u00e9 \u201cAmamenta\u00e7\u00e3o: a base da vida\u201d. Para ter tal repercuss\u00e3o na sa\u00fade de uma pessoa, a amamenta\u00e7\u00e3o tem que ter impacto em todos os sistemas do organismo, tanto que o tema tem sido explorado nas diversas especialidades m\u00e9dicas.<\/p>\n<p style=\"text-align: justify;\">O Departamento Cient\u00edfico de Aleitamento Materno da Sociedade Brasileira de Pediatria selecionou 31 artigos publicados recentemente, com interface com todos os 31 departamentos cient\u00edficos. Todos os departamentos ser\u00e3o contemplados, prova incontest\u00e1vel de que o aleitamento materno \u00e9 um tema interdisciplinar da mais alta relev\u00e2ncia. A SBP est\u00e1 com esta campanha para valorizar o aleitamento materno no seu site: <a href=\"http:\/\/www.sbp.com.br\/especiais\/agosto-dourado\/\">http:\/\/www.sbp.com.br\/especiais\/agosto-dourado\/<\/a>.<\/p>\n<p style=\"text-align: justify;\">\n<p style=\"text-align: justify;\">Fonte: Assessoria de Comunica\u00e7\u00e3o do Cremepe<\/p>\n","protected":false},"excerpt":{"rendered":"<p>Para marcar o m\u00eas dedicado \u00e0 intensifica\u00e7\u00e3o das a\u00e7\u00f5es de promo\u00e7\u00e3o, prote\u00e7\u00e3o e apoio ao aleitamento materno, o \u201cAgosto Dourado\u201d chama aten\u00e7\u00e3o para a import\u00e2ncia vital da amamenta\u00e7\u00e3o na constru\u00e7\u00e3o de uma sa\u00fade com base s\u00f3lida. O tema da Semana Mundial de Aleitamento Materno 2018 \u00e9 \u201cAmamenta\u00e7\u00e3o: a base da vida\u201d. Para ter tal repercuss\u00e3o [&hellip;]<\/p>\n","protected":false},"author":1,"featured_media":0,"comment_status":"open","ping_status":"open","sticky":false,"template":"","format":"standard","meta":{"ocean_post_layout":"","ocean_both_sidebars_style":"","ocean_both_sidebars_content_width":0,"ocean_both_sidebars_sidebars_width":0,"ocean_sidebar":"","ocean_second_sidebar":"","ocean_disable_margins":"enable","ocean_add_body_class":"","ocean_shortcode_before_top_bar":"","ocean_shortcode_after_top_bar":"","ocean_shortcode_before_header":"","ocean_shortcode_after_header":"","ocean_has_shortcode":"","ocean_shortcode_after_title":"","ocean_shortcode_before_footer_widgets":"","ocean_shortcode_after_footer_widgets":"","ocean_shortcode_before_footer_bottom":"","ocean_shortcode_after_footer_bottom":"","ocean_display_top_bar":"default","ocean_display_header":"default","ocean_header_style":"","ocean_center_header_left_menu":"","ocean_custom_header_template":"","ocean_custom_logo":0,"ocean_custom_retina_logo":0,"ocean_custom_logo_max_width":0,"ocean_custom_logo_tablet_max_width":0,"ocean_custom_logo_mobile_max_width":0,"ocean_custom_logo_max_height":0,"ocean_custom_logo_tablet_max_height":0,"ocean_custom_logo_mobile_max_height":0,"ocean_header_custom_menu":"","ocean_menu_typo_font_family":"","ocean_menu_typo_font_subset":"","ocean_menu_typo_font_size":0,"ocean_menu_typo_font_size_tablet":0,"ocean_menu_typo_font_size_mobile":0,"ocean_menu_typo_font_size_unit":"px","ocean_menu_typo_font_weight":"","ocean_menu_typo_font_weight_tablet":"","ocean_menu_typo_font_weight_mobile":"","ocean_menu_typo_transform":"","ocean_menu_typo_transform_tablet":"","ocean_menu_typo_transform_mobile":"","ocean_menu_typo_line_height":0,"ocean_menu_typo_line_height_tablet":0,"ocean_menu_typo_line_height_mobile":0,"ocean_menu_typo_line_height_unit":"","ocean_menu_typo_spacing":0,"ocean_menu_typo_spacing_tablet":0,"ocean_menu_typo_spacing_mobile":0,"ocean_menu_typo_spacing_unit":"","ocean_menu_link_color":"","ocean_menu_link_color_hover":"","ocean_menu_link_color_active":"","ocean_menu_link_background":"","ocean_menu_link_hover_background":"","ocean_menu_link_active_background":"","ocean_menu_social_links_bg":"","ocean_menu_social_hover_links_bg":"","ocean_menu_social_links_color":"","ocean_menu_social_hover_links_color":"","ocean_disable_title":"default","ocean_disable_heading":"default","ocean_post_title":"","ocean_post_subheading":"","ocean_post_title_style":"","ocean_post_title_background_color":"","ocean_post_title_background":0,"ocean_post_title_bg_image_position":"","ocean_post_title_bg_image_attachment":"","ocean_post_title_bg_image_repeat":"","ocean_post_title_bg_image_size":"","ocean_post_title_height":0,"ocean_post_title_bg_overlay":0.5,"ocean_post_title_bg_overlay_color":"","ocean_disable_breadcrumbs":"default","ocean_breadcrumbs_color":"","ocean_breadcrumbs_separator_color":"","ocean_breadcrumbs_links_color":"","ocean_breadcrumbs_links_hover_color":"","ocean_display_footer_widgets":"default","ocean_display_footer_bottom":"default","ocean_custom_footer_template":"","ocean_post_oembed":"","ocean_post_self_hosted_media":"","ocean_post_video_embed":"","ocean_link_format":"","ocean_link_format_target":"self","ocean_quote_format":"","ocean_quote_format_link":"post","ocean_gallery_link_images":"on","ocean_gallery_id":[]},"categories":[9],"tags":[3036,3035,186,928],"acf":[],"_links":{"self":[{"href":"https:\/\/www.simepe.com.br\/novo\/wp-json\/wp\/v2\/posts\/47560"}],"collection":[{"href":"https:\/\/www.simepe.com.br\/novo\/wp-json\/wp\/v2\/posts"}],"about":[{"href":"https:\/\/www.simepe.com.br\/novo\/wp-json\/wp\/v2\/types\/post"}],"author":[{"embeddable":true,"href":"https:\/\/www.simepe.com.br\/novo\/wp-json\/wp\/v2\/users\/1"}],"replies":[{"embeddable":true,"href":"https:\/\/www.simepe.com.br\/novo\/wp-json\/wp\/v2\/comments?post=47560"}],"version-history":[{"count":1,"href":"https:\/\/www.simepe.com.br\/novo\/wp-json\/wp\/v2\/posts\/47560\/revisions"}],"predecessor-version":[{"id":47561,"href":"https:\/\/www.simepe.com.br\/novo\/wp-json\/wp\/v2\/posts\/47560\/revisions\/47561"}],"wp:attachment":[{"href":"https:\/\/www.simepe.com.br\/novo\/wp-json\/wp\/v2\/media?parent=47560"}],"wp:term":[{"taxonomy":"category","embeddable":true,"href":"https:\/\/www.simepe.com.br\/novo\/wp-json\/wp\/v2\/categories?post=47560"},{"taxonomy":"post_tag","embeddable":true,"href":"https:\/\/www.simepe.com.br\/novo\/wp-json\/wp\/v2\/tags?post=47560"}],"curies":[{"name":"wp","href":"https:\/\/api.w.org\/{rel}","templated":true}]}}