{"id":47588,"date":"2018-07-08T10:11:56","date_gmt":"2018-07-08T13:11:56","guid":{"rendered":"http:\/\/www.simepe.com.br\/novo\/?p=47588"},"modified":"2018-08-08T10:14:26","modified_gmt":"2018-08-08T13:14:26","slug":"atencao-medicos-08-07-2018","status":"publish","type":"post","link":"https:\/\/www.simepe.com.br\/novo\/atencao-medicos-08-07-2018\/","title":{"rendered":"Aten\u00e7\u00e3o M\u00e9dicos 08.07.2018"},"content":{"rendered":"<p style=\"text-align: center;\"><strong>M\u00e9dicos do Recife intensificam e fortalecem mobiliza\u00e7\u00e3o<\/strong><\/p>\n<p style=\"text-align: justify;\">\nCertos de que a situa\u00e7\u00e3o n\u00e3o pode mais continuar no caos em que se encontra, os m\u00e9dicos que atendem \u00e0s urg\u00eancias\/emerg\u00eancias, maternidades e rede de sa\u00fade mental do Recife voltaram a se reunir em importante qu\u00f3rum na quinta-feira (05.07). A categoria esteve em Assembleia Geral Extraordin\u00e1ria (AGE), comandada por representantes do Simepe &#8211; Tadeu Calheiros e Cl\u00e1udia Beatriz &#8211; na AMPE, para discutir as respostas dadas pela Prefeitura do Recife (PCR) ao pleito reivindicado e deliberar os pr\u00f3ximos rumos do movimento. Durante o encontro, que mostrou muito mais intensidade e for\u00e7a no debate das quest\u00f5es propostas, ficou evidente o descontentamento de toda uma categoria com a falta de condi\u00e7\u00f5es de trabalho, infraestrutura das unidades e de ambul\u00e2ncias, al\u00e9m do abastecimento insuficiente de medica\u00e7\u00f5es importantes \u2013 principalmente no setor de sa\u00fade mental. Ao final da AGE, os m\u00e9dicos deliberaram por seguir com um movimento cada vez mais intenso. Uma comiss\u00e3o j\u00e1 est\u00e1 sendo montada com representante destes setores de atendimento para participar da pr\u00f3xima reuni\u00e3o com a Prefeitura do Recife, no dia 23\/07, \u00e0s 16h. *Uma nova AGE ser\u00e1 realizada no dia 25 de julho. O pr\u00f3ximo encontro ocorrer\u00e1 novamente na AMPE, a partir 19h.<\/p>\n<p style=\"text-align: center;\">\n<strong>M\u00e9dicos da Policl\u00ednica Dr. Beir\u00f3 Uch\u00f4a amea\u00e7am demiss\u00e3o coletiva<\/strong><\/p>\n<p style=\"text-align: justify;\">\nPor conta das medidas e atitudes que foram tomadas nos \u00faltimos dias pela gest\u00e3o de sa\u00fade municipal de Moreno, a proposta de demiss\u00e3o coletiva foi inclu\u00edda na pauta dos m\u00e9dicos plantonistas contratados da Policl\u00ednica Dr. Beir\u00f3 Uch\u00f4a. Em AGE, realizada na \u00faltima quarta-feira (04.07), os profissionais estiveram reunidos com o presidente do Simepe, Tadeu Calheiros, e o advogado Diego Galdino, da Defensoria M\u00e9dica (DM), na sede do Sindicato. Durante toda a reuni\u00e3o, o clima foi de insatisfa\u00e7\u00e3o com den\u00fancias de sobrecarga de trabalho, excesso no n\u00famero de atendimentos &#8211; o que contraria a Resolu\u00e7\u00e3o do Cremepe-, bem como as demiss\u00f5es sem justa causa de alguns profissionais. O Simepe vai solicitar uma reuni\u00e3o emergencial com a Prefeitura de Moreno, em busca de informa\u00e7\u00f5es e esclarecimentos. * Uma nova AGE foi marcada para o dia 11 de julho (quarta-feira), \u00e0s 19h, no pr\u00f3prio Sindicato dos M\u00e9dicos.<\/p>\n<p style=\"text-align: center;\">\n<strong>Estatut\u00e1rios do HC debatem sobre Grupo de Trabalho<\/strong><\/p>\n<p style=\"text-align: justify;\">\nM\u00e9dicos estatut\u00e1rios do Hospital das Cl\u00ednicas da Universidade Federal de Pernambuco (HC\/UFPE) se reuniram na noite da ter\u00e7a-feira (03.07), com o diretor Executivo, Walber Steffano, na sede do Simepe. O objetivo foi discutir quest\u00f5es internas e fazer uma avalia\u00e7\u00e3o de documento, institui\u00e7\u00e3o de grupo de trabalho multidisciplinar, encaminhado pela Superintend\u00eancia do\u00a0 HC. Durante o encontro, foram informados os nomes dos membros do Grupo de Trabalho composto por profissionais da Superintend\u00eancia do HC, Reitoria da UFPE, Simepe e m\u00e9dicos da carreira de t\u00e9cnicos administrativos em educa\u00e7\u00e3o. Vale salientar que o advogado Ricardo Santos da Defensoria M\u00e9dica (DM) tamb\u00e9m participou das discuss\u00f5es.<\/p>\n<p style=\"text-align: center;\">M\u00e9dico, o Sindicato \u00e9 voc\u00ea! N\u00e3o h\u00e1 sindicato sem luta.<\/p>\n<p style=\"text-align: center;\">N\u00e3o h\u00e1 luta sem sindicato!<\/p>\n<p style=\"text-align: center;\">Recife, 08 de julho de 2018<br \/>\nA DIRETORIA EXECUTIVA<\/p>\n","protected":false},"excerpt":{"rendered":"<p>M\u00e9dicos do Recife intensificam e fortalecem mobiliza\u00e7\u00e3o Certos de que a situa\u00e7\u00e3o n\u00e3o pode mais continuar no caos em que se encontra, os m\u00e9dicos que atendem \u00e0s urg\u00eancias\/emerg\u00eancias, maternidades e rede de sa\u00fade mental do Recife voltaram a se reunir em importante qu\u00f3rum na quinta-feira (05.07). A categoria esteve em Assembleia Geral Extraordin\u00e1ria (AGE), comandada [&hellip;]<\/p>\n","protected":false},"author":1,"featured_media":0,"comment_status":"open","ping_status":"open","sticky":false,"template":"","format":"standard","meta":{"ocean_post_layout":"","ocean_both_sidebars_style":"","ocean_both_sidebars_content_width":0,"ocean_both_sidebars_sidebars_width":0,"ocean_sidebar":"","ocean_second_sidebar":"","ocean_disable_margins":"enable","ocean_add_body_class":"","ocean_shortcode_before_top_bar":"","ocean_shortcode_after_top_bar":"","ocean_shortcode_before_header":"","ocean_shortcode_after_header":"","ocean_has_shortcode":"","ocean_shortcode_after_title":"","ocean_shortcode_before_footer_widgets":"","ocean_shortcode_after_footer_widgets":"","ocean_shortcode_before_footer_bottom":"","ocean_shortcode_after_footer_bottom":"","ocean_display_top_bar":"default","ocean_display_header":"default","ocean_header_style":"","ocean_center_header_left_menu":"","ocean_custom_header_template":"","ocean_custom_logo":0,"ocean_custom_retina_logo":0,"ocean_custom_logo_max_width":0,"ocean_custom_logo_tablet_max_width":0,"ocean_custom_logo_mobile_max_width":0,"ocean_custom_logo_max_height":0,"ocean_custom_logo_tablet_max_height":0,"ocean_custom_logo_mobile_max_height":0,"ocean_header_custom_menu":"","ocean_menu_typo_font_family":"","ocean_menu_typo_font_subset":"","ocean_menu_typo_font_size":0,"ocean_menu_typo_font_size_tablet":0,"ocean_menu_typo_font_size_mobile":0,"ocean_menu_typo_font_size_unit":"px","ocean_menu_typo_font_weight":"","ocean_menu_typo_font_weight_tablet":"","ocean_menu_typo_font_weight_mobile":"","ocean_menu_typo_transform":"","ocean_menu_typo_transform_tablet":"","ocean_menu_typo_transform_mobile":"","ocean_menu_typo_line_height":0,"ocean_menu_typo_line_height_tablet":0,"ocean_menu_typo_line_height_mobile":0,"ocean_menu_typo_line_height_unit":"","ocean_menu_typo_spacing":0,"ocean_menu_typo_spacing_tablet":0,"ocean_menu_typo_spacing_mobile":0,"ocean_menu_typo_spacing_unit":"","ocean_menu_link_color":"","ocean_menu_link_color_hover":"","ocean_menu_link_color_active":"","ocean_menu_link_background":"","ocean_menu_link_hover_background":"","ocean_menu_link_active_background":"","ocean_menu_social_links_bg":"","ocean_menu_social_hover_links_bg":"","ocean_menu_social_links_color":"","ocean_menu_social_hover_links_color":"","ocean_disable_title":"default","ocean_disable_heading":"default","ocean_post_title":"","ocean_post_subheading":"","ocean_post_title_style":"","ocean_post_title_background_color":"","ocean_post_title_background":0,"ocean_post_title_bg_image_position":"","ocean_post_title_bg_image_attachment":"","ocean_post_title_bg_image_repeat":"","ocean_post_title_bg_image_size":"","ocean_post_title_height":0,"ocean_post_title_bg_overlay":0.5,"ocean_post_title_bg_overlay_color":"","ocean_disable_breadcrumbs":"default","ocean_breadcrumbs_color":"","ocean_breadcrumbs_separator_color":"","ocean_breadcrumbs_links_color":"","ocean_breadcrumbs_links_hover_color":"","ocean_display_footer_widgets":"default","ocean_display_footer_bottom":"default","ocean_custom_footer_template":"","ocean_post_oembed":"","ocean_post_self_hosted_media":"","ocean_post_video_embed":"","ocean_link_format":"","ocean_link_format_target":"self","ocean_quote_format":"","ocean_quote_format_link":"post","ocean_gallery_link_images":"on","ocean_gallery_id":[]},"categories":[1],"tags":[],"acf":[],"_links":{"self":[{"href":"https:\/\/www.simepe.com.br\/novo\/wp-json\/wp\/v2\/posts\/47588"}],"collection":[{"href":"https:\/\/www.simepe.com.br\/novo\/wp-json\/wp\/v2\/posts"}],"about":[{"href":"https:\/\/www.simepe.com.br\/novo\/wp-json\/wp\/v2\/types\/post"}],"author":[{"embeddable":true,"href":"https:\/\/www.simepe.com.br\/novo\/wp-json\/wp\/v2\/users\/1"}],"replies":[{"embeddable":true,"href":"https:\/\/www.simepe.com.br\/novo\/wp-json\/wp\/v2\/comments?post=47588"}],"version-history":[{"count":1,"href":"https:\/\/www.simepe.com.br\/novo\/wp-json\/wp\/v2\/posts\/47588\/revisions"}],"predecessor-version":[{"id":47589,"href":"https:\/\/www.simepe.com.br\/novo\/wp-json\/wp\/v2\/posts\/47588\/revisions\/47589"}],"wp:attachment":[{"href":"https:\/\/www.simepe.com.br\/novo\/wp-json\/wp\/v2\/media?parent=47588"}],"wp:term":[{"taxonomy":"category","embeddable":true,"href":"https:\/\/www.simepe.com.br\/novo\/wp-json\/wp\/v2\/categories?post=47588"},{"taxonomy":"post_tag","embeddable":true,"href":"https:\/\/www.simepe.com.br\/novo\/wp-json\/wp\/v2\/tags?post=47588"}],"curies":[{"name":"wp","href":"https:\/\/api.w.org\/{rel}","templated":true}]}}