{"id":47602,"date":"2018-08-09T09:10:43","date_gmt":"2018-08-09T12:10:43","guid":{"rendered":"http:\/\/www.simepe.com.br\/novo\/?p=47602"},"modified":"2018-08-09T09:10:43","modified_gmt":"2018-08-09T12:10:43","slug":"hospital-fechado-em-2004-em-caruaru-tem-40-dias-para-reabrir","status":"publish","type":"post","link":"https:\/\/www.simepe.com.br\/novo\/hospital-fechado-em-2004-em-caruaru-tem-40-dias-para-reabrir\/","title":{"rendered":"Hospital fechado em 2004 em Caruaru tem 40 dias para reabrir"},"content":{"rendered":"<p style=\"text-align: justify;\"><img src=\"https:\/\/img1.ne10.uol.com.br\/tvjornal\/imagem\/noticia\/normal\/2018\/08\/08\/93348dd44fefa09a755c5b4727e31f93.jpg\" alt=\"\" \/><\/p>\n<p style=\"text-align: justify;\">H\u00e1 14 anos fechado para reforma, no Hospital S\u00e3o Sebasti\u00e3o, em Caruaru, no Agreste do Estado, \u00e9 poss\u00edvel ver os sinais de abandono. Muito lixo e indigna\u00e7\u00e3o da popula\u00e7\u00e3o foi s\u00f3 o que sobrou para contar a hist\u00f3ria. \u201cO pessoal, ao inv\u00e9s de ser atendido no centro da cidade, perto de todo mundo, precisa se deslocar para outra regi\u00e3o, que tem hospitais ainda mais lotados\u201d, explica o taxista Jos\u00e9 Rodrigues.<\/p>\n<p style=\"text-align: justify;\"><strong>Justi\u00e7a<\/strong><\/p>\n<p style=\"text-align: justify;\">\nUma a\u00e7\u00e3o civil-p\u00fablica ajuizada pela 4\u00ba Promotoria de Justi\u00e7a da Defesa e Cidadania de Caruaru prev\u00ea a regulariza\u00e7\u00e3o das atividades de sa\u00fade do Hospital S\u00e3o Sebasti\u00e3o e do Hospital Regional do Agreste. A a\u00e7\u00e3o determina que a Secretaria Estadual de Sa\u00fade reabra em, no m\u00e1ximo, 40 dias, o Hospital S\u00e3o Sebasti\u00e3o.<\/p>\n<p style=\"text-align: justify;\"><strong>Hospital Regional do Agreste<\/strong><\/p>\n<p style=\"text-align: justify;\">\nNessa mesma a\u00e7\u00e3o est\u00e1 tamb\u00e9m a determina\u00e7\u00e3o de conclus\u00e3o de uma obra que fechou o Hospital Regional do Agreste. Em at\u00e9 100 dias deve ser conclu\u00edda a restaura\u00e7\u00e3o das partes hidr\u00e1ulica e el\u00e9trica da unidade de sa\u00fade.<\/p>\n<p style=\"text-align: justify;\"><a href=\"http:\/\/tvjornal.ne10.uol.com.br\/noticia\/ultimas\/2018\/08\/08\/hospital-fechado-em-2004-em-caruaru-tem-40-dias-para-reabrir-46633.php\">Assista a mat\u00e9ria clicando aqui.<\/a><\/p>\n<p style=\"text-align: justify;\">\n<p style=\"text-align: justify;\">Fonte: TV Jornal<\/p>\n<p>&nbsp;<\/p>\n","protected":false},"excerpt":{"rendered":"<p>H\u00e1 14 anos fechado para reforma, no Hospital S\u00e3o Sebasti\u00e3o, em Caruaru, no Agreste do Estado, \u00e9 poss\u00edvel ver os sinais de abandono. Muito lixo e indigna\u00e7\u00e3o da popula\u00e7\u00e3o foi s\u00f3 o que sobrou para contar a hist\u00f3ria. \u201cO pessoal, ao inv\u00e9s de ser atendido no centro da cidade, perto de todo mundo, precisa se [&hellip;]<\/p>\n","protected":false},"author":1,"featured_media":0,"comment_status":"open","ping_status":"open","sticky":false,"template":"","format":"standard","meta":{"ocean_post_layout":"","ocean_both_sidebars_style":"","ocean_both_sidebars_content_width":0,"ocean_both_sidebars_sidebars_width":0,"ocean_sidebar":"","ocean_second_sidebar":"","ocean_disable_margins":"enable","ocean_add_body_class":"","ocean_shortcode_before_top_bar":"","ocean_shortcode_after_top_bar":"","ocean_shortcode_before_header":"","ocean_shortcode_after_header":"","ocean_has_shortcode":"","ocean_shortcode_after_title":"","ocean_shortcode_before_footer_widgets":"","ocean_shortcode_after_footer_widgets":"","ocean_shortcode_before_footer_bottom":"","ocean_shortcode_after_footer_bottom":"","ocean_display_top_bar":"default","ocean_display_header":"default","ocean_header_style":"","ocean_center_header_left_menu":"","ocean_custom_header_template":"","ocean_custom_logo":0,"ocean_custom_retina_logo":0,"ocean_custom_logo_max_width":0,"ocean_custom_logo_tablet_max_width":0,"ocean_custom_logo_mobile_max_width":0,"ocean_custom_logo_max_height":0,"ocean_custom_logo_tablet_max_height":0,"ocean_custom_logo_mobile_max_height":0,"ocean_header_custom_menu":"","ocean_menu_typo_font_family":"","ocean_menu_typo_font_subset":"","ocean_menu_typo_font_size":0,"ocean_menu_typo_font_size_tablet":0,"ocean_menu_typo_font_size_mobile":0,"ocean_menu_typo_font_size_unit":"px","ocean_menu_typo_font_weight":"","ocean_menu_typo_font_weight_tablet":"","ocean_menu_typo_font_weight_mobile":"","ocean_menu_typo_transform":"","ocean_menu_typo_transform_tablet":"","ocean_menu_typo_transform_mobile":"","ocean_menu_typo_line_height":0,"ocean_menu_typo_line_height_tablet":0,"ocean_menu_typo_line_height_mobile":0,"ocean_menu_typo_line_height_unit":"","ocean_menu_typo_spacing":0,"ocean_menu_typo_spacing_tablet":0,"ocean_menu_typo_spacing_mobile":0,"ocean_menu_typo_spacing_unit":"","ocean_menu_link_color":"","ocean_menu_link_color_hover":"","ocean_menu_link_color_active":"","ocean_menu_link_background":"","ocean_menu_link_hover_background":"","ocean_menu_link_active_background":"","ocean_menu_social_links_bg":"","ocean_menu_social_hover_links_bg":"","ocean_menu_social_links_color":"","ocean_menu_social_hover_links_color":"","ocean_disable_title":"default","ocean_disable_heading":"default","ocean_post_title":"","ocean_post_subheading":"","ocean_post_title_style":"","ocean_post_title_background_color":"","ocean_post_title_background":0,"ocean_post_title_bg_image_position":"","ocean_post_title_bg_image_attachment":"","ocean_post_title_bg_image_repeat":"","ocean_post_title_bg_image_size":"","ocean_post_title_height":0,"ocean_post_title_bg_overlay":0.5,"ocean_post_title_bg_overlay_color":"","ocean_disable_breadcrumbs":"default","ocean_breadcrumbs_color":"","ocean_breadcrumbs_separator_color":"","ocean_breadcrumbs_links_color":"","ocean_breadcrumbs_links_hover_color":"","ocean_display_footer_widgets":"default","ocean_display_footer_bottom":"default","ocean_custom_footer_template":"","ocean_post_oembed":"","ocean_post_self_hosted_media":"","ocean_post_video_embed":"","ocean_link_format":"","ocean_link_format_target":"self","ocean_quote_format":"","ocean_quote_format_link":"post","ocean_gallery_link_images":"on","ocean_gallery_id":[]},"categories":[9],"tags":[45,107,3041],"acf":[],"_links":{"self":[{"href":"https:\/\/www.simepe.com.br\/novo\/wp-json\/wp\/v2\/posts\/47602"}],"collection":[{"href":"https:\/\/www.simepe.com.br\/novo\/wp-json\/wp\/v2\/posts"}],"about":[{"href":"https:\/\/www.simepe.com.br\/novo\/wp-json\/wp\/v2\/types\/post"}],"author":[{"embeddable":true,"href":"https:\/\/www.simepe.com.br\/novo\/wp-json\/wp\/v2\/users\/1"}],"replies":[{"embeddable":true,"href":"https:\/\/www.simepe.com.br\/novo\/wp-json\/wp\/v2\/comments?post=47602"}],"version-history":[{"count":1,"href":"https:\/\/www.simepe.com.br\/novo\/wp-json\/wp\/v2\/posts\/47602\/revisions"}],"predecessor-version":[{"id":47603,"href":"https:\/\/www.simepe.com.br\/novo\/wp-json\/wp\/v2\/posts\/47602\/revisions\/47603"}],"wp:attachment":[{"href":"https:\/\/www.simepe.com.br\/novo\/wp-json\/wp\/v2\/media?parent=47602"}],"wp:term":[{"taxonomy":"category","embeddable":true,"href":"https:\/\/www.simepe.com.br\/novo\/wp-json\/wp\/v2\/categories?post=47602"},{"taxonomy":"post_tag","embeddable":true,"href":"https:\/\/www.simepe.com.br\/novo\/wp-json\/wp\/v2\/tags?post=47602"}],"curies":[{"name":"wp","href":"https:\/\/api.w.org\/{rel}","templated":true}]}}