{"id":47628,"date":"2018-08-10T09:14:38","date_gmt":"2018-08-10T12:14:38","guid":{"rendered":"http:\/\/www.simepe.com.br\/novo\/?p=47628"},"modified":"2018-08-10T09:14:38","modified_gmt":"2018-08-10T12:14:38","slug":"cremepe-deve-anunciar-nova-gestao-ate-o-fim-desta-quinta","status":"publish","type":"post","link":"https:\/\/www.simepe.com.br\/novo\/cremepe-deve-anunciar-nova-gestao-ate-o-fim-desta-quinta\/","title":{"rendered":"Cremepe deve anunciar nova gest\u00e3o at\u00e9 o fim desta quinta"},"content":{"rendered":"<p style=\"text-align: justify;\">At\u00e9 o fim da tarde dessa quarta-feira (8), mais de 10 mil dos 18 mil profissionais aptos no col\u00e9gio eleitoral j\u00e1 tinham computado seus votos<\/p>\n<p style=\"text-align: justify;\">A nova gest\u00e3o do Conselho Regional de Medicina de Pernambuco (Cremepe) deve ser anunciada nesta quinta-feira (9), ap\u00f3s dois dias de vota\u00e7\u00e3o em todo o estado. Duas chapas disputam o pleito para o quinqu\u00eanio 2018-2023. At\u00e9 o fim da tarde dessa quarta-feira, mais de 10 mil dos 18 mil profissionais aptos no col\u00e9gio eleitoral j\u00e1 tinham computado seus votos. A apura\u00e7\u00e3o deve ser encerrada no fim da tarde desta quinta (9), quando dever\u00e3o ser anunciados os 40 novos escolhidos para membros da diretoria do Cremepe.<\/p>\n<p style=\"text-align: justify;\">O pleito aconteceu na ter\u00e7a e quarta, com urnas distribu\u00eddas por todo o estado, em diversos hospitais e entidades ligadas \u00e0 profiss\u00e3o. As elei\u00e7\u00f5es foram realizadas por voto direto e secreto. Segundo a Resolu\u00e7\u00e3o do Conselho Federal de Medicina (CFM), o voto \u00e9 obrigat\u00f3rio para todos os m\u00e9dicos, que devem estar adimplentes no respectivo conselho regional. Os votos por correspond\u00eancia chegaram a 1,4 mil cartas recebidas.<\/p>\n<p style=\"text-align: justify;\">De acordo com o neurologista Gilson Edmar, presidente da Comiss\u00e3o Eleitoral, quem n\u00e3o participou do pleito tem 60 dias para justificar a aus\u00eancia. O ato pode ser feito de forma presencial, na sede do Cremepe, localizada na Rua Conselheiro Portela, 203, no Espinheiro, ou atrav\u00e9s do site www.cremepe.org.br. Quem n\u00e3o justificar pagar\u00e1 multa.<\/p>\n<p style=\"text-align: justify;\">\u201cNas primeiras horas de vota\u00e7\u00e3o, na ter\u00e7a-feira de manh\u00e3, e ontem \u00e0 tarde, o movimento foi muito grande. Acreditamos que no m\u00e1ximo no fim da tarde estaremos com os resultados em m\u00e3os. Apesar de o voto ser no papel, a apura\u00e7\u00e3o \u00e9 feita de forma eletr\u00f4nica atrav\u00e9s de leitura \u00f3tica\u201d, afirmou Gilson Edmar. Al\u00e9m dele, participam como secret\u00e1rios da Comiss\u00e3o Eleitoral os m\u00e9dicos Carlos Alberto S\u00e1 Marques e Fernando Ver\u00e7osa.<\/p>\n<p style=\"text-align: justify;\">\u201cUm dos problemas que vejo \u00e9 a quantidade de cursos de medicina. S\u00e3o 13 em todo o estado. Proporcionalmente, essas faculdades colocam mais m\u00e9dicos no mercado do que ele tem capacidade para absorver. Por\u00e9m h\u00e1 cidades do interior nas quais faltam profissionais\u201d, opina o m\u00e9dico do trabalho Gustavo Rosas, no seor h\u00e1 17 anos. Para ele, a atua\u00e7\u00e3o do conselho \u00e9 hoje \u201cinerte\u201d. O profissional tamb\u00e9m espera mais transpar\u00eancia das contas da entidade.<\/p>\n<p style=\"text-align: justify;\">O pediatra S\u00e9rgio Denizard j\u00e1 ocupou uma cadeira do conselho entre os anos de 1998 e 2003 e acredita que nem sempre \u00e9 poss\u00edvel fazer uma gest\u00e3o que agrade a todos. Ele votou na ter\u00e7a de manh\u00e3, na urna instalada no Hospital Agamenon Magalh\u00e3es.<\/p>\n<p style=\"text-align: justify;\">\u201cN\u00e3o acho que o Cremepe seja inerte. \u00c9 uma autarquia federal sustentada pelos m\u00e9dicos, cujas contas s\u00e3o fiscalizadas pelo Tribunal de Contas. Como j\u00e1 fiz parte da entidade, sei como \u00e9 dif\u00edcil \u00e0s vezes. E eu espero que essa nova gest\u00e3o seja capaz de cumprir as propostas pautadas nas campanhas\u201d, disse Denizard. A chapa 1 \u00e9 da situa\u00e7\u00e3o e concorreu com o lema \u201c\u00c9tica em Respeito ao M\u00e9dico\u201d. A chapa 2 \u00e9 oposi\u00e7\u00e3o e participou da disputa com o lema \u201cMudar e Agir\u201d. Ap\u00f3s a elei\u00e7\u00e3o do novo conselho, a chapa vitoriosa se reunir\u00e1 para escolher os novos presidente e vice-presidente da entidade.<\/p>\n<p style=\"text-align: justify;\">\n<p style=\"text-align: justify;\">Fonte: Diario de Pernambuco<\/p>\n","protected":false},"excerpt":{"rendered":"<p>At\u00e9 o fim da tarde dessa quarta-feira (8), mais de 10 mil dos 18 mil profissionais aptos no col\u00e9gio eleitoral j\u00e1 tinham computado seus votos A nova gest\u00e3o do Conselho Regional de Medicina de Pernambuco (Cremepe) deve ser anunciada nesta quinta-feira (9), ap\u00f3s dois dias de vota\u00e7\u00e3o em todo o estado. Duas chapas disputam o [&hellip;]<\/p>\n","protected":false},"author":1,"featured_media":0,"comment_status":"open","ping_status":"open","sticky":false,"template":"","format":"standard","meta":{"ocean_post_layout":"","ocean_both_sidebars_style":"","ocean_both_sidebars_content_width":0,"ocean_both_sidebars_sidebars_width":0,"ocean_sidebar":"","ocean_second_sidebar":"","ocean_disable_margins":"enable","ocean_add_body_class":"","ocean_shortcode_before_top_bar":"","ocean_shortcode_after_top_bar":"","ocean_shortcode_before_header":"","ocean_shortcode_after_header":"","ocean_has_shortcode":"","ocean_shortcode_after_title":"","ocean_shortcode_before_footer_widgets":"","ocean_shortcode_after_footer_widgets":"","ocean_shortcode_before_footer_bottom":"","ocean_shortcode_after_footer_bottom":"","ocean_display_top_bar":"default","ocean_display_header":"default","ocean_header_style":"","ocean_center_header_left_menu":"","ocean_custom_header_template":"","ocean_custom_logo":0,"ocean_custom_retina_logo":0,"ocean_custom_logo_max_width":0,"ocean_custom_logo_tablet_max_width":0,"ocean_custom_logo_mobile_max_width":0,"ocean_custom_logo_max_height":0,"ocean_custom_logo_tablet_max_height":0,"ocean_custom_logo_mobile_max_height":0,"ocean_header_custom_menu":"","ocean_menu_typo_font_family":"","ocean_menu_typo_font_subset":"","ocean_menu_typo_font_size":0,"ocean_menu_typo_font_size_tablet":0,"ocean_menu_typo_font_size_mobile":0,"ocean_menu_typo_font_size_unit":"px","ocean_menu_typo_font_weight":"","ocean_menu_typo_font_weight_tablet":"","ocean_menu_typo_font_weight_mobile":"","ocean_menu_typo_transform":"","ocean_menu_typo_transform_tablet":"","ocean_menu_typo_transform_mobile":"","ocean_menu_typo_line_height":0,"ocean_menu_typo_line_height_tablet":0,"ocean_menu_typo_line_height_mobile":0,"ocean_menu_typo_line_height_unit":"","ocean_menu_typo_spacing":0,"ocean_menu_typo_spacing_tablet":0,"ocean_menu_typo_spacing_mobile":0,"ocean_menu_typo_spacing_unit":"","ocean_menu_link_color":"","ocean_menu_link_color_hover":"","ocean_menu_link_color_active":"","ocean_menu_link_background":"","ocean_menu_link_hover_background":"","ocean_menu_link_active_background":"","ocean_menu_social_links_bg":"","ocean_menu_social_hover_links_bg":"","ocean_menu_social_links_color":"","ocean_menu_social_hover_links_color":"","ocean_disable_title":"default","ocean_disable_heading":"default","ocean_post_title":"","ocean_post_subheading":"","ocean_post_title_style":"","ocean_post_title_background_color":"","ocean_post_title_background":0,"ocean_post_title_bg_image_position":"","ocean_post_title_bg_image_attachment":"","ocean_post_title_bg_image_repeat":"","ocean_post_title_bg_image_size":"","ocean_post_title_height":0,"ocean_post_title_bg_overlay":0.5,"ocean_post_title_bg_overlay_color":"","ocean_disable_breadcrumbs":"default","ocean_breadcrumbs_color":"","ocean_breadcrumbs_separator_color":"","ocean_breadcrumbs_links_color":"","ocean_breadcrumbs_links_hover_color":"","ocean_display_footer_widgets":"default","ocean_display_footer_bottom":"default","ocean_custom_footer_template":"","ocean_post_oembed":"","ocean_post_self_hosted_media":"","ocean_post_video_embed":"","ocean_link_format":"","ocean_link_format_target":"self","ocean_quote_format":"","ocean_quote_format_link":"post","ocean_gallery_link_images":"on","ocean_gallery_id":[]},"categories":[9],"tags":[67,55,3029,75],"acf":[],"_links":{"self":[{"href":"https:\/\/www.simepe.com.br\/novo\/wp-json\/wp\/v2\/posts\/47628"}],"collection":[{"href":"https:\/\/www.simepe.com.br\/novo\/wp-json\/wp\/v2\/posts"}],"about":[{"href":"https:\/\/www.simepe.com.br\/novo\/wp-json\/wp\/v2\/types\/post"}],"author":[{"embeddable":true,"href":"https:\/\/www.simepe.com.br\/novo\/wp-json\/wp\/v2\/users\/1"}],"replies":[{"embeddable":true,"href":"https:\/\/www.simepe.com.br\/novo\/wp-json\/wp\/v2\/comments?post=47628"}],"version-history":[{"count":1,"href":"https:\/\/www.simepe.com.br\/novo\/wp-json\/wp\/v2\/posts\/47628\/revisions"}],"predecessor-version":[{"id":47629,"href":"https:\/\/www.simepe.com.br\/novo\/wp-json\/wp\/v2\/posts\/47628\/revisions\/47629"}],"wp:attachment":[{"href":"https:\/\/www.simepe.com.br\/novo\/wp-json\/wp\/v2\/media?parent=47628"}],"wp:term":[{"taxonomy":"category","embeddable":true,"href":"https:\/\/www.simepe.com.br\/novo\/wp-json\/wp\/v2\/categories?post=47628"},{"taxonomy":"post_tag","embeddable":true,"href":"https:\/\/www.simepe.com.br\/novo\/wp-json\/wp\/v2\/tags?post=47628"}],"curies":[{"name":"wp","href":"https:\/\/api.w.org\/{rel}","templated":true}]}}