{"id":47640,"date":"2018-08-10T09:43:56","date_gmt":"2018-08-10T12:43:56","guid":{"rendered":"http:\/\/www.simepe.com.br\/novo\/?p=47640"},"modified":"2018-08-10T09:43:56","modified_gmt":"2018-08-10T12:43:56","slug":"tuberculose-e-tema-de-debate-no-cfm","status":"publish","type":"post","link":"https:\/\/www.simepe.com.br\/novo\/tuberculose-e-tema-de-debate-no-cfm\/","title":{"rendered":"Tuberculose \u00e9 tema de debate no CFM"},"content":{"rendered":"<p style=\"text-align: justify;\">As dificuldades para controle da tuberculose no Brasil e no mundo foram discutidas no CFM nesta sexta-feira (3), durante o I F\u00f3rum do CFM sobre a doen\u00e7a no Pa\u00eds. Os tratamentos, dificuldades no enfrentamento e a preocupa\u00e7\u00e3o com a resist\u00eancia do bacilo tuberculoso foram alguns dos desafios debatidos. O encontro reuniu m\u00e9dicos infectologistas e outros especialistas, al\u00e9m de pesquisadores e consultores no tema.<\/p>\n<p style=\"text-align: justify;\">O evento foi aberto pelo presidente do CFM, Carlos Vital Tavares Corr\u00eaa Lima, e pelo conselheiro Sidnei Ferreira. Na cerim\u00f4nia de abertura, o presidente destacou a preocupa\u00e7\u00e3o com a volta de doen\u00e7as como a poliomielite e o sarampo e com o controle da tuberculose. \u201cEstamos atentos \u00e0 quest\u00e3o da tuberculose no Pa\u00eds. Por essa raz\u00e3o, temos no CFM uma Comiss\u00e3o dedicada exclusivamente a discutir o assunto. \u00c9 fundamental o envolvimento dos m\u00e9dicos no combate a essa doen\u00e7a\u201d, ressaltou Carlos Vital.<\/p>\n<p style=\"text-align: justify;\">O F\u00f3rum foi conduzido pelo coordenador da Comiss\u00e3o para Discuss\u00e3o sobre a Tuberculose no Brasil, Sidnei Ferreira, tamb\u00e9m 2\u00ba secret\u00e1rio do CFM. O diretor celebrou o resultado do evento: \u201cas discuss\u00f5es do F\u00f3rum foram extremamente proveitosas, com a participa\u00e7\u00e3o de diversos especialistas e pesquisadores, al\u00e9m de representantes do Minist\u00e9rio da Sa\u00fade. Os participantes pediram a realiza\u00e7\u00e3o de um segundo f\u00f3rum sobre a doen\u00e7a e o apoio do CFM em pesquisa multic\u00eantrica nacional a ser elaborada pelos pesquisadores presentes\u201d, comemora o coordenador do evento. Tamb\u00e9m participaram dos debates do F\u00f3rum os conselheiros Celso Murad, Jeancarlo Cavalcante e L\u00facio Fl\u00e1vio Gonzaga.<\/p>\n<p style=\"text-align: justify;\">As apresenta\u00e7\u00f5es analisaram desafios como a falta de investimentos pela ind\u00fastria farmac\u00eautica, demora no tratamento e recidiva da doen\u00e7a entre os pacientes. Pela manh\u00e3, o F\u00f3rum promoveu a Mesa Redonda Panorama atual da Tuberculose no Brasil, aberta pela apresenta\u00e7\u00e3o \u201cPrimeira d\u00e9cada do tratamento RHZE\/FDC no Brasil\u201d, ministrada pela coordenadora-geral do Programa Nacional de Controle da Tuberculose (PNCT), Denise Arakaki Sanchez.<\/p>\n<p style=\"text-align: justify;\">A representante do Programa apresentou dados sobre a incid\u00eancia da doen\u00e7a e destacou que o Brasil \u00e9 o \u00fanico pa\u00eds das Am\u00e9ricas presente em duas listas de pa\u00edses priorit\u00e1rios, tanto para tratamento de HIV quanto tuberculose.<\/p>\n<p style=\"text-align: justify;\">A palestra foi seguida pela palestra \u201cmedicamentos em doses fixas combinadas, apresentada pela coordenadora-geral de Assist\u00eancia Farmac\u00eautica e Medicamentos Estrat\u00e9gicos do Minist\u00e9rio da Sa\u00fade, Lorena Evangelista; e da palestra sobre o impacto dos primeiros anos de diagn\u00f3stico molecular no Brasil, ministrada pelo coordenador do Programa Acad\u00eamico de Tuberculose \u2013 \u200eFaculdade de Medicina da UFRJ, Afr\u00e2nio kritski. As apresenta\u00e7\u00f5es da manh\u00e3 foram encerradas com a palestra Condutas na infec\u00e7\u00e3o latente, ministrada pela consultora t\u00e9cnica do Programa Nacional de Controle da Tuberculose do Brasil do Minist\u00e9rio da Sa\u00fade, Fernanda Dockhorn seguida de debate.<\/p>\n<p style=\"text-align: justify;\">A mesa redonda realizada \u00e0 tarde discutiu as dificuldades no controle das micobacterioses<\/p>\n<p style=\"text-align: justify;\">No per\u00edodo da tarde, as micobacterioses em debate foi o tema da mesa redonda que contou com apresenta\u00e7\u00f5es sobre inibidores de TNF\/imunol\u00f3gicos, ministrada pelo m\u00e9dico da Divis\u00e3o de Tuberculose da Secretaria da Sa\u00fade de S\u00e3o Paulo e da Prefeitura do Munic\u00edpio de S\u00e3o Paulo, Sidney Bombarda; perspectivas medicamentosas na tuberculose, conduzida pela pesquisadora da Fiocruz Margareth Dalcolmo; al\u00e9m de Tuberculose na popula\u00e7\u00e3o pedi\u00e1trica, com apresenta\u00e7\u00e3o do professor da Faculdade de Medicina da Universidade Federal do Rio de Janeiro \u2013 (UFRJ), Clemax Couto Sant\u00b4Anna. A \u00faltima palestra foi conduzida ainda por Margareth Dalcolmo, tamb\u00e9m membro do Comit\u00ea Assessor em Tuberculose do Minist\u00e9rio da Sa\u00fade. A apresenta\u00e7\u00e3o abordou o tema micobact\u00e9rias nas tuberculoses: doen\u00e7as emergentes?.<\/p>\n<p style=\"text-align: justify;\">O encontro foi encerrado com um debate entre os participantes e sugest\u00f5es de estrat\u00e9gias para o combate \u00e0 tuberculose.<\/p>\n<p style=\"text-align: justify;\">\n<p style=\"text-align: justify;\">Fonte: Assessoria de Comunica\u00e7\u00e3o do Sindicato dos M\u00e9dicos do Par\u00e1 (Sindmepa)<\/p>\n","protected":false},"excerpt":{"rendered":"<p>As dificuldades para controle da tuberculose no Brasil e no mundo foram discutidas no CFM nesta sexta-feira (3), durante o I F\u00f3rum do CFM sobre a doen\u00e7a no Pa\u00eds. Os tratamentos, dificuldades no enfrentamento e a preocupa\u00e7\u00e3o com a resist\u00eancia do bacilo tuberculoso foram alguns dos desafios debatidos. O encontro reuniu m\u00e9dicos infectologistas e outros [&hellip;]<\/p>\n","protected":false},"author":1,"featured_media":47641,"comment_status":"open","ping_status":"open","sticky":false,"template":"","format":"standard","meta":{"ocean_post_layout":"","ocean_both_sidebars_style":"","ocean_both_sidebars_content_width":0,"ocean_both_sidebars_sidebars_width":0,"ocean_sidebar":"","ocean_second_sidebar":"","ocean_disable_margins":"enable","ocean_add_body_class":"","ocean_shortcode_before_top_bar":"","ocean_shortcode_after_top_bar":"","ocean_shortcode_before_header":"","ocean_shortcode_after_header":"","ocean_has_shortcode":"","ocean_shortcode_after_title":"","ocean_shortcode_before_footer_widgets":"","ocean_shortcode_after_footer_widgets":"","ocean_shortcode_before_footer_bottom":"","ocean_shortcode_after_footer_bottom":"","ocean_display_top_bar":"default","ocean_display_header":"default","ocean_header_style":"","ocean_center_header_left_menu":"","ocean_custom_header_template":"","ocean_custom_logo":0,"ocean_custom_retina_logo":0,"ocean_custom_logo_max_width":0,"ocean_custom_logo_tablet_max_width":0,"ocean_custom_logo_mobile_max_width":0,"ocean_custom_logo_max_height":0,"ocean_custom_logo_tablet_max_height":0,"ocean_custom_logo_mobile_max_height":0,"ocean_header_custom_menu":"","ocean_menu_typo_font_family":"","ocean_menu_typo_font_subset":"","ocean_menu_typo_font_size":0,"ocean_menu_typo_font_size_tablet":0,"ocean_menu_typo_font_size_mobile":0,"ocean_menu_typo_font_size_unit":"px","ocean_menu_typo_font_weight":"","ocean_menu_typo_font_weight_tablet":"","ocean_menu_typo_font_weight_mobile":"","ocean_menu_typo_transform":"","ocean_menu_typo_transform_tablet":"","ocean_menu_typo_transform_mobile":"","ocean_menu_typo_line_height":0,"ocean_menu_typo_line_height_tablet":0,"ocean_menu_typo_line_height_mobile":0,"ocean_menu_typo_line_height_unit":"","ocean_menu_typo_spacing":0,"ocean_menu_typo_spacing_tablet":0,"ocean_menu_typo_spacing_mobile":0,"ocean_menu_typo_spacing_unit":"","ocean_menu_link_color":"","ocean_menu_link_color_hover":"","ocean_menu_link_color_active":"","ocean_menu_link_background":"","ocean_menu_link_hover_background":"","ocean_menu_link_active_background":"","ocean_menu_social_links_bg":"","ocean_menu_social_hover_links_bg":"","ocean_menu_social_links_color":"","ocean_menu_social_hover_links_color":"","ocean_disable_title":"default","ocean_disable_heading":"default","ocean_post_title":"","ocean_post_subheading":"","ocean_post_title_style":"","ocean_post_title_background_color":"","ocean_post_title_background":0,"ocean_post_title_bg_image_position":"","ocean_post_title_bg_image_attachment":"","ocean_post_title_bg_image_repeat":"","ocean_post_title_bg_image_size":"","ocean_post_title_height":0,"ocean_post_title_bg_overlay":0.5,"ocean_post_title_bg_overlay_color":"","ocean_disable_breadcrumbs":"default","ocean_breadcrumbs_color":"","ocean_breadcrumbs_separator_color":"","ocean_breadcrumbs_links_color":"","ocean_breadcrumbs_links_hover_color":"","ocean_display_footer_widgets":"default","ocean_display_footer_bottom":"default","ocean_custom_footer_template":"","ocean_post_oembed":"","ocean_post_self_hosted_media":"","ocean_post_video_embed":"","ocean_link_format":"","ocean_link_format_target":"self","ocean_quote_format":"","ocean_quote_format_link":"post","ocean_gallery_link_images":"on","ocean_gallery_id":[]},"categories":[1],"tags":[],"acf":[],"_links":{"self":[{"href":"https:\/\/www.simepe.com.br\/novo\/wp-json\/wp\/v2\/posts\/47640"}],"collection":[{"href":"https:\/\/www.simepe.com.br\/novo\/wp-json\/wp\/v2\/posts"}],"about":[{"href":"https:\/\/www.simepe.com.br\/novo\/wp-json\/wp\/v2\/types\/post"}],"author":[{"embeddable":true,"href":"https:\/\/www.simepe.com.br\/novo\/wp-json\/wp\/v2\/users\/1"}],"replies":[{"embeddable":true,"href":"https:\/\/www.simepe.com.br\/novo\/wp-json\/wp\/v2\/comments?post=47640"}],"version-history":[{"count":1,"href":"https:\/\/www.simepe.com.br\/novo\/wp-json\/wp\/v2\/posts\/47640\/revisions"}],"predecessor-version":[{"id":47642,"href":"https:\/\/www.simepe.com.br\/novo\/wp-json\/wp\/v2\/posts\/47640\/revisions\/47642"}],"wp:featuredmedia":[{"embeddable":true,"href":"https:\/\/www.simepe.com.br\/novo\/wp-json\/wp\/v2\/media\/47641"}],"wp:attachment":[{"href":"https:\/\/www.simepe.com.br\/novo\/wp-json\/wp\/v2\/media?parent=47640"}],"wp:term":[{"taxonomy":"category","embeddable":true,"href":"https:\/\/www.simepe.com.br\/novo\/wp-json\/wp\/v2\/categories?post=47640"},{"taxonomy":"post_tag","embeddable":true,"href":"https:\/\/www.simepe.com.br\/novo\/wp-json\/wp\/v2\/tags?post=47640"}],"curies":[{"name":"wp","href":"https:\/\/api.w.org\/{rel}","templated":true}]}}