{"id":47648,"date":"2018-08-10T09:52:10","date_gmt":"2018-08-10T12:52:10","guid":{"rendered":"http:\/\/www.simepe.com.br\/novo\/?p=47648"},"modified":"2018-08-10T09:52:10","modified_gmt":"2018-08-10T12:52:10","slug":"simesc-orienta-medicos-no-enfrentamento-em-crise-no-hospital-de-tubarao","status":"publish","type":"post","link":"https:\/\/www.simepe.com.br\/novo\/simesc-orienta-medicos-no-enfrentamento-em-crise-no-hospital-de-tubarao\/","title":{"rendered":"SIMESC orienta m\u00e9dicos no enfrentamento em crise no hospital de Tubar\u00e3o"},"content":{"rendered":"<p style=\"text-align: justify;\">Diretores do Simesc e assessores estiveram na noite de quarta-feira, 8 de agosto, em Tubar\u00e3o, para uma reuni\u00e3o com os m\u00e9dicos do Hospital Nossa Senhora da Concei\u00e7\u00e3o. Na pauta, declara\u00e7\u00f5es p\u00fablicas do diretor t\u00e9cnico da unidade de sa\u00fade, Cristiano Alexandre Ferreira, que fez graves acusa\u00e7\u00f5es contra os colegas. O caso repercutiu na C\u00e2mara de Vereadores, na imprensa e virou assunto entre os moradores da cidade, principalmente os que recebem atendimento no hospital.<\/p>\n<p style=\"text-align: justify;\">\u201cTive a oportunidade de conversar com o Cristiano e relatar a ele a opini\u00e3o da diretoria do Simesc: declara\u00e7\u00f5es inadequadas para quem tem acesso a inst\u00e2ncias de den\u00fancias como o Conselho Regional de Medicina (CRM), o Minist\u00e9rio P\u00fablico e a pol\u00edcia, se for o caso. Essa situa\u00e7\u00e3o gerou um grande desconforto\u201d, declara o presidente do Sindicato, Cyro Veiga Soncini.<\/p>\n<p style=\"text-align: justify;\">Para o vice-presidente do Simesc, Leopoldo Back, o caso \u00e9 muito grave e de alguma maneira, Cristiano sair\u00e1 prejudicado. \u201cEle infringiu regras do c\u00f3digo de \u00e9tica m\u00e9dica e ao meu ver, n\u00e3o poderia ter generalizado, colocado todos os m\u00e9dicos em um mesmo barco. Deveria ter buscado pelo menos orienta\u00e7\u00e3o no CRM sobre o que ele deixa a entender ser m\u00e1 pr\u00e1tica m\u00e9dica. Nossa ideia \u00e9 resolver essa quest\u00e3o o quanto antes para que nem m\u00e9dicos, nem a imagem do hospital e sua gest\u00e3o e muito menos os pacientes, sejam prejudicados\u201d, declara<\/p>\n<p style=\"text-align: justify;\">Leopoldo comenta que durante a reuni\u00e3o, os mais de 50 m\u00e9dicos presentes refutaram das coloca\u00e7\u00f5es feitas por Cristiano. \u201cN\u00e3o entramos no m\u00e9rito desse debate. Focamos no primeiro ponto, que \u00e9 conversar com a gest\u00e3o do hospital para tentar superar esse momento e n\u00e3o aumentar e piorar a situa\u00e7\u00e3o\u201d, explica.<\/p>\n<p style=\"text-align: justify;\">Os m\u00e9dicos concordaram com a condu\u00e7\u00e3o do Simesc e aguardam a confirma\u00e7\u00e3o da reuni\u00e3o com a ger\u00eancia do hospital.<\/p>\n<p style=\"text-align: justify;\">Al\u00e9m de Cyro e Leopoldo, o tesoureiro geral do Simesc, Fl\u00e1vio Luiz Vieira e o diretor de Sa\u00fade do Trabalhador, Odimar Pires Pacheco, tamb\u00e9m contribu\u00edram para a condu\u00e7\u00e3o da reuni\u00e3o. O m\u00e9dico Garibaldi Monteiro Bastos, que em breve assumir\u00e1 a Diretoria Regional em Imbituba, tamb\u00e9m esteve no encontro.<\/p>\n<p style=\"text-align: justify;\">O assessoramento jur\u00eddico da reuni\u00e3o foi realizado pelos advogados do Simesc, Erial Lopes de Haro e Rodrigo Machado Leal e a assessoria de imprensa pela jornalista Carla Cavalheiro. A funcion\u00e1ria Juliana Silva tamb\u00e9m participou das atividades em Tubar\u00e3o.<\/p>\n<p style=\"text-align: justify;\">\n<p style=\"text-align: justify;\">Fonte: Assessoria de Comunica\u00e7\u00e3o do Sindicato dos M\u00e9dicos do Estado de Santa Catarina (Simesc)<\/p>\n","protected":false},"excerpt":{"rendered":"<p>Diretores do Simesc e assessores estiveram na noite de quarta-feira, 8 de agosto, em Tubar\u00e3o, para uma reuni\u00e3o com os m\u00e9dicos do Hospital Nossa Senhora da Concei\u00e7\u00e3o. Na pauta, declara\u00e7\u00f5es p\u00fablicas do diretor t\u00e9cnico da unidade de sa\u00fade, Cristiano Alexandre Ferreira, que fez graves acusa\u00e7\u00f5es contra os colegas. O caso repercutiu na C\u00e2mara de Vereadores, [&hellip;]<\/p>\n","protected":false},"author":1,"featured_media":47649,"comment_status":"open","ping_status":"open","sticky":false,"template":"","format":"standard","meta":{"ocean_post_layout":"","ocean_both_sidebars_style":"","ocean_both_sidebars_content_width":0,"ocean_both_sidebars_sidebars_width":0,"ocean_sidebar":"","ocean_second_sidebar":"","ocean_disable_margins":"enable","ocean_add_body_class":"","ocean_shortcode_before_top_bar":"","ocean_shortcode_after_top_bar":"","ocean_shortcode_before_header":"","ocean_shortcode_after_header":"","ocean_has_shortcode":"","ocean_shortcode_after_title":"","ocean_shortcode_before_footer_widgets":"","ocean_shortcode_after_footer_widgets":"","ocean_shortcode_before_footer_bottom":"","ocean_shortcode_after_footer_bottom":"","ocean_display_top_bar":"default","ocean_display_header":"default","ocean_header_style":"","ocean_center_header_left_menu":"","ocean_custom_header_template":"","ocean_custom_logo":0,"ocean_custom_retina_logo":0,"ocean_custom_logo_max_width":0,"ocean_custom_logo_tablet_max_width":0,"ocean_custom_logo_mobile_max_width":0,"ocean_custom_logo_max_height":0,"ocean_custom_logo_tablet_max_height":0,"ocean_custom_logo_mobile_max_height":0,"ocean_header_custom_menu":"","ocean_menu_typo_font_family":"","ocean_menu_typo_font_subset":"","ocean_menu_typo_font_size":0,"ocean_menu_typo_font_size_tablet":0,"ocean_menu_typo_font_size_mobile":0,"ocean_menu_typo_font_size_unit":"px","ocean_menu_typo_font_weight":"","ocean_menu_typo_font_weight_tablet":"","ocean_menu_typo_font_weight_mobile":"","ocean_menu_typo_transform":"","ocean_menu_typo_transform_tablet":"","ocean_menu_typo_transform_mobile":"","ocean_menu_typo_line_height":0,"ocean_menu_typo_line_height_tablet":0,"ocean_menu_typo_line_height_mobile":0,"ocean_menu_typo_line_height_unit":"","ocean_menu_typo_spacing":0,"ocean_menu_typo_spacing_tablet":0,"ocean_menu_typo_spacing_mobile":0,"ocean_menu_typo_spacing_unit":"","ocean_menu_link_color":"","ocean_menu_link_color_hover":"","ocean_menu_link_color_active":"","ocean_menu_link_background":"","ocean_menu_link_hover_background":"","ocean_menu_link_active_background":"","ocean_menu_social_links_bg":"","ocean_menu_social_hover_links_bg":"","ocean_menu_social_links_color":"","ocean_menu_social_hover_links_color":"","ocean_disable_title":"default","ocean_disable_heading":"default","ocean_post_title":"","ocean_post_subheading":"","ocean_post_title_style":"","ocean_post_title_background_color":"","ocean_post_title_background":0,"ocean_post_title_bg_image_position":"","ocean_post_title_bg_image_attachment":"","ocean_post_title_bg_image_repeat":"","ocean_post_title_bg_image_size":"","ocean_post_title_height":0,"ocean_post_title_bg_overlay":0.5,"ocean_post_title_bg_overlay_color":"","ocean_disable_breadcrumbs":"default","ocean_breadcrumbs_color":"","ocean_breadcrumbs_separator_color":"","ocean_breadcrumbs_links_color":"","ocean_breadcrumbs_links_hover_color":"","ocean_display_footer_widgets":"default","ocean_display_footer_bottom":"default","ocean_custom_footer_template":"","ocean_post_oembed":"","ocean_post_self_hosted_media":"","ocean_post_video_embed":"","ocean_link_format":"","ocean_link_format_target":"self","ocean_quote_format":"","ocean_quote_format_link":"post","ocean_gallery_link_images":"on","ocean_gallery_id":[]},"categories":[1],"tags":[],"acf":[],"_links":{"self":[{"href":"https:\/\/www.simepe.com.br\/novo\/wp-json\/wp\/v2\/posts\/47648"}],"collection":[{"href":"https:\/\/www.simepe.com.br\/novo\/wp-json\/wp\/v2\/posts"}],"about":[{"href":"https:\/\/www.simepe.com.br\/novo\/wp-json\/wp\/v2\/types\/post"}],"author":[{"embeddable":true,"href":"https:\/\/www.simepe.com.br\/novo\/wp-json\/wp\/v2\/users\/1"}],"replies":[{"embeddable":true,"href":"https:\/\/www.simepe.com.br\/novo\/wp-json\/wp\/v2\/comments?post=47648"}],"version-history":[{"count":1,"href":"https:\/\/www.simepe.com.br\/novo\/wp-json\/wp\/v2\/posts\/47648\/revisions"}],"predecessor-version":[{"id":47650,"href":"https:\/\/www.simepe.com.br\/novo\/wp-json\/wp\/v2\/posts\/47648\/revisions\/47650"}],"wp:featuredmedia":[{"embeddable":true,"href":"https:\/\/www.simepe.com.br\/novo\/wp-json\/wp\/v2\/media\/47649"}],"wp:attachment":[{"href":"https:\/\/www.simepe.com.br\/novo\/wp-json\/wp\/v2\/media?parent=47648"}],"wp:term":[{"taxonomy":"category","embeddable":true,"href":"https:\/\/www.simepe.com.br\/novo\/wp-json\/wp\/v2\/categories?post=47648"},{"taxonomy":"post_tag","embeddable":true,"href":"https:\/\/www.simepe.com.br\/novo\/wp-json\/wp\/v2\/tags?post=47648"}],"curies":[{"name":"wp","href":"https:\/\/api.w.org\/{rel}","templated":true}]}}