{"id":47664,"date":"2018-08-13T10:14:31","date_gmt":"2018-08-13T13:14:31","guid":{"rendered":"http:\/\/www.simepe.com.br\/novo\/?p=47664"},"modified":"2018-08-13T10:14:31","modified_gmt":"2018-08-13T13:14:31","slug":"chapa-do-atual-presidente-e-eleita-para-cremepe","status":"publish","type":"post","link":"https:\/\/www.simepe.com.br\/novo\/chapa-do-atual-presidente-e-eleita-para-cremepe\/","title":{"rendered":"Chapa do atual presidente \u00e9 eleita para Cremepe"},"content":{"rendered":"<p style=\"text-align: justify;\">A nova gest\u00e3o ter\u00e1 in\u00edcio a partir do dia 1\u00ba de outubro<\/p>\n<p style=\"text-align: justify;\">Com a presen\u00e7a do atual presidente do conselho, Andr\u00e9 Dubeux, a Chapa 1: \u00c9tica em Respeito ao M\u00e9dico, foi eleita por 56% dos votos para os pr\u00f3ximos cinco anos \u00e0 frente do Conselho Regional de Medicina de Pernambuco (Cremepe). A chapa vencedora obteve 5.949 dos votos v\u00e1lidos (56%) contra 4.610 (44%) da Chapa 2: Mudar e Agir.<\/p>\n<p style=\"text-align: justify;\">As c\u00e9dulas preenchidas pelos quase 18 mil profissionais foram conferidas nessas \u00faltimas quarta e quinta-feiras, e o resultado saiu no fim da noite desta-feira (11). A nova gest\u00e3o ter\u00e1 in\u00edcio a partir do dia 1\u00ba de outubro. Segundo o grupo, a futuro presidente ainda ser\u00e1 definido.<\/p>\n<p style=\"text-align: justify;\">O grupo, segundo divulgou a assessoria do Cremepe, se compromete a preservar a unidade das entidades m\u00e9dicas e a cobrar a aplica\u00e7\u00e3o das resolu\u00e7\u00f5es dos conselhos estadual e federal na rede de assist\u00eancia \u00e0 sa\u00fade, al\u00e9m de viabilizar o N\u00facleo Assistencial \u00e0 Sa\u00fade Mental do M\u00e9dico (Nasmed), com apoio do Conselho Federal de Medicina.<\/p>\n<p style=\"text-align: justify;\">\n<p style=\"text-align: justify;\">Fonte: Folha de Pernambuco<\/p>\n","protected":false},"excerpt":{"rendered":"<p>A nova gest\u00e3o ter\u00e1 in\u00edcio a partir do dia 1\u00ba de outubro Com a presen\u00e7a do atual presidente do conselho, Andr\u00e9 Dubeux, a Chapa 1: \u00c9tica em Respeito ao M\u00e9dico, foi eleita por 56% dos votos para os pr\u00f3ximos cinco anos \u00e0 frente do Conselho Regional de Medicina de Pernambuco (Cremepe). A chapa vencedora obteve [&hellip;]<\/p>\n","protected":false},"author":1,"featured_media":0,"comment_status":"open","ping_status":"open","sticky":false,"template":"","format":"standard","meta":{"ocean_post_layout":"","ocean_both_sidebars_style":"","ocean_both_sidebars_content_width":0,"ocean_both_sidebars_sidebars_width":0,"ocean_sidebar":"","ocean_second_sidebar":"","ocean_disable_margins":"enable","ocean_add_body_class":"","ocean_shortcode_before_top_bar":"","ocean_shortcode_after_top_bar":"","ocean_shortcode_before_header":"","ocean_shortcode_after_header":"","ocean_has_shortcode":"","ocean_shortcode_after_title":"","ocean_shortcode_before_footer_widgets":"","ocean_shortcode_after_footer_widgets":"","ocean_shortcode_before_footer_bottom":"","ocean_shortcode_after_footer_bottom":"","ocean_display_top_bar":"default","ocean_display_header":"default","ocean_header_style":"","ocean_center_header_left_menu":"","ocean_custom_header_template":"","ocean_custom_logo":0,"ocean_custom_retina_logo":0,"ocean_custom_logo_max_width":0,"ocean_custom_logo_tablet_max_width":0,"ocean_custom_logo_mobile_max_width":0,"ocean_custom_logo_max_height":0,"ocean_custom_logo_tablet_max_height":0,"ocean_custom_logo_mobile_max_height":0,"ocean_header_custom_menu":"","ocean_menu_typo_font_family":"","ocean_menu_typo_font_subset":"","ocean_menu_typo_font_size":0,"ocean_menu_typo_font_size_tablet":0,"ocean_menu_typo_font_size_mobile":0,"ocean_menu_typo_font_size_unit":"px","ocean_menu_typo_font_weight":"","ocean_menu_typo_font_weight_tablet":"","ocean_menu_typo_font_weight_mobile":"","ocean_menu_typo_transform":"","ocean_menu_typo_transform_tablet":"","ocean_menu_typo_transform_mobile":"","ocean_menu_typo_line_height":0,"ocean_menu_typo_line_height_tablet":0,"ocean_menu_typo_line_height_mobile":0,"ocean_menu_typo_line_height_unit":"","ocean_menu_typo_spacing":0,"ocean_menu_typo_spacing_tablet":0,"ocean_menu_typo_spacing_mobile":0,"ocean_menu_typo_spacing_unit":"","ocean_menu_link_color":"","ocean_menu_link_color_hover":"","ocean_menu_link_color_active":"","ocean_menu_link_background":"","ocean_menu_link_hover_background":"","ocean_menu_link_active_background":"","ocean_menu_social_links_bg":"","ocean_menu_social_hover_links_bg":"","ocean_menu_social_links_color":"","ocean_menu_social_hover_links_color":"","ocean_disable_title":"default","ocean_disable_heading":"default","ocean_post_title":"","ocean_post_subheading":"","ocean_post_title_style":"","ocean_post_title_background_color":"","ocean_post_title_background":0,"ocean_post_title_bg_image_position":"","ocean_post_title_bg_image_attachment":"","ocean_post_title_bg_image_repeat":"","ocean_post_title_bg_image_size":"","ocean_post_title_height":0,"ocean_post_title_bg_overlay":0.5,"ocean_post_title_bg_overlay_color":"","ocean_disable_breadcrumbs":"default","ocean_breadcrumbs_color":"","ocean_breadcrumbs_separator_color":"","ocean_breadcrumbs_links_color":"","ocean_breadcrumbs_links_hover_color":"","ocean_display_footer_widgets":"default","ocean_display_footer_bottom":"default","ocean_custom_footer_template":"","ocean_post_oembed":"","ocean_post_self_hosted_media":"","ocean_post_video_embed":"","ocean_link_format":"","ocean_link_format_target":"self","ocean_quote_format":"","ocean_quote_format_link":"post","ocean_gallery_link_images":"on","ocean_gallery_id":[]},"categories":[9],"tags":[67,55,733,82],"acf":[],"_links":{"self":[{"href":"https:\/\/www.simepe.com.br\/novo\/wp-json\/wp\/v2\/posts\/47664"}],"collection":[{"href":"https:\/\/www.simepe.com.br\/novo\/wp-json\/wp\/v2\/posts"}],"about":[{"href":"https:\/\/www.simepe.com.br\/novo\/wp-json\/wp\/v2\/types\/post"}],"author":[{"embeddable":true,"href":"https:\/\/www.simepe.com.br\/novo\/wp-json\/wp\/v2\/users\/1"}],"replies":[{"embeddable":true,"href":"https:\/\/www.simepe.com.br\/novo\/wp-json\/wp\/v2\/comments?post=47664"}],"version-history":[{"count":1,"href":"https:\/\/www.simepe.com.br\/novo\/wp-json\/wp\/v2\/posts\/47664\/revisions"}],"predecessor-version":[{"id":47665,"href":"https:\/\/www.simepe.com.br\/novo\/wp-json\/wp\/v2\/posts\/47664\/revisions\/47665"}],"wp:attachment":[{"href":"https:\/\/www.simepe.com.br\/novo\/wp-json\/wp\/v2\/media?parent=47664"}],"wp:term":[{"taxonomy":"category","embeddable":true,"href":"https:\/\/www.simepe.com.br\/novo\/wp-json\/wp\/v2\/categories?post=47664"},{"taxonomy":"post_tag","embeddable":true,"href":"https:\/\/www.simepe.com.br\/novo\/wp-json\/wp\/v2\/tags?post=47664"}],"curies":[{"name":"wp","href":"https:\/\/api.w.org\/{rel}","templated":true}]}}