{"id":47692,"date":"2018-08-14T09:10:17","date_gmt":"2018-08-14T12:10:17","guid":{"rendered":"http:\/\/www.simepe.com.br\/novo\/?p=47692"},"modified":"2018-08-14T09:10:17","modified_gmt":"2018-08-14T12:10:17","slug":"sindmepa-informa-12-08-2018","status":"publish","type":"post","link":"https:\/\/www.simepe.com.br\/novo\/sindmepa-informa-12-08-2018\/","title":{"rendered":"Sindmepa Informa \u2013 12.08.2018"},"content":{"rendered":"<p style=\"text-align: justify;\"><strong>CINETEATRO<\/strong><\/p>\n<p style=\"text-align: justify;\">A pr\u00f3xima sess\u00e3o do Cineteatro Sindmepa ir\u00e1 exibir o filme Mar adentro. Um drama que conta a hist\u00f3ria de Ram\u00f3n Sampedro (Javier Bardem), um homem que luta para ter o direito de p\u00f4r fim \u00e0 pr\u00f3pria vida ap\u00f3s 28 anos \u201cpreso\u201d a uma cadeira de rodas, ap\u00f3s ficar tetrapl\u00e9gico. O Cineteatro Sindmepa acontece toda ter\u00e7a-feira, \u00e0s 19h. Voc\u00ea n\u00e3o pode perder. A entrada \u00e9 gratuita. Bem ali, na Boaventura, 999.<\/p>\n<p style=\"text-align: justify;\"><strong>MEDICINA DO TR\u00c1FEGO<\/strong><\/p>\n<p style=\"text-align: justify;\">O diretor Agostinho Hermes Neto representou o Sindmepa na abertura do curso de Atualiza\u00e7\u00e3o e reciclagem em Medicina do Tr\u00e1fego. O curso foi patrocinado pela Abramet regional Par\u00e1, com objetivo de capacitar m\u00e9dicos do estado para oferecer \u00e0 sociedade atendimento de qualidade a condutores e candidatos a condutores de ve\u00edculos automotores. O Sindmepa tem dado todo o apoio aos colegas procurando resolver, juntamente com a Abramet, as pend\u00eancias junto ao Detran.<\/p>\n<p style=\"text-align: justify;\"><strong>ACAD\u00caMICOS<\/strong><\/p>\n<p style=\"text-align: justify;\">O projeto Acad\u00eamico Aspirante, uma iniciativa do Sindmepa com o nosso N\u00facleo Acad\u00eamico, j\u00e1 est\u00e1 nas ruas. A modalidade de associado \u201caspirante\u201d \u00e9 uma forma de trazer acad\u00eamicos de medicina para a luta sindical e defesa da categoria antes mesmo de se formarem. Os acad\u00eamicos que se associam t\u00eam quase todos os direitos de m\u00e9dicos associados. O projeto come\u00e7ou a ser divulgado \u00e0 comunidade acad\u00eamica na semana passada em uma cerim\u00f4nia de acolhimento a novos calouros do Cesupa, que contou com a participa\u00e7\u00e3o do nosso diretor, Waldir Cardoso. S\u00f3 na primeira semana, quase 30 alunos j\u00e1 se associaram.<\/p>\n<p style=\"text-align: justify;\"><strong>MORTALIDADE<\/strong><\/p>\n<p style=\"text-align: justify;\">Pesquisas do Minist\u00e9rio da Sa\u00fade indicam aumento de quase 5% na taxa de mortalidade infantil no Brasil, em 2016, em rela\u00e7\u00e3o a 2015. H\u00e1 26 anos que n\u00e3o t\u00ednhamos registro de aumento desse indicador no Brasil. N\u00e3o se pode atribuir o aumento da taxa somente ao zikav\u00edrus e \u00e0 crise econ\u00f4mica. A falta de recursos e de infraestrutura para funcionamento da rede p\u00fablica de assist\u00eancia; a desvaloriza\u00e7\u00e3o e desmonte das equipes especializadas no atendimento de crian\u00e7as, e a dificuldade de acesso dos pacientes aos servi\u00e7os de sa\u00fade tamb\u00e9m s\u00e3o fatores que agravaram esse quadro. Autoridades t\u00eam agora que correr atr\u00e1s do preju\u00edzo.<\/p>\n<p style=\"text-align: justify;\"><strong>ALERTA CFM<\/strong><\/p>\n<p style=\"text-align: justify;\">O Conselho Federal de Medicina fez um alerta aos m\u00e9dicos brasileiros sobre empresas que oferecem pr\u00eamios de medicina e solicitam que confirmem o nome na lista de homenageados. A autarquia afirma que al\u00e9m de violar preceitos \u00e9ticos de medicina, tais empresas costumam por condi\u00e7\u00f5es para a concess\u00e3o do pr\u00eamio, tais como pagamentos e compras de ingressos e mesas da cerim\u00f4nia de premia\u00e7\u00e3o<\/p>\n<p style=\"text-align: justify;\">\n<p style=\"text-align: justify;\">Fonte: Assessoria de Comunica\u00e7\u00e3o do Sindicato dos M\u00e9dicos do Par\u00e1 (Sindmepa)<\/p>\n","protected":false},"excerpt":{"rendered":"<p>CINETEATRO A pr\u00f3xima sess\u00e3o do Cineteatro Sindmepa ir\u00e1 exibir o filme Mar adentro. Um drama que conta a hist\u00f3ria de Ram\u00f3n Sampedro (Javier Bardem), um homem que luta para ter o direito de p\u00f4r fim \u00e0 pr\u00f3pria vida ap\u00f3s 28 anos \u201cpreso\u201d a uma cadeira de rodas, ap\u00f3s ficar tetrapl\u00e9gico. O Cineteatro Sindmepa acontece toda [&hellip;]<\/p>\n","protected":false},"author":1,"featured_media":47693,"comment_status":"open","ping_status":"open","sticky":false,"template":"","format":"standard","meta":{"ocean_post_layout":"","ocean_both_sidebars_style":"","ocean_both_sidebars_content_width":0,"ocean_both_sidebars_sidebars_width":0,"ocean_sidebar":"","ocean_second_sidebar":"","ocean_disable_margins":"enable","ocean_add_body_class":"","ocean_shortcode_before_top_bar":"","ocean_shortcode_after_top_bar":"","ocean_shortcode_before_header":"","ocean_shortcode_after_header":"","ocean_has_shortcode":"","ocean_shortcode_after_title":"","ocean_shortcode_before_footer_widgets":"","ocean_shortcode_after_footer_widgets":"","ocean_shortcode_before_footer_bottom":"","ocean_shortcode_after_footer_bottom":"","ocean_display_top_bar":"default","ocean_display_header":"default","ocean_header_style":"","ocean_center_header_left_menu":"","ocean_custom_header_template":"","ocean_custom_logo":0,"ocean_custom_retina_logo":0,"ocean_custom_logo_max_width":0,"ocean_custom_logo_tablet_max_width":0,"ocean_custom_logo_mobile_max_width":0,"ocean_custom_logo_max_height":0,"ocean_custom_logo_tablet_max_height":0,"ocean_custom_logo_mobile_max_height":0,"ocean_header_custom_menu":"","ocean_menu_typo_font_family":"","ocean_menu_typo_font_subset":"","ocean_menu_typo_font_size":0,"ocean_menu_typo_font_size_tablet":0,"ocean_menu_typo_font_size_mobile":0,"ocean_menu_typo_font_size_unit":"px","ocean_menu_typo_font_weight":"","ocean_menu_typo_font_weight_tablet":"","ocean_menu_typo_font_weight_mobile":"","ocean_menu_typo_transform":"","ocean_menu_typo_transform_tablet":"","ocean_menu_typo_transform_mobile":"","ocean_menu_typo_line_height":0,"ocean_menu_typo_line_height_tablet":0,"ocean_menu_typo_line_height_mobile":0,"ocean_menu_typo_line_height_unit":"","ocean_menu_typo_spacing":0,"ocean_menu_typo_spacing_tablet":0,"ocean_menu_typo_spacing_mobile":0,"ocean_menu_typo_spacing_unit":"","ocean_menu_link_color":"","ocean_menu_link_color_hover":"","ocean_menu_link_color_active":"","ocean_menu_link_background":"","ocean_menu_link_hover_background":"","ocean_menu_link_active_background":"","ocean_menu_social_links_bg":"","ocean_menu_social_hover_links_bg":"","ocean_menu_social_links_color":"","ocean_menu_social_hover_links_color":"","ocean_disable_title":"default","ocean_disable_heading":"default","ocean_post_title":"","ocean_post_subheading":"","ocean_post_title_style":"","ocean_post_title_background_color":"","ocean_post_title_background":0,"ocean_post_title_bg_image_position":"","ocean_post_title_bg_image_attachment":"","ocean_post_title_bg_image_repeat":"","ocean_post_title_bg_image_size":"","ocean_post_title_height":0,"ocean_post_title_bg_overlay":0.5,"ocean_post_title_bg_overlay_color":"","ocean_disable_breadcrumbs":"default","ocean_breadcrumbs_color":"","ocean_breadcrumbs_separator_color":"","ocean_breadcrumbs_links_color":"","ocean_breadcrumbs_links_hover_color":"","ocean_display_footer_widgets":"default","ocean_display_footer_bottom":"default","ocean_custom_footer_template":"","ocean_post_oembed":"","ocean_post_self_hosted_media":"","ocean_post_video_embed":"","ocean_link_format":"","ocean_link_format_target":"self","ocean_quote_format":"","ocean_quote_format_link":"post","ocean_gallery_link_images":"on","ocean_gallery_id":[]},"categories":[1],"tags":[],"acf":[],"_links":{"self":[{"href":"https:\/\/www.simepe.com.br\/novo\/wp-json\/wp\/v2\/posts\/47692"}],"collection":[{"href":"https:\/\/www.simepe.com.br\/novo\/wp-json\/wp\/v2\/posts"}],"about":[{"href":"https:\/\/www.simepe.com.br\/novo\/wp-json\/wp\/v2\/types\/post"}],"author":[{"embeddable":true,"href":"https:\/\/www.simepe.com.br\/novo\/wp-json\/wp\/v2\/users\/1"}],"replies":[{"embeddable":true,"href":"https:\/\/www.simepe.com.br\/novo\/wp-json\/wp\/v2\/comments?post=47692"}],"version-history":[{"count":1,"href":"https:\/\/www.simepe.com.br\/novo\/wp-json\/wp\/v2\/posts\/47692\/revisions"}],"predecessor-version":[{"id":47694,"href":"https:\/\/www.simepe.com.br\/novo\/wp-json\/wp\/v2\/posts\/47692\/revisions\/47694"}],"wp:featuredmedia":[{"embeddable":true,"href":"https:\/\/www.simepe.com.br\/novo\/wp-json\/wp\/v2\/media\/47693"}],"wp:attachment":[{"href":"https:\/\/www.simepe.com.br\/novo\/wp-json\/wp\/v2\/media?parent=47692"}],"wp:term":[{"taxonomy":"category","embeddable":true,"href":"https:\/\/www.simepe.com.br\/novo\/wp-json\/wp\/v2\/categories?post=47692"},{"taxonomy":"post_tag","embeddable":true,"href":"https:\/\/www.simepe.com.br\/novo\/wp-json\/wp\/v2\/tags?post=47692"}],"curies":[{"name":"wp","href":"https:\/\/api.w.org\/{rel}","templated":true}]}}