{"id":47714,"date":"2018-08-14T10:38:04","date_gmt":"2018-08-14T13:38:04","guid":{"rendered":"http:\/\/www.simepe.com.br\/novo\/?p=47714"},"modified":"2018-08-14T10:38:04","modified_gmt":"2018-08-14T13:38:04","slug":"sociedade-de-pediatria-de-pernambuco-participa-de-reuniao-para-debater-vacinacao-de-criancas-e-adultos","status":"publish","type":"post","link":"https:\/\/www.simepe.com.br\/novo\/sociedade-de-pediatria-de-pernambuco-participa-de-reuniao-para-debater-vacinacao-de-criancas-e-adultos\/","title":{"rendered":"Sociedade de Pediatria de Pernambuco participa de reuni\u00e3o para debater vacina\u00e7\u00e3o de crian\u00e7as e adultos"},"content":{"rendered":"<p style=\"text-align: center;\"><em>Encontro voltado aos profissionais da sa\u00fade acontece pr\u00f3ximo dia 17 de agosto, em uma realiza\u00e7\u00e3o da Secretaria de Sa\u00fade do Estado<\/em><\/p>\n<p style=\"text-align: justify;\">A Sociedade de Pediatria de Pernambuco (Sopepe), \u00e0 convite da Secretaria de Sa\u00fade do Estado de Pernambuco, participar\u00e1, no pr\u00f3ximo dia 17\/8 (sexta-feira), da reuni\u00e3o Vacina\u00e7\u00e3o em Crian\u00e7as e Adultos \u2013 D\u00favidas e Controv\u00e9rsias. A conversa acontecer\u00e1 das 8h30 \u00e0s 12h30, no audit\u00f3rio da secretaria, e tem o intuito de atualizar e alinhar as a\u00e7\u00f5es integrantes da Campanha Nacional de Vacina\u00e7\u00e3o, iniciada no \u00faltimo dia 6 de agosto.<\/p>\n<p style=\"text-align: justify;\">A reuni\u00e3o foi formalmente anunciada em of\u00edcio assinado pela secret\u00e1ria executiva de aten\u00e7\u00e3o \u00e0 sa\u00fade, Cristina Valen\u00e7a Azevedo Mota, e \u00e9 voltada para gestores regionais, estaduais e municipais, al\u00e9m de profissionais de sa\u00fade da aten\u00e7\u00e3o prim\u00e1ria, rede de urg\u00eancia e emerg\u00eancia, do Programa Estadual de Imuniza\u00e7\u00e3o e profissionais da educa\u00e7\u00e3o, conselhos de medicina e enfermagem, Conselho de Secretarias Municipais de Sa\u00fade de Pernambuco \u2013 Cosems\/PE, Unicef, Conselho Estadual dos Direitos da Crian\u00e7a e do Adolescente &#8211; Cedca e universidades.<\/p>\n<p style=\"text-align: justify;\">O presidente da Sopepe, Eduardo Jorge Fonseca, participar\u00e1 da programa\u00e7\u00e3o, abordando, dentre outros t\u00f3picos, discuss\u00f5es e propostas a respeito da campanha vacinal.<\/p>\n<p style=\"text-align: justify;\">O encontro ser\u00e1 transmitido por videoconfer\u00eancia nos audit\u00f3rios da Ger\u00eancia Regional de Sa\u00fade &#8211; Geres, do Hospital Dom Malan, em Petrolina, Alice Figueira (do Imip) e Hospital da Restaura\u00e7\u00e3o.<\/p>\n<p style=\"text-align: justify;\">Para participar \u00e9 preciso fazer a inscri\u00e7\u00e3o atrav\u00e9s de solicita\u00e7\u00e3o enviada por e-mail ao endere\u00e7o vacinape2018@gmail.com, informando nome completo, forma\u00e7\u00e3o acad\u00eamica, local e munic\u00edpio de trabalho, cargo\/fun\u00e7\u00e3o e o local escolhido para participa\u00e7\u00e3o na reuni\u00e3o.<\/p>\n<p style=\"text-align: justify;\"><strong>PROGRAMA\u00c7\u00c3O:<\/strong><\/p>\n<p style=\"text-align: justify;\"><strong>8h30:<\/strong> Acolhimento e conex\u00e3o das videoconfer\u00eancias<\/p>\n<p style=\"text-align: justify;\"><strong>8h45:<\/strong> Abertura<\/p>\n<p style=\"text-align: justify;\"><strong>9h:<\/strong> Apresenta\u00e7\u00e3o: Coberturas Vacinais em Pernambuco &#8211; cen\u00e1rio atual<\/p>\n<p style=\"text-align: justify;\"><strong>Palestrante:<\/strong> Ana Catarina Melo<\/p>\n<p style=\"text-align: justify;\"><strong>9h20:<\/strong> Vacina\u00e7\u00e3o em Crian\u00e7as de Adultos &#8211; D\u00favidas e Controv\u00e9rsias<\/p>\n<p style=\"text-align: justify;\"><strong>Palestrante:<\/strong> Eduardo Jorge Fonseca<\/p>\n<p style=\"text-align: justify;\"><strong>10h20:<\/strong> Mesa-redonda: Discuss\u00e3o e propostas \u2013 com participa\u00e7\u00e3o dos presentes e participantes por videoconfer\u00eancia. Com Eduardo Jorge Fonseca, \u00c2ngela Rocha, Madalena Oliveira e Ana Catarina Melo<\/p>\n<p style=\"text-align: justify;\"><strong>12h30:<\/strong> Encerramento<\/p>\n<p style=\"text-align: justify;\"><strong>SERVI\u00c7O:<\/strong><\/p>\n<p style=\"text-align: justify;\"><em>Reuni\u00e3o Vacina\u00e7\u00e3o em Crian\u00e7as e Adultos \u2013 D\u00favidas e Controv\u00e9rsias \u2013<\/em> Dia 17 de agosto (sexta-feira), das 8h30 \u00e0s 12h30, no audit\u00f3rio da Secretaria de Sa\u00fade do Estado (Rua Dona Maria Augusta Nogueira, 519, Bongi). Inscri\u00e7\u00f5es: vacinape2018@gmail.com.<\/p>\n<p style=\"text-align: justify;\">\n<p style=\"text-align: justify;\">\n<p style=\"text-align: justify;\">Fonte: Mia Comunica\u00e7\u00e3o<\/p>\n","protected":false},"excerpt":{"rendered":"<p>Encontro voltado aos profissionais da sa\u00fade acontece pr\u00f3ximo dia 17 de agosto, em uma realiza\u00e7\u00e3o da Secretaria de Sa\u00fade do Estado A Sociedade de Pediatria de Pernambuco (Sopepe), \u00e0 convite da Secretaria de Sa\u00fade do Estado de Pernambuco, participar\u00e1, no pr\u00f3ximo dia 17\/8 (sexta-feira), da reuni\u00e3o Vacina\u00e7\u00e3o em Crian\u00e7as e Adultos \u2013 D\u00favidas e Controv\u00e9rsias. [&hellip;]<\/p>\n","protected":false},"author":1,"featured_media":47716,"comment_status":"open","ping_status":"open","sticky":false,"template":"","format":"standard","meta":{"ocean_post_layout":"","ocean_both_sidebars_style":"","ocean_both_sidebars_content_width":0,"ocean_both_sidebars_sidebars_width":0,"ocean_sidebar":"","ocean_second_sidebar":"","ocean_disable_margins":"enable","ocean_add_body_class":"","ocean_shortcode_before_top_bar":"","ocean_shortcode_after_top_bar":"","ocean_shortcode_before_header":"","ocean_shortcode_after_header":"","ocean_has_shortcode":"","ocean_shortcode_after_title":"","ocean_shortcode_before_footer_widgets":"","ocean_shortcode_after_footer_widgets":"","ocean_shortcode_before_footer_bottom":"","ocean_shortcode_after_footer_bottom":"","ocean_display_top_bar":"default","ocean_display_header":"default","ocean_header_style":"","ocean_center_header_left_menu":"","ocean_custom_header_template":"","ocean_custom_logo":0,"ocean_custom_retina_logo":0,"ocean_custom_logo_max_width":0,"ocean_custom_logo_tablet_max_width":0,"ocean_custom_logo_mobile_max_width":0,"ocean_custom_logo_max_height":0,"ocean_custom_logo_tablet_max_height":0,"ocean_custom_logo_mobile_max_height":0,"ocean_header_custom_menu":"","ocean_menu_typo_font_family":"","ocean_menu_typo_font_subset":"","ocean_menu_typo_font_size":0,"ocean_menu_typo_font_size_tablet":0,"ocean_menu_typo_font_size_mobile":0,"ocean_menu_typo_font_size_unit":"px","ocean_menu_typo_font_weight":"","ocean_menu_typo_font_weight_tablet":"","ocean_menu_typo_font_weight_mobile":"","ocean_menu_typo_transform":"","ocean_menu_typo_transform_tablet":"","ocean_menu_typo_transform_mobile":"","ocean_menu_typo_line_height":0,"ocean_menu_typo_line_height_tablet":0,"ocean_menu_typo_line_height_mobile":0,"ocean_menu_typo_line_height_unit":"","ocean_menu_typo_spacing":0,"ocean_menu_typo_spacing_tablet":0,"ocean_menu_typo_spacing_mobile":0,"ocean_menu_typo_spacing_unit":"","ocean_menu_link_color":"","ocean_menu_link_color_hover":"","ocean_menu_link_color_active":"","ocean_menu_link_background":"","ocean_menu_link_hover_background":"","ocean_menu_link_active_background":"","ocean_menu_social_links_bg":"","ocean_menu_social_hover_links_bg":"","ocean_menu_social_links_color":"","ocean_menu_social_hover_links_color":"","ocean_disable_title":"default","ocean_disable_heading":"default","ocean_post_title":"","ocean_post_subheading":"","ocean_post_title_style":"","ocean_post_title_background_color":"","ocean_post_title_background":0,"ocean_post_title_bg_image_position":"","ocean_post_title_bg_image_attachment":"","ocean_post_title_bg_image_repeat":"","ocean_post_title_bg_image_size":"","ocean_post_title_height":0,"ocean_post_title_bg_overlay":0.5,"ocean_post_title_bg_overlay_color":"","ocean_disable_breadcrumbs":"default","ocean_breadcrumbs_color":"","ocean_breadcrumbs_separator_color":"","ocean_breadcrumbs_links_color":"","ocean_breadcrumbs_links_hover_color":"","ocean_display_footer_widgets":"default","ocean_display_footer_bottom":"default","ocean_custom_footer_template":"","ocean_post_oembed":"","ocean_post_self_hosted_media":"","ocean_post_video_embed":"","ocean_link_format":"","ocean_link_format_target":"self","ocean_quote_format":"","ocean_quote_format_link":"post","ocean_gallery_link_images":"on","ocean_gallery_id":[]},"categories":[9],"tags":[],"acf":[],"_links":{"self":[{"href":"https:\/\/www.simepe.com.br\/novo\/wp-json\/wp\/v2\/posts\/47714"}],"collection":[{"href":"https:\/\/www.simepe.com.br\/novo\/wp-json\/wp\/v2\/posts"}],"about":[{"href":"https:\/\/www.simepe.com.br\/novo\/wp-json\/wp\/v2\/types\/post"}],"author":[{"embeddable":true,"href":"https:\/\/www.simepe.com.br\/novo\/wp-json\/wp\/v2\/users\/1"}],"replies":[{"embeddable":true,"href":"https:\/\/www.simepe.com.br\/novo\/wp-json\/wp\/v2\/comments?post=47714"}],"version-history":[{"count":1,"href":"https:\/\/www.simepe.com.br\/novo\/wp-json\/wp\/v2\/posts\/47714\/revisions"}],"predecessor-version":[{"id":47717,"href":"https:\/\/www.simepe.com.br\/novo\/wp-json\/wp\/v2\/posts\/47714\/revisions\/47717"}],"wp:featuredmedia":[{"embeddable":true,"href":"https:\/\/www.simepe.com.br\/novo\/wp-json\/wp\/v2\/media\/47716"}],"wp:attachment":[{"href":"https:\/\/www.simepe.com.br\/novo\/wp-json\/wp\/v2\/media?parent=47714"}],"wp:term":[{"taxonomy":"category","embeddable":true,"href":"https:\/\/www.simepe.com.br\/novo\/wp-json\/wp\/v2\/categories?post=47714"},{"taxonomy":"post_tag","embeddable":true,"href":"https:\/\/www.simepe.com.br\/novo\/wp-json\/wp\/v2\/tags?post=47714"}],"curies":[{"name":"wp","href":"https:\/\/api.w.org\/{rel}","templated":true}]}}