{"id":47759,"date":"2018-08-17T08:58:20","date_gmt":"2018-08-17T11:58:20","guid":{"rendered":"http:\/\/www.simepe.com.br\/novo\/?p=47759"},"modified":"2018-08-17T08:58:20","modified_gmt":"2018-08-17T11:58:20","slug":"dia-d-de-vacinacao-contra-polio-e-sarampo-sera-neste-sabado","status":"publish","type":"post","link":"https:\/\/www.simepe.com.br\/novo\/dia-d-de-vacinacao-contra-polio-e-sarampo-sera-neste-sabado\/","title":{"rendered":"Dia D de vacina\u00e7\u00e3o contra p\u00f3lio e sarampo ser\u00e1 neste s\u00e1bado"},"content":{"rendered":"<p style=\"text-align: justify;\">Todas as crian\u00e7as com idade entre um ano e menores de 5 anos devem receber as doses<\/p>\n<p style=\"text-align: justify;\">Postos de sa\u00fade em todo o pa\u00eds abrem as portas amanh\u00e3 (18), s\u00e1bado, para o chamado Dia D de Mobiliza\u00e7\u00e3o Nacional contra o sarampo e a poliomielite.<\/p>\n<p style=\"text-align: justify;\">Todas as crian\u00e7as com idade entre um ano e menores de 5 anos devem receber as doses, independentemente de sua situa\u00e7\u00e3o vacinal. A campanha segue at\u00e9 31 de agosto.<\/p>\n<p style=\"text-align: justify;\">A meta do governo federal \u00e9 imunizar 11,2 milh\u00f5es de crian\u00e7as e atingir o marco de 95% de cobertura vacinal nessa faixa et\u00e1ria, conforme recomendado pela Organiza\u00e7\u00e3o Mundial da Sa\u00fade (OMS).<\/p>\n<p style=\"text-align: justify;\">At\u00e9 a \u00faltima ter\u00e7a-feira (14), no entanto, 84% das crian\u00e7as que integram o p\u00fablico-alvo ainda n\u00e3o haviam recebido as doses.<\/p>\n<p style=\"text-align: justify;\">Este ano, a vacina\u00e7\u00e3o ser\u00e1 feita de forma indiscriminada, o que significa que mesmo as crian\u00e7as que j\u00e1 est\u00e3o com esquema vacinal completo devem ser levadas aos postos de sa\u00fade para receber mais um refor\u00e7o.<\/p>\n<p style=\"text-align: justify;\">No caso da p\u00f3lio, as que n\u00e3o tomaram nenhuma dose ao longo da vida v\u00e3o receber a vacina injet\u00e1vel e as que j\u00e1 tomaram uma ou mais doses devem receber a oral.<\/p>\n<p style=\"text-align: justify;\">Para o sarampo, todas as crian\u00e7as com idade entre um ano e menores de 5 anos v\u00e3o receber uma dose da Tr\u00edplice Viral, desde que n\u00e3o tenham sido vacinadas nos \u00faltimos 30 dias.<\/p>\n<p style=\"text-align: justify;\"><strong>Casos de sarampo<\/strong><br \/>\nAtualmente, o pa\u00eds enfrenta dois surtos de sarampo &#8211; em Roraima e no Amazonas. At\u00e9 a \u00faltima ter\u00e7a-feira (14), foram confirmados 910 casos no Amazonas, onde 5.630 outros casos permanecem em investiga\u00e7\u00e3o. J\u00e1 em Roraima, s\u00e3o 296 casos confirmados e 101 em investiga\u00e7\u00e3o.<\/p>\n<p style=\"text-align: justify;\">H\u00e1 ainda, de acordo com o Minist\u00e9rio da Sa\u00fade, casos isolados e relacionados \u00e0 importa\u00e7\u00e3o nos seguintes estados: S\u00e3o Paulo (1), Rio de Janeiro (14), Rio Grande do Sul (13), Rond\u00f4nia (1) e Par\u00e1 (2).<\/p>\n<p style=\"text-align: justify;\">At\u00e9 o momento, foram confirmadas no Brasil seis mortes por sarampo, sendo quatro em Roraima (tr\u00eas em estrangeiros e um em brasileiro) e dois no Amazonas (brasileiros).<\/p>\n<p style=\"text-align: justify;\">\n<p style=\"text-align: justify;\">Fonte: Diario de Pernambuco<\/p>\n","protected":false},"excerpt":{"rendered":"<p>Todas as crian\u00e7as com idade entre um ano e menores de 5 anos devem receber as doses Postos de sa\u00fade em todo o pa\u00eds abrem as portas amanh\u00e3 (18), s\u00e1bado, para o chamado Dia D de Mobiliza\u00e7\u00e3o Nacional contra o sarampo e a poliomielite. Todas as crian\u00e7as com idade entre um ano e menores de [&hellip;]<\/p>\n","protected":false},"author":1,"featured_media":0,"comment_status":"open","ping_status":"open","sticky":false,"template":"","format":"standard","meta":{"ocean_post_layout":"","ocean_both_sidebars_style":"","ocean_both_sidebars_content_width":0,"ocean_both_sidebars_sidebars_width":0,"ocean_sidebar":"","ocean_second_sidebar":"","ocean_disable_margins":"enable","ocean_add_body_class":"","ocean_shortcode_before_top_bar":"","ocean_shortcode_after_top_bar":"","ocean_shortcode_before_header":"","ocean_shortcode_after_header":"","ocean_has_shortcode":"","ocean_shortcode_after_title":"","ocean_shortcode_before_footer_widgets":"","ocean_shortcode_after_footer_widgets":"","ocean_shortcode_before_footer_bottom":"","ocean_shortcode_after_footer_bottom":"","ocean_display_top_bar":"default","ocean_display_header":"default","ocean_header_style":"","ocean_center_header_left_menu":"","ocean_custom_header_template":"","ocean_custom_logo":0,"ocean_custom_retina_logo":0,"ocean_custom_logo_max_width":0,"ocean_custom_logo_tablet_max_width":0,"ocean_custom_logo_mobile_max_width":0,"ocean_custom_logo_max_height":0,"ocean_custom_logo_tablet_max_height":0,"ocean_custom_logo_mobile_max_height":0,"ocean_header_custom_menu":"","ocean_menu_typo_font_family":"","ocean_menu_typo_font_subset":"","ocean_menu_typo_font_size":0,"ocean_menu_typo_font_size_tablet":0,"ocean_menu_typo_font_size_mobile":0,"ocean_menu_typo_font_size_unit":"px","ocean_menu_typo_font_weight":"","ocean_menu_typo_font_weight_tablet":"","ocean_menu_typo_font_weight_mobile":"","ocean_menu_typo_transform":"","ocean_menu_typo_transform_tablet":"","ocean_menu_typo_transform_mobile":"","ocean_menu_typo_line_height":0,"ocean_menu_typo_line_height_tablet":0,"ocean_menu_typo_line_height_mobile":0,"ocean_menu_typo_line_height_unit":"","ocean_menu_typo_spacing":0,"ocean_menu_typo_spacing_tablet":0,"ocean_menu_typo_spacing_mobile":0,"ocean_menu_typo_spacing_unit":"","ocean_menu_link_color":"","ocean_menu_link_color_hover":"","ocean_menu_link_color_active":"","ocean_menu_link_background":"","ocean_menu_link_hover_background":"","ocean_menu_link_active_background":"","ocean_menu_social_links_bg":"","ocean_menu_social_hover_links_bg":"","ocean_menu_social_links_color":"","ocean_menu_social_hover_links_color":"","ocean_disable_title":"default","ocean_disable_heading":"default","ocean_post_title":"","ocean_post_subheading":"","ocean_post_title_style":"","ocean_post_title_background_color":"","ocean_post_title_background":0,"ocean_post_title_bg_image_position":"","ocean_post_title_bg_image_attachment":"","ocean_post_title_bg_image_repeat":"","ocean_post_title_bg_image_size":"","ocean_post_title_height":0,"ocean_post_title_bg_overlay":0.5,"ocean_post_title_bg_overlay_color":"","ocean_disable_breadcrumbs":"default","ocean_breadcrumbs_color":"","ocean_breadcrumbs_separator_color":"","ocean_breadcrumbs_links_color":"","ocean_breadcrumbs_links_hover_color":"","ocean_display_footer_widgets":"default","ocean_display_footer_bottom":"default","ocean_custom_footer_template":"","ocean_post_oembed":"","ocean_post_self_hosted_media":"","ocean_post_video_embed":"","ocean_link_format":"","ocean_link_format_target":"self","ocean_quote_format":"","ocean_quote_format_link":"post","ocean_gallery_link_images":"on","ocean_gallery_id":[]},"categories":[9],"tags":[1283,82,467],"acf":[],"_links":{"self":[{"href":"https:\/\/www.simepe.com.br\/novo\/wp-json\/wp\/v2\/posts\/47759"}],"collection":[{"href":"https:\/\/www.simepe.com.br\/novo\/wp-json\/wp\/v2\/posts"}],"about":[{"href":"https:\/\/www.simepe.com.br\/novo\/wp-json\/wp\/v2\/types\/post"}],"author":[{"embeddable":true,"href":"https:\/\/www.simepe.com.br\/novo\/wp-json\/wp\/v2\/users\/1"}],"replies":[{"embeddable":true,"href":"https:\/\/www.simepe.com.br\/novo\/wp-json\/wp\/v2\/comments?post=47759"}],"version-history":[{"count":1,"href":"https:\/\/www.simepe.com.br\/novo\/wp-json\/wp\/v2\/posts\/47759\/revisions"}],"predecessor-version":[{"id":47760,"href":"https:\/\/www.simepe.com.br\/novo\/wp-json\/wp\/v2\/posts\/47759\/revisions\/47760"}],"wp:attachment":[{"href":"https:\/\/www.simepe.com.br\/novo\/wp-json\/wp\/v2\/media?parent=47759"}],"wp:term":[{"taxonomy":"category","embeddable":true,"href":"https:\/\/www.simepe.com.br\/novo\/wp-json\/wp\/v2\/categories?post=47759"},{"taxonomy":"post_tag","embeddable":true,"href":"https:\/\/www.simepe.com.br\/novo\/wp-json\/wp\/v2\/tags?post=47759"}],"curies":[{"name":"wp","href":"https:\/\/api.w.org\/{rel}","templated":true}]}}