{"id":47769,"date":"2018-08-17T09:16:38","date_gmt":"2018-08-17T12:16:38","guid":{"rendered":"http:\/\/www.simepe.com.br\/novo\/?p=47769"},"modified":"2018-08-17T09:16:38","modified_gmt":"2018-08-17T12:16:38","slug":"pernambuco-confirma-dois-casos-de-sarampo-na-vespera-do-dia-d-de-vacinacao","status":"publish","type":"post","link":"https:\/\/www.simepe.com.br\/novo\/pernambuco-confirma-dois-casos-de-sarampo-na-vespera-do-dia-d-de-vacinacao\/","title":{"rendered":"Pernambuco confirma dois casos de sarampo na v\u00e9spera do Dia D de vacina\u00e7\u00e3o"},"content":{"rendered":"<p style=\"text-align: justify;\">Pacientes s\u00e3o um homem de 27 anos e a sobrinha de 2 anos. Essas s\u00e3o as primeiras ocorr\u00eancias no estado desde 2014.<\/p>\n<p style=\"text-align: justify;\">A Secretaria de Sa\u00fade confirmou, nesta sexta-feira (17), dois casos de sarampo em Pernambuco. Os pacientes s\u00e3o um homem de 27 anos e sua sobrinha de 2 anos, que mora com ele no Recife. Segundo a secretaria estadual, o homem viajou para Manaus (AM), no in\u00edcio de julho, e teve contato com um caso suspeito. Essas s\u00e3o as primeiras ocorr\u00eancias da doen\u00e7a no estado desde 2014.<\/p>\n<p style=\"text-align: justify;\">A \u00faltima vez que o sarampo foi introduzido em Pernambuco foi em 2012, com um caso importado da doen\u00e7a. No ano seguinte, o estado confirmou 199 ocorr\u00eancias. E em 2014, foram registrados 27 casos. O registro anterior havia sido feito em 1999, com 240 casos.<\/p>\n<p style=\"text-align: justify;\">A Secretaria de Sa\u00fade apontou que o primeiro teste realizado com o sangue dos pacientes para a confirma\u00e7\u00e3o da doen\u00e7a havia sido feito no Laborat\u00f3rio Central de Pernambuco (Lacen-PE) e teve resultado n\u00e3o conclusivo, mas sugestivo para a doen\u00e7a.<\/p>\n<p style=\"text-align: justify;\">A confirma\u00e7\u00e3o foi divulgada nesta sexta (17), ap\u00f3s segunda an\u00e1lise cl\u00ednica, realizada pela Funda\u00e7\u00e3o Oswaldo Cruz do Rio de Janeiro (Fiocruz-RJ), laborat\u00f3rio de refer\u00eancia nacional.<\/p>\n<p style=\"text-align: justify;\">De acordo com a Fiocruz-RJ, a menina de 2 anos teve resultado positivo por meio das t\u00e9cnicas de PCR e sorologia, enquanto o homem teve sorologia positiva. H\u00e1, ainda, outros tr\u00eas casos em an\u00e1lise relacionados a esses pacientes, de dois familiares e uma funcion\u00e1ria.<\/p>\n<p style=\"text-align: justify;\">A Secretaria Estadual de Sa\u00fade informou que logo ap\u00f3s a notifica\u00e7\u00e3o de suspeita dos casos, medidas de vigil\u00e2ncia e controle foram executadas pelas Secretarias de Sa\u00fade do Recife, ontem os pacientes moram, e de Jaboat\u00e3o dos Guararapes, onde o homem trabalha. Entre as medidas preventivas, bloqueio vacinal de contatos com os casos confirmados.<\/p>\n<p style=\"text-align: justify;\"><strong>Dia D<\/strong><br \/>\nO s\u00e1bado (18) \u00e9 o Dia D de vacina\u00e7\u00e3o contra o sarampo e poliomielite, em todo o Brasil. Em Pernambuco, a meta \u00e9 imunizar, no m\u00ednimo, 95% das 544.180 crian\u00e7as de 1 a 5 anos. No Recife, s\u00e3o disponibilizados 161 postos fixos e 15 unidades volantes para aplica\u00e7\u00e3o das doses, com o objetivo de atingir 80.028 menores na faixa et\u00e1ria indicada.<\/p>\n<p style=\"text-align: justify;\">A campanha nacional come\u00e7ou no \u00faltimo dia 6 e ir\u00e1 at\u00e9 o dia 31. Em todos os postos a vacina\u00e7\u00e3o acontece das 8h \u00e0s 17h. (Veja abaixo a rela\u00e7\u00e3o dos postos no Recife)<\/p>\n<p style=\"text-align: justify;\">Para a vacina\u00e7\u00e3o, pais ou respons\u00e1veis devem levar a caderneta de imuniza\u00e7\u00e3o das crian\u00e7as. Com isso, o profissional de sa\u00fade tem condi\u00e7\u00f5es de avaliar a melhor forma de planejar o esquema de imuniza\u00e7\u00e3o.<\/p>\n<p style=\"text-align: justify;\">Em todo o estado, de acordo com a Secretaria de Sa\u00fade, at\u00e9 a segunda-feira (13), cerca de 50 mil crian\u00e7as tinham sido imunizadas contra o sarampo. Contra a poliomielite, a a\u00e7\u00e3o havia contemplado 49 mil menores, ou 9% do p\u00fablico alvo, at\u00e9 a segunda.<\/p>\n<p style=\"text-align: justify;\">Na capital pernambucana, conforme a Secretaria Municipal de Sa\u00fade, at\u00e9 a quinta-feira (16), a cobertura vacinal estava em cerca de 25% para as duas vacinas.<\/p>\n<p style=\"text-align: justify;\">Em Pernambuco, em 2017, 99% das crian\u00e7as de 1 ano tomaram a primeira dose da vacina tr\u00edplice viral e 69% fizeram a segunda dose, completando o esquema.<\/p>\n<p style=\"text-align: justify;\"><strong>Sarampo<\/strong><br \/>\n\u00c9 uma doen\u00e7a infecciosa exantem\u00e1tica aguda, transmiss\u00edvel e extremamente contagiosa, acomete principalmente crian\u00e7as com at\u00e9 5 anos e pode provocar morte.<\/p>\n<p style=\"text-align: justify;\">A transmiss\u00e3o ocorre de pessoa a pessoa, por meio de secre\u00e7\u00f5es respirat\u00f3rias, no per\u00edodo de quatro a seis dias antes do aparecimento do exantema (mancha avermelhada na pele) e at\u00e9 quatro dias ap\u00f3s.<\/p>\n<p style=\"text-align: justify;\">Entre os sintomas da doen\u00e7a est\u00e3o febre alta, acima de 38,5\u00b0C, manchas avermelhadas (exantema) generalizadas pelo corpo, tosse, coriza, conjuntivite e manchas de Koplik (pequenos pontos brancos que aparecem na mucosa bucal, antecedendo ao exantema). As complica\u00e7\u00f5es mais comuns s\u00e3o pneumonia, otite, doen\u00e7as diarreicas e neurol\u00f3gicas.<\/p>\n<p style=\"text-align: justify;\">Para evitar o sarampo, a indica\u00e7\u00e3o \u00e9 utilizar a vacina tr\u00edplice viral, que ainda protege contra a rub\u00e9ola e a caxumba. Na rotina, a tr\u00edplice deve ser aplicada em crian\u00e7as com 12 meses, com um refor\u00e7o aos 15 meses com a tetra viral (sarampo, caxumba, rub\u00e9ola e varicela).<\/p>\n<p style=\"text-align: justify;\">Para crian\u00e7as acima de 2 anos e jovens e adultos at\u00e9 os 29 anos, n\u00e3o vacinados anteriormente ou que n\u00e3o se lembram, devem ser feitas 2 doses da tr\u00edplice viral, com intervalo de 30 dias entre elas. Adultos entre 30 e 49 anos (n\u00e3o imunizados ou que n\u00e3o lembram) devem tomar uma dose da tr\u00edplice. Profissionais de sa\u00fade n\u00e3o vacinados devem tomar duas doses da vacina tr\u00edplice viral, independente da idade. Essas doses s\u00e3o disponibilizadas durante todo o ano nos postos de vacina\u00e7\u00e3o de todos os munic\u00edpios de Pernambuco.<\/p>\n<p style=\"text-align: justify;\"><strong>Poliomelite<\/strong><br \/>\nDoen\u00e7a infectocontagiosa viral aguda, caracterizada por um quadro de paralisia fl\u00e1cida, de in\u00edcio s\u00fabito. Acomete em geral os membros inferiores, de forma assim\u00e9trica, tendo como principais caracter\u00edsticas a flacidez muscular, com sensibilidade preservada, e falta de reflexo no segmento atingido.<\/p>\n<p style=\"text-align: justify;\">A transmiss\u00e3o ocorre por contato direto pessoa a pessoa, pela via fecal-oral (mais frequentemente), por objetos, alimentos e \u00e1gua contaminados com fezes de doentes ou portadores, ou pela via oral-oral, atrav\u00e9s de got\u00edculas de secre\u00e7\u00f5es da orofaringe (ao falar, tossir ou espirrar).<\/p>\n<p style=\"text-align: justify;\">\nO esquema do Calend\u00e1rio Nacional de Vacina\u00e7\u00e3o \u00e9 composto por tr\u00eas doses da vacina inativada da poliomielite (VIP), administradas aos dois, quatro e seis meses, sendo necess\u00e1rios dois refor\u00e7os com a vacina oral da poliomielite (VOP) aos 15 meses e aos 4 anos de idade, al\u00e9m das doses ministradas durante as campanhas.<\/p>\n<p style=\"text-align: justify;\">Segundo a Secretaria de Sa\u00fade de Pernambuco, os \u00faltimos registros de poliomielite no estado foram registrados em 1988. Na \u00e9poca, houve uma morte. Em 1980, o estado chegou a ter 111 casos, com 13 \u00f3bitos.<\/p>\n<p style=\"text-align: justify;\"><strong>Veja rela\u00e7\u00e3o de unidades volantes de vacina\u00e7\u00e3o<\/strong><br \/>\n<em>Pra\u00e7a do Hip\u00f3dromo (Rua Fonseca Oliveira, s\/n, Hip\u00f3dromo)<\/em><br \/>\n<em>Pra\u00e7a da Jaqueira, Academia da Cidade (Ria do Futuro, n\u00ba 959, Gra\u00e7as)<\/em><br \/>\n<em>Hiper Casa Forte (Pra\u00e7a Jornalista Francisco Pessoa de Queir\u00f3s J\u00fanior, n\u00ba 23, Santana)<\/em><br \/>\n<em>Pra\u00e7a Pinto Dam\u00e1sio, Academia da Cidade (Av. Afonso Olindense, s\/n, V\u00e1rzea)<\/em><br \/>\n<em>Polo Academia da Cidade Beira Rio (Avenida Beira Rio, s\/n, Torre)<\/em><br \/>\n<em>Jardim Bot\u00e2nico do Recife (BR 232, quil\u00f4metro 7,5, Curado)<\/em><br \/>\n<em>Walmart (Avenida Recife, n\u00ba 3777, Ca\u00e7ote)<\/em><br \/>\n<em>Walmart (Av. Conselheiro Aguiar, n\u00ba 4930, Boa Viagem)<\/em><br \/>\n<em>Par\u00f3quia S\u00e3o Sebasti\u00e3o e S\u00e3o Crist\u00f3v\u00e3o (Rua Moacir Albuquerque, n\u00ba 198, Imbiribeira)<\/em><br \/>\n<em>Polo Academia da Cidade Macaxeira (Av. Norte Miguel Arraes de Alencar, s\/n, Macaxeira)<\/em><br \/>\n<em>Sede Uni\u00e3o Sport Clube (Rua Anita, n\u00ba 277, Macaxeira)<\/em><br \/>\n<em>Igreja Evang\u00e9lica Batista Lagoa Encantada (Rua Professor M\u00e1rio Neves Batista, n\u00ba 66, Lagoa Encantada)<\/em><br \/>\n<em>Escola Municipal Dois Rios (Rua Irm\u00e3 Maria Evangelista, n\u00ba 83, Ibura)<\/em><br \/>\n<em>Veja rela\u00e7\u00e3o dos postos fixos participantes da campanha de vacina\u00e7\u00e3o<\/em><br \/>\n<em>Policl\u00ednica Centro (Rua 1\u00ba de Mar\u00e7o, n\u00ba 90 &#8211; Santo Ant\u00f4nio)<\/em><br \/>\n<em>Policl\u00ednica Gouveia de Barros (P\u00e1tio de Santa Cruz, s\/n, Boa Vista)<\/em><br \/>\n<em>Policl\u00ednica Waldemar de Oliveira (Rua do Pombal, n\u00ba 115, Santo Amaro)<\/em><br \/>\n<em>Unidade de Sa\u00fade da Fam\u00edlia Nossa Senhora do Pilar (Rua Cais do Apolo, s\/n, Recife)<\/em><br \/>\n<em>Unidade de Sa\u00fade da Fam\u00edlia Santa Terezinha (Rua Artemis, n\u00ba 9, Santo Amaro)<\/em><br \/>\n<em>Unidade de Sa\u00fade da Fam\u00edlia Santo Amaro I (Rua Anchieta, n\u00ba 520, Santo Amaro)<\/em><br \/>\n<em>Unidade de Sa\u00fade da Fam\u00edlia Santo Amaro II (Rua Buarque de Macedo, n\u00ba 65, Santo Amaro)<\/em><br \/>\n<em>Unidade de Sa\u00fade da Fam\u00edlia Coelhos I (Rua Bituruna, n\u00ba 110, Coelhos)<\/em><br \/>\n<em>Unidade de Sa\u00fade da Fam\u00edlia Coque (Rua Guapirama, n\u00ba 65, Coque)<\/em><br \/>\n<em>Unidade de Sa\u00fade da Fam\u00edlia S\u00e3o Jos\u00e9 do Coque (Av. Central, s\/n, Joana Bezerra)<\/em><br \/>\n<em>Unidade de Sa\u00fade da Fam\u00edlia Cabanga (A. General Stilac, n\u00ba 450, Cabanga)<\/em><br \/>\n<em>IMIP (Rua dos Coelhos, n\u00ba 300, Coelhos)<\/em><br \/>\n<em>Policl\u00ednica Amaury Coutinho (Rua Iguatu, s\/n, Campina do Barreto)<\/em><br \/>\n<em>Unidade de Sa\u00fade da Fam\u00edlia Ilha de Joaneiro (Rua Marechal Deodoro da Fonseca, n\u00ba 688, Campo Grande)<\/em><br \/>\n<em>Unidade de Sa\u00fade da Fam\u00edlia Ch\u00e3o de Estrelas (Rua Dr. Elias Fomes, n\u00ba 65, Ch\u00e3o de Estrelas)<\/em><br \/>\n<em>Unidade de Sa\u00fade da Fam\u00edlia Francisco Areias (Av. Jardim Brasil, n\u00ba 244, Peixinhos)<\/em><br \/>\n<em>Unidade de Sa\u00fade da Fam\u00edlia Jos\u00e9 Severiano (Av. Jer\u00f4nimo Vilela, n\u00ba 794, Campo Grande)<\/em><br \/>\n<em>Unidade de Sa\u00fade da Fam\u00edlia Irm\u00e3 Terezinha (Rua da Consola\u00e7\u00e3o, n\u00ba 9, Campina do Barreto)<\/em><br \/>\n<em>Unidade de Sa\u00fade da Fam\u00edlia Ponto de Parada (Rua Ramiz Galv\u00e3o, n\u00ba 379, Arruda)<\/em><br \/>\n<em>Upinha Dia Tasso Bezerra (Av. Governador Agamenon Magalh\u00e3es, s\/n, Campo Grande)<\/em><br \/>\n<em>Maternidade do Cisam &#8211; UPE (Rua Visconde de Mamanguape, s\/n, Encruzilhada)<\/em><br \/>\n<em>Unidade de Sa\u00fade da Fam\u00edlia Luiz Wilson (Rua Ch\u00e3 de Alegria, s\/n, Bomba do Hemet\u00e9rio)<\/em><br \/>\n<em>Unidade de Sa\u00fade da Fam\u00edlia Alto do C\u00e9u (Rua Capit\u00e3o Salgueiro, n\u00ba 267, Porto da Madeira)<\/em><br \/>\n<em>Unidade de Sa\u00fade da Fam\u00edlia Tia Regina (Rua C\u00f3rrego do Deodato, n\u00ba 315, \u00c1gua Fria)<\/em><br \/>\n<em>Unidade de Sa\u00fade da Fam\u00edlia Alto do Pascoal (Av. An\u00edbal Ben\u00e9volo, s\/n, Linha do Tiro)<\/em><br \/>\n<em>Unidade de Sa\u00fade da Fam\u00edlia Byron Sarinho (Rua Nazar\u00e9, n\u00ba 293, \u00c1gua Fria)<\/em><br \/>\n<em>Policl\u00ednica Salom\u00e3o Kelner (Estrada Velha de \u00c1gua Fria, n\u00ba 1652, \u00c1gua Fria)<\/em><br \/>\n<em>Upinha Governador Eduardo Campos (Rua Itabira, s\/n, Bomba do Hemet\u00e9rio)<\/em><br \/>\n<em>Unidade de Sa\u00fade da Fam\u00edlia Monteiro de Moraes (Avenida Beberibe, n\u00ba 4510, Beberibe)<\/em><br \/>\n<em>Unidade de Sa\u00fade da Fam\u00edlia Curi\u00f3 (Rua C\u00f3rrego do Curi\u00f3, n\u00ba 43, Dois Unidos)<\/em><br \/>\n<em>Unidade de Sa\u00fade da Fam\u00edlia Bianor Teod\u00f3sio (Av. Hildebrando de Vasconcelos, s\/n, Dois Unidos)<\/em><br \/>\n<em>Unidade de Sa\u00fade da Fam\u00edlia C\u00f3rrego da Jaqueira (Rua C\u00f3rrego da Jaqueira, n\u00ba 160, Linha do Tiro)<\/em><br \/>\n<em>Unidade de Sa\u00fade da Fam\u00edlia Clube Dos Delegados (Rua Jo\u00e3o Cavalcanti Petribu, s\/n, Dois Unidos)<\/em><br \/>\n<em>Unidade de Sa\u00fade da Fam\u00edlia Alto do Maracan\u00e3 (Alto do Maracan\u00e3, s\/n, Dois Unidos)<\/em><br \/>\n<em>Unidade de Sa\u00fade da Fam\u00edlia Alto do Capit\u00e3o (Rua Tupira\u00e7aba, s\/n, Dois Unidos)<\/em><br \/>\n<em>Upinha Linha do Tiro (Rua Uriel de Holanda, s\/n, Linha do Tiro)<\/em><br \/>\n<em>Policl\u00ednica Albert Sabin (Rua Padre Roma, n\u00ba 191, Tamarineira)<\/em><br \/>\n<em>Unidade de Sa\u00fade da Fam\u00edlia Alto do Mand\u00fa (Rua Siriji, s\/n, Alto do Mandu)<\/em><br \/>\n<em>Unidade de Sa\u00fade da Fam\u00edlia Apipucos (Rua Coronel Jo\u00e3o do Rego Barros, n\u00ba 56, Apipucos)<\/em><br \/>\n<em>Unidade de Sa\u00fade da Fam\u00edlia C\u00f3rrego da Fortuna (Av. Professor Cl\u00e1udio Selva, n\u00ba 1030, Dois Irm\u00e3os, Dois Irm\u00e3os)<\/em><br \/>\n<em>Unidade de Sa\u00fade da Fam\u00edlia Francisco Pignatari (Estrada do Arraial, s\/n, Casa Amarela)<\/em><br \/>\n<em>Hospital Agamenon Magalh\u00e3es (Estrada do Arraial, n\u00ba 2723, Casa Amarela)<\/em><br \/>\n<em>Hospital dos Servidores do Estado (Av. Conselheiro Rosa e Silva, s\/n, Espinheiro)<\/em><br \/>\n<em>Centro de Sa\u00fade M\u00e1rio Ramos (Rua Oscar de Barros, s\/n, Casa Amarela)<\/em><br \/>\n<em>Unidade de Sa\u00fade da Fam\u00edlia Po\u00e7o Da Panela &#8211; funcionando no Centro M\u00e9dico Erm\u00edrio de Moraes (Av. 17 de Agosto, n\u00ba 2388, Casa Forte)<\/em><br \/>\n<em>Unidade de Sa\u00fade da Fam\u00edlia Santana (Rua Olegarinha da Cunha, n\u00ba 333, Casa Forte)<\/em><br \/>\n<em>Unidade de Sa\u00fade da Fam\u00edlia S\u00edtio S\u00e3o Braz (Rua S\u00e3o Braz, n\u00ba 60, Dois Irm\u00e3os)<\/em><br \/>\n<em>Unidade de Sa\u00fade da Fam\u00edlia Uni\u00e3o das Vilas (Av. Agamenon Magalh\u00e3es, n\u00ba 2901, Espinheiro)<\/em><br \/>\n<em>Unidade de Sa\u00fade da Fam\u00edlia S\u00edtio dos Pintos (Rua Professor Agostinho Nunes Machado, s\/n, Dois Irm\u00e3os)<\/em><br \/>\n<em>Unidade de Sa\u00fade da Fam\u00edlia Vila Uni\u00e3o (Rua Nova Alian\u00e7a, s\/n, Iputinga)<\/em><br \/>\n<em>Upinha Emocy Krause (Rua Cantora Clara Nunes, s\/n, Torre)<\/em><br \/>\n<em>Unidade de Sa\u00fade da Fam\u00edlia Skylab (Av. Maur\u00edcio de Nassau, s\/n, Iputinga)<\/em><br \/>\n<em>Unidade de Sa\u00fade da Fam\u00edlia Casar\u00e3o do Cordeiro (Rua Odete Monteiro, n\u00ba 450, Cordeiro)<\/em><br \/>\n<em>Centro de Sa\u00fade Jos\u00e9 Dustan (Av. Maur\u00edcio de Nassau, s\/n, Iputinga)<\/em><br \/>\n<em>Unidade de Sa\u00fade da Fam\u00edlia S\u00edtio Cardoso (Rua Menezes Drumond, n\u00ba 99, Madalena)<\/em><br \/>\n<em>Policl\u00ednica Lessa de Andrade (Estrada dos Rem\u00e9dios, n\u00ba 2416, Madalena)<\/em><br \/>\n<em>Unidade de Sa\u00fade da Fam\u00edlia Cosirof (Rua Edvaldo Maranh\u00e3o Ferreira, n\u00ba 135, Torr\u00f5es)<\/em><br \/>\n<em>Unidade de Sa\u00fade da Fam\u00edlia Engenho do Meio (Rua Manoel Alves Deus Dar\u00e1, s\/n, Engenho do Meio)<\/em><br \/>\n<em>Unidade de Sa\u00fade da Fam\u00edlia Maca\u00e9 (Rua Maca\u00e9, n\u00ba 135, Torr\u00f5es)<\/em><br \/>\n<em>Unidade de Sa\u00fade da Fam\u00edlia Sinos (Rua dos Sinos, n\u00ba 35, Torr\u00f5es)<\/em><br \/>\n<em>Unidade de Sa\u00fade da Fam\u00edlia S\u00edtio das Palmeiras (Rua Felixl\u00e2ndia, s\/n, Torr\u00f5es)<\/em><br \/>\n<em>Unidade de Sa\u00fade da Fam\u00edlia Joaquim Cavalcanti (Av. do Forte, n\u00ba 1350, Torr\u00f5es)<\/em><br \/>\n<em>Unidade de Sa\u00fade da Fam\u00edlia Barreiras (Rua \u00c1gua Clara, n\u00ba 145, V\u00e1rzea)<\/em><br \/>\n<em>Unidade de Sa\u00fade da Fam\u00edlia Jardim Teres\u00f3polis (Rua Ant\u00f4nio Romano, s\/n, V\u00e1rzea)<\/em><br \/>\n<em>Centro de Sa\u00fade Olinto de Oliveira (Rua S\u00e3o Francisco de Paula, n\u00ba 47, Caxang\u00e1)<\/em><br \/>\n<em>Unidade de Sa\u00fade da Fam\u00edlia Amaury de Medeiros (Rua Roraima, n\u00ba 102, V\u00e1rzea)<\/em><br \/>\n<em>Unidade de Sa\u00fade da Fam\u00edlia Campo do Banco (Rua General Adauto Gomes Barbosa, n\u00ba 9, V\u00e1rzea)<\/em><br \/>\n<em>Unidade de Sa\u00fade da Fam\u00edlia Brasilit (Rua Emiliano Braga, s\/n, Brasilit)<\/em><br \/>\n<em>Unidade de Sa\u00fade da Fam\u00edlia Rosa Selvagem (Rua Prof. Ot\u00e1vio Tavares, n\u00ba 30, UR-7, V\u00e1rzea)<\/em><br \/>\n<em>Unidade de Sa\u00fade da Fam\u00edlia Cosme Dami\u00e3o (Rua Tomaz Ferreira, n\u00ba 7, Cosme e Dami\u00e3o)<\/em><br \/>\n<em>Unidade de Sa\u00fade da Fam\u00edlia Sitio Wanderley (Rua Emet\u00e9rio Maciel, s\/n, Brasilit)<\/em><br \/>\n<em>Hospital das Cl\u00ednicas (Av. Prof. Moraes Rego, n\u00ba 1235, Cidade Universit\u00e1ria)<\/em><br \/>\n<em>Hospital Bar\u00e3o de Lucena (Av. Caxang\u00e1, n\u00ba 3860, Iputinga)<\/em><br \/>\n<em>Centro de Sa\u00fade Ceasa (BR 101, Girador do Curado, n\u00ba 550, Jardim S\u00e3o Paulo)<\/em><br \/>\n<em>Centro de Sa\u00fade Fernandes Figueira (Pra\u00e7a de Jardim S\u00e3o Paulo, s\/n, Jardim S\u00e3o Paulo)<\/em><br \/>\n<em>Centro de Sa\u00fade Romero Marques (Rua Carlos Gomes, n\u00ba 932, Prado)<\/em><br \/>\n<em>Centro de Sa\u00fade Gaspar Regueira (Rua Padre Diogo Rodrigues, n\u00ba 744, Barro)<\/em><br \/>\n<em>Centro de Sa\u00fade Bido Krause (Av. Onze de Agosto, s\/n, Tot\u00f3)<\/em><br \/>\n<em>Hospital Geral De Areias (Av. Recife, n\u00ba 810, Est\u00e2ncia)<\/em><br \/>\n<em>Policl\u00ednica Agamenon Magalh\u00e3es (Pra\u00e7a da Paz, s\/n, Afogados)<\/em><br \/>\n<em>Maternidade Bandeira Filho (Rua Londrina, s\/n, Afogados)<\/em><br \/>\n<em>Unidade de Sa\u00fade da Fam\u00edlia Chico Mendes I (Travessa do Campo, s\/n, Areias)<\/em><br \/>\n<em>Unidade de Sa\u00fade da Fam\u00edlia Jardim Uchoa (Rua Jupiraci, s\/n, Jardim Uch\u00f4a, Areias)<\/em><br \/>\n<em>Unidade de Sa\u00fade da Fam\u00edlia Iraque (Rua Mearim, n\u00ba 55, Est\u00e2ncia)<\/em><br \/>\n<em>Unidade de Sa\u00fade da Fam\u00edlia Vila Tamandar\u00e9 (Rua Dias Cardoso, n\u00ba 11, Est\u00e2ncia)<\/em><br \/>\n<em>Unidade de Sa\u00fade da Fam\u00edlia Jiqui\u00e1 (Rua Benizinha, n\u00ba 137, Jiqui\u00e1)<\/em><br \/>\n<em>Unidade de Sa\u00fade da Fam\u00edlia Guarulhos (Av. S\u00e3o Paulo, n\u00ba 605, Jardim S\u00e3o Paulo)<\/em><br \/>\n<em>Unidade de Sa\u00fade da Fam\u00edlia Planeta I (Rua 4 de Setembro, n\u00ba 145, Curado)<\/em><br \/>\n<em>Unidade de Sa\u00fade da Fam\u00edlia Planeta II (Rua Jos\u00e9 Carlos Pereira da Mota, n\u00ba 929, Jardim S\u00e3o Paulo)<\/em><br \/>\n<em>Unidade de Sa\u00fade da Fam\u00edlia Coqueiral (Rua Maria Tereza, n\u00ba 174, Coqueiral)<\/em><br \/>\n<em>Unidade de Sa\u00fade da Fam\u00edlia Mangueira I (Rua Jupia\u00e7ara, n\u00ba 70, Mangueira)<\/em><br \/>\n<em>Unidade de Sa\u00fade da Fam\u00edlia Mangueira II (Rua Feliciano Castilho, n\u00ba 64, Mangueira)<\/em><br \/>\n<em>Unidade de Sa\u00fade da Fam\u00edlia San Martin (Rua Comendador Franco Ferreira, n\u00ba 876, San Martin)<\/em><br \/>\n<em>Unidade de Sa\u00fade da Fam\u00edlia Mustardinha (Rua Major M\u00e1rio Portela, n\u00ba 472, Mustardinha)<\/em><br \/>\n<em>Unidade de Sa\u00fade da Fam\u00edlia Bongi Boa Ideia (Rua Araguaia, n\u00ba 83, San Martin)<\/em><br \/>\n<em>Upinha Novo Prado (Rua Isac Markman, n\u00ba 100, Bongi)<\/em><br \/>\n<em>Upinha Novo Jiqui\u00e1 (Rua Bigua\u00e7\u00fa, Av. Central, n\u00ba 10, Jiqui\u00e1)<\/em><br \/>\n<em>Centro de Sa\u00fade Vereador Romildo Gomes (Rua Jalisco, s\/n, Imbiribeira)<\/em><br \/>\n<em>Centro de Sa\u00fade Djair Brindeiro \u2013 Comar (Rua Cosmorama, s\/n, Boa Viagem)<\/em><br \/>\n<em>Unidade de Sa\u00fade da Fam\u00edlia Jo\u00e3o Rodrigues (Rua Barreiros, n\u00ba 120, Pina)<\/em><br \/>\n<em>Centro de Sa\u00fade Dom Miguel De Lima Valverde (Rua Dr. Nilo Dorneles C\u00e2mara, n\u00ba 117, Boa Viagem)<\/em><br \/>\n<em>Unidade de Sa\u00fade da Fam\u00edlia Dancing Days (Rua Dancing Days, n\u00ba 109, Imbiribeira)<\/em><br \/>\n<em>Unidade de Sa\u00fade da Fam\u00edlia Sitio Grande (Av. Luxemburgo, n\u00ba 254, Imbiribeira)<\/em><br \/>\n<em>Unidade de Sa\u00fade da Fam\u00edlia Ilha de Deus (Rua S\u00e3o Jos\u00e9, s\/n, Ilha de Deus, Imbiribeira)<\/em><br \/>\n<em>Unidade de Sa\u00fade da Fam\u00edlia Cafesop\u00f3lis (Av. Mal. Mascarenhas de Moraes, s\/n, Imbiribeira)<\/em><br \/>\n<em>Unidade de Sa\u00fade da Fam\u00edlia Beira do Rio (Rua Ribeiro de Brito, n\u00ba 1361, Boa Viagem)<\/em><br \/>\n<em>Unidade de Sa\u00fade da Fam\u00edlia Vila do Ipsep (Rua Virg\u00ednia Her\u00e1clito, s\/n, Vila do Ipsep)<\/em><br \/>\n<em>Unidade de Sa\u00fade da Fam\u00edlia Djalma De Holanda Cavalcanti (Rua Delfin, n\u00ba 87, Lagoa do Ara\u00e7\u00e1)<\/em><br \/>\n<em>Unidade de Sa\u00fade da Fam\u00edlia Coqueiral (Rua SGT. Silvino de Macedo, n\u00ba 129, Imbiribeira)<\/em><br \/>\n<em>Unidade de Sa\u00fade da Fam\u00edlia Entra Apulso (Rua Coronel An\u00edzio Rodrigues,n\u00ba 08, QD J, Boa Viagem)<\/em><br \/>\n<em>Centro de Sa\u00fade Carneiro Le\u00e3o (Rua Nogueira de Souza, n\u00ba334, Pina)<\/em><br \/>\n<em>Unidade de Sa\u00fade da Fam\u00edlia Bernard Van Leer (Rua Francisco Val Passos, s\/n, Bras\u00edlia Teimosa)<\/em><br \/>\n<em>Unidade de Sa\u00fade da Fam\u00edlia Alto Brasileira (Rua Alto da Brasileira, n\u00ba 1002, Nova Descoberta)<\/em><br \/>\n<em>Unidade de Sa\u00fade da Fam\u00edlia Alto do Eucalipto (Rua Camboriu, s\/n, Vasco da Gama)<\/em><br \/>\n<em>Unidade de Sa\u00fade da Fam\u00edlia Alto Jos\u00e9 Bonif\u00e1cio (Pra\u00e7a Visconde de S\u00e1 Bandeira, s\/n, Alto Jos\u00e9 Bonif\u00e1cio)<\/em><br \/>\n<em>Unidade de Sa\u00fade da Fam\u00edlia Alto Jos\u00e9 do Pinho (Rua Maragogi, n\u00ba 5, Alto Jos\u00e9 do Pinho)<\/em><br \/>\n<em>Policl\u00ednica e Maternidade Barros Lima (Av. Norte Miguel Arraes de Alencar, n\u00ba 6465, Casa Amarela)<\/em><br \/>\n<em>Centro de Sa\u00fade Clementino Fraga \/ In\u00e1 Rosa Borges (Rua Japaratuba, n\u00ba 260, Casa Amarela)<\/em><br \/>\n<em>Unidade de Sa\u00fade da Fam\u00edlia C\u00f3rrego da Bica (Rua Santa Tereza, s\/n, C\u00f3rrego da Bica &#8211; Guabiraba)<\/em><br \/>\n<em>Unidade de Sa\u00fade da Fam\u00edlia C\u00f3rrego do Eucalipto (Rua Tereza Carneiro, n\u00ba 26, Macaxeira)<\/em><br \/>\n<em>Unidade de Sa\u00fade da Fam\u00edlia Guabiraba (Av. Vereador Otac\u00edlio Azevedo, n\u00ba 115, Guabiraba)<\/em><br \/>\n<em>Unidade de Sa\u00fade da Fam\u00edlia Macaxeira (Rua Maria C\u00e2ndida, n\u00ba 87, Macaxeira)<\/em><br \/>\n<em>Unidade de Sa\u00fade da Fam\u00edlia Mangabeira (Rua da Mangabeira, n\u00ba 364, Mangabeira)<\/em><br \/>\n<em>Centro de Sa\u00fade M\u00e1rio Monteiro (Largo Dona Regina, s\/n, Nova Descoberta)<\/em><br \/>\n<em>Unidade de Sa\u00fade da Fam\u00edlia Morro da Concei\u00e7\u00e3o (Rua da Concei\u00e7\u00e3o, n\u00ba 589, Pra\u00e7a do Morro da Concei\u00e7\u00e3o)<\/em><br \/>\n<em>Unidade de Sa\u00fade da Fam\u00edlia Passarinho Alto (Rua das Rosas, n\u00ba 120, Passarinho)<\/em><br \/>\n<em>Unidade de Sa\u00fade da Fam\u00edlia Passarinho Baixo (Rua Can\u00e1rio, n\u00ba 220, Passarinho)<\/em><br \/>\n<em>Unidade de Sa\u00fade da Fam\u00edlia Santa Tereza (Rua Santa Tereza, n\u00ba 746, Passarinho)<\/em><br \/>\n<em>Unidade de Sa\u00fade da Fam\u00edlia Sitio dos Macacos (Rua Estrada dos Macacos, n\u00ba 47, Guabiraba)<\/em><br \/>\n<em>Upinha Dom Helder (R. Grijalva Costa, n\u00ba 9, Brejo de Beberibe)<\/em><br \/>\n<em>Upinha ACS Maria Rita da Silva (R. C\u00f3rrego do Eucl\u00eddes, n\u00ba 309, C\u00f3rrego do Euclides)<\/em><br \/>\n<em>Upinha H\u00e9lio Mendon\u00e7a (Av. da Recupera\u00e7\u00e3o, n\u00ba 6429, Corrego do Jenipapo)<\/em><br \/>\n<em>Upinha Dr. Moacyr Andr\u00e9 Gomes (Av. Norte Miguel Arraes de Alencar, n\u00ba 5400, Casa Amarela)<\/em><br \/>\n<em>Unidade de Sa\u00fade da Fam\u00edlia Vila Boa Vista (Av. Vereador Otac\u00edlio Azevedo, n\u00ba 4598, Guabiraba)<\/em><br \/>\n<em>Unidade de Sa\u00fade da Fam\u00edlia Bola na Rede (Av. Padre Mosca de Carvalho, s\/n, Guabiraba)<\/em><br \/>\n<em>Unidade de Sa\u00fade da Fam\u00edlia Bruno Maia (Alto do Ref\u00fagio, s\/n, C\u00f3rrego da Areia)<\/em><br \/>\n<em>Unidade de Sa\u00fade da Fam\u00edlia Rio da Prata (Rua Rio da Prata, n\u00ba 455, Ibura de Baixo)<\/em><br \/>\n<em>Centro de Sa\u00fade Sebasti\u00e3o Ivo Rabelo (Av. Campina Grande, s\/n, UR-1, Cohab)<\/em><br \/>\n<em>Upinha UR-4\/UR-5 Desembargador Manoel Freitas (Rua Capit\u00e3o Vicente Curado, n\u00ba 33, Cohab)<\/em><br \/>\n<em>Unidade de Sa\u00fade da Fam\u00edlia UR-10 (Av. Monte Alegre, n\u00ba132, UR-10, Cohab)<\/em><br \/>\n<em>Unidade de Sa\u00fade da Fam\u00edlia Lagoa Encantada (Av. Dr. Benigno Jord\u00e3o de Vasconcelos, s\/n, Cohab)<\/em><br \/>\n<em>Unidade de Sa\u00fade da Fam\u00edlia UR-12\/UR-5 3\u00ba Etapa (Rua Francisco Miranda, n\u00ba 16, Cohab)<\/em><br \/>\n<em>Policl\u00ednica e Maternidade Arnaldo Marques (Av. Dois Rios, s\/n, Ibura)<\/em><br \/>\n<em>Unidade de Sa\u00fade da Fam\u00edlia Monte Verde (Av. Chapada do Araripe, n\u00ba 116, Jardim Monte Verde)<\/em><br \/>\n<em>Unidade de Sa\u00fade da Fam\u00edlia Vila Dos Milagres (Rua das Flores, n\u00ba 60, Ibura)<\/em><br \/>\n<em>Unidade de Sa\u00fade da Fam\u00edlia Vila das Aeromo\u00e7as (Rua Araguaia, n\u00ba 25, Vila das Aeromo\u00e7as, UR-5, Ibura)<\/em><br \/>\n<em>Unidade de Sa\u00fade da Fam\u00edlia Josu\u00e9 de Castro (Av. Cora\u00e7\u00e3o de Jesus, s\/n, UR-3, Ibura)<\/em><br \/>\n<em>Unidade de Sa\u00fade da Fam\u00edlia Jord\u00e3o Alto (Av. Dona Carentina, s\/n, Quadra P &#8211; Lote 2, Jord\u00e3o Alto)<\/em><br \/>\n<em>Unidade de Sa\u00fade da Fam\u00edlia Jord\u00e3o Baixo (Rua Jos\u00e9 Martorano, n\u00ba 100, Jord\u00e3o Baixo)<\/em><br \/>\n<em>Unidade de Sa\u00fade da Fam\u00edlia UR-2 (Av. Santa F\u00e9, n\u00ba 240, Cohab)<\/em><br \/>\n<em>Unidade de Sa\u00fade da Fam\u00edlia Tr\u00eas Carneiros Baixo &#8211; Zumbi Do Pacheco (Av. Campo Verde, s\/n, Tr\u00eas Carneiros Baixo, Ibura)<\/em><br \/>\n<em>Unidade de Sa\u00fade da Fam\u00edlia UR-3 (Rua Engenho Babil\u00f4nia, n\u00ba 168, Ibura de Baixo)<\/em><br \/>\n<em>Unidade de Sa\u00fade da Fam\u00edlia Alto da Jaqueira (Rua 22 de Agosto, s\/n, Jord\u00e3o)<\/em><br \/>\n<em>Unidade de Sa\u00fade da Fam\u00edlia Parque dos Milagres (Rua Clara Nunes, s\/n, Cohab, Parque dos Milagres, Ibura)<\/em><br \/>\n<em>Unidade de Sa\u00fade da Fam\u00edlia Paz e Amor (Rua Senador Pompeu, n\u00ba 40, Ibura)<\/em><br \/>\n<em>Unidade de Sa\u00fade da Fam\u00edlia Fernando Figueira Pantanal (Rua Bandeirante Raposo Tavares, s\/n, UR-3, Ibura)<\/em><br \/>\n<em>Unidade de Sa\u00fade da Fam\u00edlia Alto da Bela Vista (Rua Demeval Lob\u00e3o, n\u00ba 672, Alto da Bela Vista, Ibura)<\/em><br \/>\n<em>Centro de Sa\u00fade Dr. Aristarcho Azevedo (Rua Bahia, n\u00ba 29, Jord\u00e3o)<\/em><br \/>\n<em>Unidade de Sa\u00fade da Fam\u00edlia Tr\u00eas Carneiros Alto (Rua Ibitiara, n\u00ba 154, Cohab)<\/em><br \/>\n<em>Unidade de Sa\u00fade da Fam\u00edlia Vila do Sesi (Rua Prof. Fernando Mota, n\u00ba 217, Ibura de Baixo)<\/em><br \/>\n<em>Unidade de Sa\u00fade da Fam\u00edlia Cidade Oper\u00e1ria (Rua Em\u00edlio Monteiro da Fonseca, n\u00ba 1688, Jord\u00e3o baixo)<\/em><\/p>\n<p style=\"text-align: justify;\">\n<p style=\"text-align: justify;\">Fonte: G1<\/p>\n","protected":false},"excerpt":{"rendered":"<p>Pacientes s\u00e3o um homem de 27 anos e a sobrinha de 2 anos. Essas s\u00e3o as primeiras ocorr\u00eancias no estado desde 2014. A Secretaria de Sa\u00fade confirmou, nesta sexta-feira (17), dois casos de sarampo em Pernambuco. Os pacientes s\u00e3o um homem de 27 anos e sua sobrinha de 2 anos, que mora com ele no [&hellip;]<\/p>\n","protected":false},"author":1,"featured_media":0,"comment_status":"open","ping_status":"open","sticky":false,"template":"","format":"standard","meta":{"ocean_post_layout":"","ocean_both_sidebars_style":"","ocean_both_sidebars_content_width":0,"ocean_both_sidebars_sidebars_width":0,"ocean_sidebar":"","ocean_second_sidebar":"","ocean_disable_margins":"enable","ocean_add_body_class":"","ocean_shortcode_before_top_bar":"","ocean_shortcode_after_top_bar":"","ocean_shortcode_before_header":"","ocean_shortcode_after_header":"","ocean_has_shortcode":"","ocean_shortcode_after_title":"","ocean_shortcode_before_footer_widgets":"","ocean_shortcode_after_footer_widgets":"","ocean_shortcode_before_footer_bottom":"","ocean_shortcode_after_footer_bottom":"","ocean_display_top_bar":"default","ocean_display_header":"default","ocean_header_style":"","ocean_center_header_left_menu":"","ocean_custom_header_template":"","ocean_custom_logo":0,"ocean_custom_retina_logo":0,"ocean_custom_logo_max_width":0,"ocean_custom_logo_tablet_max_width":0,"ocean_custom_logo_mobile_max_width":0,"ocean_custom_logo_max_height":0,"ocean_custom_logo_tablet_max_height":0,"ocean_custom_logo_mobile_max_height":0,"ocean_header_custom_menu":"","ocean_menu_typo_font_family":"","ocean_menu_typo_font_subset":"","ocean_menu_typo_font_size":0,"ocean_menu_typo_font_size_tablet":0,"ocean_menu_typo_font_size_mobile":0,"ocean_menu_typo_font_size_unit":"px","ocean_menu_typo_font_weight":"","ocean_menu_typo_font_weight_tablet":"","ocean_menu_typo_font_weight_mobile":"","ocean_menu_typo_transform":"","ocean_menu_typo_transform_tablet":"","ocean_menu_typo_transform_mobile":"","ocean_menu_typo_line_height":0,"ocean_menu_typo_line_height_tablet":0,"ocean_menu_typo_line_height_mobile":0,"ocean_menu_typo_line_height_unit":"","ocean_menu_typo_spacing":0,"ocean_menu_typo_spacing_tablet":0,"ocean_menu_typo_spacing_mobile":0,"ocean_menu_typo_spacing_unit":"","ocean_menu_link_color":"","ocean_menu_link_color_hover":"","ocean_menu_link_color_active":"","ocean_menu_link_background":"","ocean_menu_link_hover_background":"","ocean_menu_link_active_background":"","ocean_menu_social_links_bg":"","ocean_menu_social_hover_links_bg":"","ocean_menu_social_links_color":"","ocean_menu_social_hover_links_color":"","ocean_disable_title":"default","ocean_disable_heading":"default","ocean_post_title":"","ocean_post_subheading":"","ocean_post_title_style":"","ocean_post_title_background_color":"","ocean_post_title_background":0,"ocean_post_title_bg_image_position":"","ocean_post_title_bg_image_attachment":"","ocean_post_title_bg_image_repeat":"","ocean_post_title_bg_image_size":"","ocean_post_title_height":0,"ocean_post_title_bg_overlay":0.5,"ocean_post_title_bg_overlay_color":"","ocean_disable_breadcrumbs":"default","ocean_breadcrumbs_color":"","ocean_breadcrumbs_separator_color":"","ocean_breadcrumbs_links_color":"","ocean_breadcrumbs_links_hover_color":"","ocean_display_footer_widgets":"default","ocean_display_footer_bottom":"default","ocean_custom_footer_template":"","ocean_post_oembed":"","ocean_post_self_hosted_media":"","ocean_post_video_embed":"","ocean_link_format":"","ocean_link_format_target":"self","ocean_quote_format":"","ocean_quote_format_link":"post","ocean_gallery_link_images":"on","ocean_gallery_id":[]},"categories":[9],"tags":[1723,411,1283,82,467],"acf":[],"_links":{"self":[{"href":"https:\/\/www.simepe.com.br\/novo\/wp-json\/wp\/v2\/posts\/47769"}],"collection":[{"href":"https:\/\/www.simepe.com.br\/novo\/wp-json\/wp\/v2\/posts"}],"about":[{"href":"https:\/\/www.simepe.com.br\/novo\/wp-json\/wp\/v2\/types\/post"}],"author":[{"embeddable":true,"href":"https:\/\/www.simepe.com.br\/novo\/wp-json\/wp\/v2\/users\/1"}],"replies":[{"embeddable":true,"href":"https:\/\/www.simepe.com.br\/novo\/wp-json\/wp\/v2\/comments?post=47769"}],"version-history":[{"count":1,"href":"https:\/\/www.simepe.com.br\/novo\/wp-json\/wp\/v2\/posts\/47769\/revisions"}],"predecessor-version":[{"id":47770,"href":"https:\/\/www.simepe.com.br\/novo\/wp-json\/wp\/v2\/posts\/47769\/revisions\/47770"}],"wp:attachment":[{"href":"https:\/\/www.simepe.com.br\/novo\/wp-json\/wp\/v2\/media?parent=47769"}],"wp:term":[{"taxonomy":"category","embeddable":true,"href":"https:\/\/www.simepe.com.br\/novo\/wp-json\/wp\/v2\/categories?post=47769"},{"taxonomy":"post_tag","embeddable":true,"href":"https:\/\/www.simepe.com.br\/novo\/wp-json\/wp\/v2\/tags?post=47769"}],"curies":[{"name":"wp","href":"https:\/\/api.w.org\/{rel}","templated":true}]}}