{"id":47783,"date":"2018-08-12T09:56:06","date_gmt":"2018-08-12T12:56:06","guid":{"rendered":"http:\/\/www.simepe.com.br\/novo\/?p=47783"},"modified":"2018-08-17T09:59:55","modified_gmt":"2018-08-17T12:59:55","slug":"atencao-medicos-12-08-2018","status":"publish","type":"post","link":"https:\/\/www.simepe.com.br\/novo\/atencao-medicos-12-08-2018\/","title":{"rendered":"Aten\u00e7\u00e3o M\u00e9dicos 12.08.2018"},"content":{"rendered":"<p style=\"text-align: center;\"><strong>M\u00e9dicos do HC\/UFPE continuam mobilizados e firmes na luta<\/strong><\/p>\n<p style=\"text-align: justify;\">\nNa \u00faltima quarta-feira, 08.08, o diretor executivo do Simepe, Eduardo Magalh\u00e3es, se reuniu com os m\u00e9dicos estatut\u00e1rios de v\u00e1rias especialidades do Hospital das Cl\u00ednicas da Universidade Federal de Pernambuco (HC\/UFPE), unidade associada \u00e0 Empresa Brasileira de Servi\u00e7os Hospitalares (Ebserh). A finalidade foi discutir e, ao mesmo tempo, avaliar as reuni\u00f5es do Grupo de Trabalho Multidisciplinar, coordenado pela Superintend\u00eancia do (HC\/Ebserh), juntamente com o Simepe e os profissionais daquela unidade de sa\u00fade. Ao final da reuni\u00e3o, os m\u00e9dicos estatut\u00e1rios decidiram manter seu posicionamento quanto a necessidade de discutir uma forma de aferi\u00e7\u00e3o de jornada de trabalho, que leve em considera\u00e7\u00e3o todos os detalhes e caracter\u00edsticas do trabalho m\u00e9dico e, principalmente, uma proposta objetiva sobre a valoriza\u00e7\u00e3o dapreceptoria e da atividade cient\u00edfica. Na pr\u00f3xima semana, o Grupo de Trabalho, composto por representantes\u00a0 da Superintend\u00eancia do HC\/UFPE, da Reitoria da UFPE, do Simepe e dos m\u00e9dicos da carreira de t\u00e9cnicos-administrativos em Educa\u00e7\u00e3o, se reunir\u00e1 no pr\u00f3prio HC para tomar novas delibera\u00e7\u00f5es.<\/p>\n<p style=\"text-align: center;\">\n<strong>Elei\u00e7\u00f5es no Cremepe<\/strong><\/p>\n<p style=\"text-align: justify;\">\nA Diretoria do Simepe parabeniza os m\u00e9dicos e as m\u00e9dicas de Pernambuco pela expressiva participa\u00e7\u00e3o na elei\u00e7\u00e3o dos Conselheiros titulares e suplentes do Conselho Regional de Medicina de Pernambuco (Cremepe) para a Gest\u00e3o 2018-2023. Aproveitamos para externar os parab\u00e9ns as chapas 1 e 2 que disputaram o pleito realizado nos dias 7 e 8 de agosto. Aos colegas da Chapa 1, \u00c9tica em Respeito ao M\u00e9dico, votos de pleno \u00eaxito e de conquistas nesta nova gest\u00e3o de 2018\/2023.<\/p>\n<p style=\"text-align: center;\">\n<strong>ATEN\u00c7\u00c3O, M\u00c9DICOS DO ESTADO!<\/strong><\/p>\n<p style=\"text-align: justify;\">\nEst\u00e1 aberto o prazo para a realiza\u00e7\u00e3o da Avalia\u00e7\u00e3o de desempenho para Planos de Cargos, Carreiras e Vencimentos (PCCV) dos servidores do Estado (m\u00e9dicos, analistas assistentes e auxiliares de sa\u00fade). Fique atento, pois as informa\u00e7\u00f5es precisam ser prestadas at\u00e9 o dia 14\/09. Onde realizar: www.gestaododesempenho.pe.gov.br. Login: CFP do servidor e\/ou chefia imediata Senha: senha do contracheque.<\/p>\n<p style=\"text-align: center;\">\n<strong>PROBEM<\/strong><\/p>\n<p style=\"text-align: justify;\">\nAten\u00e7\u00e3o, amigos M\u00e9dicos: O Simepe refor\u00e7a que a carteirinha para o novo bi\u00eanio do plano de sa\u00fade UNIMED Recife para benefici\u00e1rios do Sindicato j\u00e1 est\u00e3o dispon\u00edveis. \u00c9 fundamental para a continuidade da utiliza\u00e7\u00e3o dos servi\u00e7os que voc\u00ea compare\u00e7a \u00e0 sede do Simepe para tomar posse da sua carteira e de seus dependentes. Para fazer sua retirada, basta apresentar um documento com foto ou seu documento de associa\u00e7\u00e3o.\u00a0Em caso de d\u00favidas, entre em contato com o nosso setor financeiro pelo telefone (81) 3322-7095. *Estamos \u00e0 disposi\u00e7\u00e3o tamb\u00e9m presencialmente, no endere\u00e7o\u00a0 Av. Jo\u00e3o de Barros, 587,\u00a0 \u00a0bairro da Boa Vista , no Recife, no hor\u00e1rio entre 8h e 18h.<\/p>\n","protected":false},"excerpt":{"rendered":"<p>M\u00e9dicos do HC\/UFPE continuam mobilizados e firmes na luta Na \u00faltima quarta-feira, 08.08, o diretor executivo do Simepe, Eduardo Magalh\u00e3es, se reuniu com os m\u00e9dicos estatut\u00e1rios de v\u00e1rias especialidades do Hospital das Cl\u00ednicas da Universidade Federal de Pernambuco (HC\/UFPE), unidade associada \u00e0 Empresa Brasileira de Servi\u00e7os Hospitalares (Ebserh). A finalidade foi discutir e, ao mesmo [&hellip;]<\/p>\n","protected":false},"author":1,"featured_media":0,"comment_status":"open","ping_status":"open","sticky":false,"template":"","format":"standard","meta":{"ocean_post_layout":"","ocean_both_sidebars_style":"","ocean_both_sidebars_content_width":0,"ocean_both_sidebars_sidebars_width":0,"ocean_sidebar":"","ocean_second_sidebar":"","ocean_disable_margins":"enable","ocean_add_body_class":"","ocean_shortcode_before_top_bar":"","ocean_shortcode_after_top_bar":"","ocean_shortcode_before_header":"","ocean_shortcode_after_header":"","ocean_has_shortcode":"","ocean_shortcode_after_title":"","ocean_shortcode_before_footer_widgets":"","ocean_shortcode_after_footer_widgets":"","ocean_shortcode_before_footer_bottom":"","ocean_shortcode_after_footer_bottom":"","ocean_display_top_bar":"default","ocean_display_header":"default","ocean_header_style":"","ocean_center_header_left_menu":"","ocean_custom_header_template":"","ocean_custom_logo":0,"ocean_custom_retina_logo":0,"ocean_custom_logo_max_width":0,"ocean_custom_logo_tablet_max_width":0,"ocean_custom_logo_mobile_max_width":0,"ocean_custom_logo_max_height":0,"ocean_custom_logo_tablet_max_height":0,"ocean_custom_logo_mobile_max_height":0,"ocean_header_custom_menu":"","ocean_menu_typo_font_family":"","ocean_menu_typo_font_subset":"","ocean_menu_typo_font_size":0,"ocean_menu_typo_font_size_tablet":0,"ocean_menu_typo_font_size_mobile":0,"ocean_menu_typo_font_size_unit":"px","ocean_menu_typo_font_weight":"","ocean_menu_typo_font_weight_tablet":"","ocean_menu_typo_font_weight_mobile":"","ocean_menu_typo_transform":"","ocean_menu_typo_transform_tablet":"","ocean_menu_typo_transform_mobile":"","ocean_menu_typo_line_height":0,"ocean_menu_typo_line_height_tablet":0,"ocean_menu_typo_line_height_mobile":0,"ocean_menu_typo_line_height_unit":"","ocean_menu_typo_spacing":0,"ocean_menu_typo_spacing_tablet":0,"ocean_menu_typo_spacing_mobile":0,"ocean_menu_typo_spacing_unit":"","ocean_menu_link_color":"","ocean_menu_link_color_hover":"","ocean_menu_link_color_active":"","ocean_menu_link_background":"","ocean_menu_link_hover_background":"","ocean_menu_link_active_background":"","ocean_menu_social_links_bg":"","ocean_menu_social_hover_links_bg":"","ocean_menu_social_links_color":"","ocean_menu_social_hover_links_color":"","ocean_disable_title":"default","ocean_disable_heading":"default","ocean_post_title":"","ocean_post_subheading":"","ocean_post_title_style":"","ocean_post_title_background_color":"","ocean_post_title_background":0,"ocean_post_title_bg_image_position":"","ocean_post_title_bg_image_attachment":"","ocean_post_title_bg_image_repeat":"","ocean_post_title_bg_image_size":"","ocean_post_title_height":0,"ocean_post_title_bg_overlay":0.5,"ocean_post_title_bg_overlay_color":"","ocean_disable_breadcrumbs":"default","ocean_breadcrumbs_color":"","ocean_breadcrumbs_separator_color":"","ocean_breadcrumbs_links_color":"","ocean_breadcrumbs_links_hover_color":"","ocean_display_footer_widgets":"default","ocean_display_footer_bottom":"default","ocean_custom_footer_template":"","ocean_post_oembed":"","ocean_post_self_hosted_media":"","ocean_post_video_embed":"","ocean_link_format":"","ocean_link_format_target":"self","ocean_quote_format":"","ocean_quote_format_link":"post","ocean_gallery_link_images":"on","ocean_gallery_id":[]},"categories":[1],"tags":[],"acf":[],"_links":{"self":[{"href":"https:\/\/www.simepe.com.br\/novo\/wp-json\/wp\/v2\/posts\/47783"}],"collection":[{"href":"https:\/\/www.simepe.com.br\/novo\/wp-json\/wp\/v2\/posts"}],"about":[{"href":"https:\/\/www.simepe.com.br\/novo\/wp-json\/wp\/v2\/types\/post"}],"author":[{"embeddable":true,"href":"https:\/\/www.simepe.com.br\/novo\/wp-json\/wp\/v2\/users\/1"}],"replies":[{"embeddable":true,"href":"https:\/\/www.simepe.com.br\/novo\/wp-json\/wp\/v2\/comments?post=47783"}],"version-history":[{"count":1,"href":"https:\/\/www.simepe.com.br\/novo\/wp-json\/wp\/v2\/posts\/47783\/revisions"}],"predecessor-version":[{"id":47784,"href":"https:\/\/www.simepe.com.br\/novo\/wp-json\/wp\/v2\/posts\/47783\/revisions\/47784"}],"wp:attachment":[{"href":"https:\/\/www.simepe.com.br\/novo\/wp-json\/wp\/v2\/media?parent=47783"}],"wp:term":[{"taxonomy":"category","embeddable":true,"href":"https:\/\/www.simepe.com.br\/novo\/wp-json\/wp\/v2\/categories?post=47783"},{"taxonomy":"post_tag","embeddable":true,"href":"https:\/\/www.simepe.com.br\/novo\/wp-json\/wp\/v2\/tags?post=47783"}],"curies":[{"name":"wp","href":"https:\/\/api.w.org\/{rel}","templated":true}]}}