{"id":47787,"date":"2018-08-20T08:22:00","date_gmt":"2018-08-20T11:22:00","guid":{"rendered":"http:\/\/www.simepe.com.br\/novo\/?p=47787"},"modified":"2018-08-20T08:22:00","modified_gmt":"2018-08-20T11:22:00","slug":"revisao-do-codigo-de-etica-e-concluida-na-iii-conem-2","status":"publish","type":"post","link":"https:\/\/www.simepe.com.br\/novo\/revisao-do-codigo-de-etica-e-concluida-na-iii-conem-2\/","title":{"rendered":"Revis\u00e3o do C\u00f3digo de \u00c9tica \u00e9 conclu\u00edda na III CONEM"},"content":{"rendered":"<p style=\"text-align: justify;\">Encerrando o processo de revis\u00e3o do C\u00f3digo de \u00c9tica M\u00e9dica, que teve in\u00edcio em 2016, membros dos Conselhos Federal e Regionais de Medicina (CFM\/CRMs), de entidades m\u00e9dicas nacionais e especialistas convidados deliberaram em vota\u00e7\u00e3o eletr\u00f4nica a reda\u00e7\u00e3o final dos textos ser\u00e3o incorporados.<\/p>\n<p style=\"text-align: justify;\">\u201cNa \u00faltima d\u00e9cada muitas transforma\u00e7\u00f5es e mudan\u00e7as aconteceram na nossa sociedade, nas rela\u00e7\u00f5es sociais, na ci\u00eancia e tecnologia e na medicina. Por isso, se faz necess\u00e1ria essa importante revis\u00e3o. O C\u00f3digo de \u00c9tica M\u00e9dica, CEM, \u00e9 um importante instrumento que promove a seguran\u00e7a tanto do m\u00e9dico quanto do paciente na pr\u00e1tica da medicina\u201d, explica o presidente da Associa\u00e7\u00e3o M\u00e9dica Brasileira (AMB), Lincoln Lopes Ferreira.<\/p>\n<p style=\"text-align: justify;\">A III Confer\u00eancia Nacional de \u00c9tica M\u00e9dica (CONEM) tamb\u00e9m lan\u00e7ou o C\u00f3digo de \u00c9tica do Estudante de Medicina. Foram dois anos de trabalho onde m\u00e9dicos, estudantes de medicina e entidades m\u00e9dicas puderam participar ativamente.<\/p>\n<p style=\"text-align: justify;\">\u201c O lan\u00e7amento do C\u00f3digo de \u00c9tica M\u00e9dica dos Estudantes de Medicina desperta nos jovens o preceito de exercer a profiss\u00e3o que abra\u00e7aram com mais respeito aos pacientes. Contribui para o exerc\u00edcio da Medicina de uma forma mais humana, digna e profissional, conforme almejamos \u201c, conclui o presidente da AMB.<\/p>\n<p style=\"text-align: justify;\">\u201cTrata-se de um momento significativo do movimento m\u00e9dico conselhal em nos propusemos a revisar e atualizar a principal normatiza\u00e7\u00e3o do exerc\u00edcio m\u00e9dico no Brasil. Esse trabalho \u00e9 fruto da contribui\u00e7\u00e3o da categoria m\u00e9dica, que participou diretamente enviando mais de mil propostas para edi\u00e7\u00e3o deste documento\u201d, destacou o secret\u00e1rio-geral do CFM, Henrique Batista e Silva.<\/p>\n<p style=\"text-align: justify;\">Seguran\u00e7a do m\u00e9dico e do paciente \u2013 bem como autonomia das partes- e a intera\u00e7\u00e3o do profissional com a Comiss\u00e3o de \u00c9tica de institui\u00e7\u00f5es de sa\u00fade foram alguns dos assuntos debatidos na revis\u00e3o dos Princ\u00edpios Fundamentais e das normas diceol\u00f3gicas.<\/p>\n<p style=\"text-align: justify;\">Dentre os normativos deontol\u00f3gicos, a plen\u00e1ria final da III Conem aprovou a edi\u00e7\u00e3o de propostas referentes a temas como: responsabilidade profissional, direitos humanos, rela\u00e7\u00e3o com pacientes e familiares, remunera\u00e7\u00e3o profissional, sigilo profissional inclusive no que tange atendimento a paciente crian\u00e7a ou adolescente, publicidade m\u00e9dica, documentos m\u00e9dicos, ensino e pesquisa.<\/p>\n<p style=\"text-align: justify;\">Coordenando o processo de vota\u00e7\u00e3o, o corregedor-geral do CFM e coordenador adjunto da Comiss\u00e3o Nacional de Revis\u00e3o, Jos\u00e9 Vinagre, destacou a honra de ter sido parte de t\u00e3o importante mudan\u00e7a. \u201cEstar participando deste processo de revis\u00e3o do C\u00f3digo de \u00c9tica M\u00e9dica \u00e9 um momento que marca a minha carreira profissional. \u00c9 um trabalho que repercute diretamente no cotidiano de cada m\u00e9dico brasileiro\u201d.<\/p>\n<p style=\"text-align: justify;\">Ampla participa\u00e7\u00e3o &#8211; Em 2016, foram promovidos tr\u00eas Encontro Regionais de Revis\u00e3o do C\u00f3digo de \u00c9tica M\u00e9dica, que tiveram a participa\u00e7\u00e3o da Comiss\u00e3o Nacional de Revis\u00e3o do CEM, das Comiss\u00f5es Estaduais de Revis\u00e3o da regi\u00e3o, al\u00e9m de associa\u00e7\u00f5es e sindicatos m\u00e9dicos tamb\u00e9m dos estados relacionados.<\/p>\n<p style=\"text-align: justify;\">Conclu\u00eddas as etapas regionais, o Conselho Federal de Medicina realizou, entre os anos de 2017 e 2018, tr\u00eas Confer\u00eancias Nacionais de \u00c9tica M\u00e9dica para debater e deliberar sobre a exclus\u00e3o, altera\u00e7\u00e3o e adi\u00e7\u00e3o de texto ao C\u00f3digo de \u00c9tica M\u00e9dica vigente, institu\u00edda pela Resolu\u00e7\u00e3o CFM n\u00ba 1.931\/09, em vigor desde 13 de abril de 2010.<\/p>\n<p style=\"text-align: justify;\">M\u00e9dicos regulamente registrados nos CRMs e sociedades organizadas da sociedade civil tamb\u00e9m puderam participar da revis\u00e3o do CEM enviando sugest\u00f5es, de 1\u00ba de julho de 2016 a 31 de mar\u00e7o de 2017, atrav\u00e9s do hotsite www.rcem.cfm.org.br, desenvolvido pelo Conselho Federal para viabilizar ampla e qualificada participa\u00e7\u00e3o. Ao todo, 1.431 propostas foram recebidas online.<\/p>\n<p style=\"text-align: justify;\">Encerrando a III CONEM, o presidente do CFM, Carlos Vital, agradeceu aos presentes pelo empenho dedicado \u00e0 revis\u00e3o e edi\u00e7\u00e3o do C\u00f3digo de \u00c9tica M\u00e9dica. Agora o documento seguir\u00e1 o tr\u00e2mite administrativo necess\u00e1rio e a previs\u00e3o \u00e9 de que seja publicado no Di\u00e1rio Oficial da Uni\u00e3o at\u00e9 o final do ano, entrando em vigor em 2019.<\/p>\n<p style=\"text-align: justify;\">\n<p style=\"text-align: justify;\">Fonte: Assessoria de Comunica\u00e7\u00e3o do CFM e AMB<\/p>\n","protected":false},"excerpt":{"rendered":"<p>Encerrando o processo de revis\u00e3o do C\u00f3digo de \u00c9tica M\u00e9dica, que teve in\u00edcio em 2016, membros dos Conselhos Federal e Regionais de Medicina (CFM\/CRMs), de entidades m\u00e9dicas nacionais e especialistas convidados deliberaram em vota\u00e7\u00e3o eletr\u00f4nica a reda\u00e7\u00e3o final dos textos ser\u00e3o incorporados. \u201cNa \u00faltima d\u00e9cada muitas transforma\u00e7\u00f5es e mudan\u00e7as aconteceram na nossa sociedade, nas rela\u00e7\u00f5es [&hellip;]<\/p>\n","protected":false},"author":1,"featured_media":0,"comment_status":"open","ping_status":"open","sticky":false,"template":"","format":"standard","meta":{"ocean_post_layout":"","ocean_both_sidebars_style":"","ocean_both_sidebars_content_width":0,"ocean_both_sidebars_sidebars_width":0,"ocean_sidebar":"","ocean_second_sidebar":"","ocean_disable_margins":"enable","ocean_add_body_class":"","ocean_shortcode_before_top_bar":"","ocean_shortcode_after_top_bar":"","ocean_shortcode_before_header":"","ocean_shortcode_after_header":"","ocean_has_shortcode":"","ocean_shortcode_after_title":"","ocean_shortcode_before_footer_widgets":"","ocean_shortcode_after_footer_widgets":"","ocean_shortcode_before_footer_bottom":"","ocean_shortcode_after_footer_bottom":"","ocean_display_top_bar":"default","ocean_display_header":"default","ocean_header_style":"","ocean_center_header_left_menu":"","ocean_custom_header_template":"","ocean_custom_logo":0,"ocean_custom_retina_logo":0,"ocean_custom_logo_max_width":0,"ocean_custom_logo_tablet_max_width":0,"ocean_custom_logo_mobile_max_width":0,"ocean_custom_logo_max_height":0,"ocean_custom_logo_tablet_max_height":0,"ocean_custom_logo_mobile_max_height":0,"ocean_header_custom_menu":"","ocean_menu_typo_font_family":"","ocean_menu_typo_font_subset":"","ocean_menu_typo_font_size":0,"ocean_menu_typo_font_size_tablet":0,"ocean_menu_typo_font_size_mobile":0,"ocean_menu_typo_font_size_unit":"px","ocean_menu_typo_font_weight":"","ocean_menu_typo_font_weight_tablet":"","ocean_menu_typo_font_weight_mobile":"","ocean_menu_typo_transform":"","ocean_menu_typo_transform_tablet":"","ocean_menu_typo_transform_mobile":"","ocean_menu_typo_line_height":0,"ocean_menu_typo_line_height_tablet":0,"ocean_menu_typo_line_height_mobile":0,"ocean_menu_typo_line_height_unit":"","ocean_menu_typo_spacing":0,"ocean_menu_typo_spacing_tablet":0,"ocean_menu_typo_spacing_mobile":0,"ocean_menu_typo_spacing_unit":"","ocean_menu_link_color":"","ocean_menu_link_color_hover":"","ocean_menu_link_color_active":"","ocean_menu_link_background":"","ocean_menu_link_hover_background":"","ocean_menu_link_active_background":"","ocean_menu_social_links_bg":"","ocean_menu_social_hover_links_bg":"","ocean_menu_social_links_color":"","ocean_menu_social_hover_links_color":"","ocean_disable_title":"default","ocean_disable_heading":"default","ocean_post_title":"","ocean_post_subheading":"","ocean_post_title_style":"","ocean_post_title_background_color":"","ocean_post_title_background":0,"ocean_post_title_bg_image_position":"","ocean_post_title_bg_image_attachment":"","ocean_post_title_bg_image_repeat":"","ocean_post_title_bg_image_size":"","ocean_post_title_height":0,"ocean_post_title_bg_overlay":0.5,"ocean_post_title_bg_overlay_color":"","ocean_disable_breadcrumbs":"default","ocean_breadcrumbs_color":"","ocean_breadcrumbs_separator_color":"","ocean_breadcrumbs_links_color":"","ocean_breadcrumbs_links_hover_color":"","ocean_display_footer_widgets":"default","ocean_display_footer_bottom":"default","ocean_custom_footer_template":"","ocean_post_oembed":"","ocean_post_self_hosted_media":"","ocean_post_video_embed":"","ocean_link_format":"","ocean_link_format_target":"self","ocean_quote_format":"","ocean_quote_format_link":"post","ocean_gallery_link_images":"on","ocean_gallery_id":[]},"categories":[9],"tags":[3070,75,3071],"acf":[],"_links":{"self":[{"href":"https:\/\/www.simepe.com.br\/novo\/wp-json\/wp\/v2\/posts\/47787"}],"collection":[{"href":"https:\/\/www.simepe.com.br\/novo\/wp-json\/wp\/v2\/posts"}],"about":[{"href":"https:\/\/www.simepe.com.br\/novo\/wp-json\/wp\/v2\/types\/post"}],"author":[{"embeddable":true,"href":"https:\/\/www.simepe.com.br\/novo\/wp-json\/wp\/v2\/users\/1"}],"replies":[{"embeddable":true,"href":"https:\/\/www.simepe.com.br\/novo\/wp-json\/wp\/v2\/comments?post=47787"}],"version-history":[{"count":1,"href":"https:\/\/www.simepe.com.br\/novo\/wp-json\/wp\/v2\/posts\/47787\/revisions"}],"predecessor-version":[{"id":47788,"href":"https:\/\/www.simepe.com.br\/novo\/wp-json\/wp\/v2\/posts\/47787\/revisions\/47788"}],"wp:attachment":[{"href":"https:\/\/www.simepe.com.br\/novo\/wp-json\/wp\/v2\/media?parent=47787"}],"wp:term":[{"taxonomy":"category","embeddable":true,"href":"https:\/\/www.simepe.com.br\/novo\/wp-json\/wp\/v2\/categories?post=47787"},{"taxonomy":"post_tag","embeddable":true,"href":"https:\/\/www.simepe.com.br\/novo\/wp-json\/wp\/v2\/tags?post=47787"}],"curies":[{"name":"wp","href":"https:\/\/api.w.org\/{rel}","templated":true}]}}