{"id":47794,"date":"2018-08-20T08:40:16","date_gmt":"2018-08-20T11:40:16","guid":{"rendered":"http:\/\/www.simepe.com.br\/novo\/?p=47794"},"modified":"2018-08-20T08:40:16","modified_gmt":"2018-08-20T11:40:16","slug":"moradores-de-santo-amaro-ganham-nova-unidade-de-saude","status":"publish","type":"post","link":"https:\/\/www.simepe.com.br\/novo\/moradores-de-santo-amaro-ganham-nova-unidade-de-saude\/","title":{"rendered":"Moradores de Santo Amaro ganham nova unidade de sa\u00fade"},"content":{"rendered":"<p style=\"text-align: justify;\">O equipamento dever\u00e1 atender cerca de tr\u00eas mil pessoas do bairro. Foram investidos R$ 345 mil<\/p>\n<p style=\"text-align: justify;\">Moradores de Santo Amaro ganharam na manh\u00e3 desta sexta-feira (17) uma nova Unidade de Sa\u00fade da Fam\u00edlia (USF). O equipamento resultou do desmembramento da USF Santo Amaro I, com o intuito de desafogar o atendimento na unidade j\u00e1 existente e assim poder acolher de forma mais satisfat\u00f3ria usu\u00e1rios e profissionais. O prefeito Geraldo Julio entregou o novo posto, que ser\u00e1 gerenciado por meio de uma cogest\u00e3o com o Instituto de Medicina Integral Professor Fernando Figueira (IMIP). O investimento total foi de R$ 345 mil, entre obra, equipamentos e mobili\u00e1rio.<\/p>\n<p style=\"text-align: justify;\">\u201cS\u00e3o mais de 160 unidades, entre novas constru\u00e7\u00f5es e requalifica\u00e7\u00f5es. Hospital da Mulher, Upinhas, UPA-Especialidades, maternidades reformadas e agora a constru\u00e7\u00e3o da Unidade de Sa\u00fade da Fam\u00edlia Santo Amaro III. Equipamentos novos, mobili\u00e1rio novo e uma estrutura adequada com aquilo que o povo do Recife merece. Aqui os profissionais v\u00e3o poder trabalhar em melhores condi\u00e7\u00f5es e oferecer um atendimento de sa\u00fade de qualidade, que \u00e9 um desafio em todo Brasil. No Recife estamos priorizando isso, chegando a 200 milh\u00f5es de reais em investimentos somente na \u00e1rea da sa\u00fade\u201d, pontuou o prefeito Geraldo Julio.<\/p>\n<p style=\"text-align: justify;\">Na unidade, os benefici\u00e1rios v\u00e3o poder contar com uma estrutura que segue o padr\u00e3o de qualidade da gest\u00e3o, atendendo tamb\u00e9m \u00e0s exig\u00eancias que estabelece a legisla\u00e7\u00e3o sanit\u00e1ria para instala\u00e7\u00e3o de estabelecimentos assistenciais de sa\u00fade. Recep\u00e7\u00e3o, sala de espera, sala de vacina, farm\u00e1cia, sala de agentes comunit\u00e1rios, consult\u00f3rio m\u00e9dico, de enfermagem, consult\u00f3rio odontol\u00f3gico, salas para curativos e procedimentos, sala de reuni\u00e3o, esteriliza\u00e7\u00e3o, expurgo, copa, dep\u00f3sito de material de limpeza e sanit\u00e1rios, tudo novo, garantindo um melhor acolhimento de pacientes. A nova estrutura tamb\u00e9m oferece condi\u00e7\u00f5es ideais para desenvolvimento das a\u00e7\u00f5es da estrat\u00e9gia de sa\u00fade da fam\u00edlia, atendendo de forma humanizada e garantindo conforto e seguran\u00e7a para equipe e popula\u00e7\u00e3o.<\/p>\n<p style=\"text-align: justify;\">\u201cEstou encantado com o espa\u00e7o. Antes era um sufoco ser atendido, muita gente na outra unidade. Com essa vou poder me consultar sem agonia, pegar meus rem\u00e9dios, esperar num lugar sem sofrimento. Est\u00e1 tudo muito bonito e organizado. N\u00e3o s\u00f3 eu, como outros moradores aqui do bairro sabemos o quanto era importante isso aqui ser feito e o quanto o bairro merece. Estamos muito felizes\u201d, comemorou o aposentado Edelviro Tavares Concei\u00e7\u00e3o, de 73 anos, um dos cerca de 3.000 benefici\u00e1rios do equipamento. A equipe \u00e9 composta por um m\u00e9dico, uma enfermeira, um t\u00e9cnico de enfermagem, cinco agentes comunit\u00e1rios de sa\u00fade, um cirurgi\u00e3o dentista e um auxiliar de sa\u00fade bucal, al\u00e9m de funcion\u00e1rios dos servi\u00e7os de portaria, servi\u00e7os gerais, apoio administrativo e recep\u00e7\u00e3o.<\/p>\n<p style=\"text-align: justify;\">Teresa Campos, superintendente geral do IMIP, falou da import\u00e2ncia do apoio do \u00f3rg\u00e3o na unidade. \u201cTemos com a Prefeitura uma longa e forte parceria para essa \u00e1rea de extens\u00e3o, com as Unidades de Sa\u00fade da Fam\u00edlia. Pra n\u00f3s \u00e9 importante saber que estamos prestando um servi\u00e7o de qualidade no acolhimento \u00e0 popula\u00e7\u00e3o, devolvendo a eles um direito que \u00e9 essa assist\u00eancia de qualidade\u201d, ressaltou a gestora do instituto.<\/p>\n<p style=\"text-align: justify;\"><strong>DIA D DA VACINA\u00c7\u00c3O<\/strong> &#8211; Durante a entrega do equipamento, o prefeito Geraldo Julio tamb\u00e9m lembrou o Dia D da Campanha Nacional de Vacina\u00e7\u00e3o contra Sarampo e Poliomelite, que ocorre neste s\u00e1bado (18). A vacina\u00e7\u00e3o acontecer\u00e1 em cerca de 170 unidades de sa\u00fade do munic\u00edpio, das 8h \u00e0s 17h, entre elas a unidade Santo Amaro III, e \u00e9 destinada a crian\u00e7as com idade entre um ano e menores de cinco anos. Al\u00e9m disso, tamb\u00e9m haver\u00e1 ao menos dois postos volantes de aplica\u00e7\u00e3o das doses em cada um dos oito distritos sanit\u00e1rios da Capital. &#8220;Com certeza haver\u00e1 um posto de vacina\u00e7\u00e3o aberto pr\u00f3ximo da resid\u00eancia de cada recifense. \u00c9 importante realizar esta vacina\u00e7\u00e3o. \u00c9 um ato de carinho e amor com suas crian\u00e7as&#8221;, refor\u00e7ou o prefeito Geraldo Julio. A campanha nacional come\u00e7ou no \u00faltimo dia 6 e segue at\u00e9 o dia 31, tendo como meta, imunizar pelo menos 95% das 80.028 crian\u00e7as dentro da faixa et\u00e1ria no Recife, independentemente da situa\u00e7\u00e3o vacinal, conforme recomendado pela Organiza\u00e7\u00e3o Mundial de Sa\u00fade.<\/p>\n<p style=\"text-align: justify;\">\n<p style=\"text-align: justify;\">Fonte: Diario de Pernambuco<\/p>\n","protected":false},"excerpt":{"rendered":"<p>O equipamento dever\u00e1 atender cerca de tr\u00eas mil pessoas do bairro. Foram investidos R$ 345 mil Moradores de Santo Amaro ganharam na manh\u00e3 desta sexta-feira (17) uma nova Unidade de Sa\u00fade da Fam\u00edlia (USF). O equipamento resultou do desmembramento da USF Santo Amaro I, com o intuito de desafogar o atendimento na unidade j\u00e1 existente [&hellip;]<\/p>\n","protected":false},"author":1,"featured_media":0,"comment_status":"open","ping_status":"open","sticky":false,"template":"","format":"standard","meta":{"ocean_post_layout":"","ocean_both_sidebars_style":"","ocean_both_sidebars_content_width":0,"ocean_both_sidebars_sidebars_width":0,"ocean_sidebar":"","ocean_second_sidebar":"","ocean_disable_margins":"enable","ocean_add_body_class":"","ocean_shortcode_before_top_bar":"","ocean_shortcode_after_top_bar":"","ocean_shortcode_before_header":"","ocean_shortcode_after_header":"","ocean_has_shortcode":"","ocean_shortcode_after_title":"","ocean_shortcode_before_footer_widgets":"","ocean_shortcode_after_footer_widgets":"","ocean_shortcode_before_footer_bottom":"","ocean_shortcode_after_footer_bottom":"","ocean_display_top_bar":"default","ocean_display_header":"default","ocean_header_style":"","ocean_center_header_left_menu":"","ocean_custom_header_template":"","ocean_custom_logo":0,"ocean_custom_retina_logo":0,"ocean_custom_logo_max_width":0,"ocean_custom_logo_tablet_max_width":0,"ocean_custom_logo_mobile_max_width":0,"ocean_custom_logo_max_height":0,"ocean_custom_logo_tablet_max_height":0,"ocean_custom_logo_mobile_max_height":0,"ocean_header_custom_menu":"","ocean_menu_typo_font_family":"","ocean_menu_typo_font_subset":"","ocean_menu_typo_font_size":0,"ocean_menu_typo_font_size_tablet":0,"ocean_menu_typo_font_size_mobile":0,"ocean_menu_typo_font_size_unit":"px","ocean_menu_typo_font_weight":"","ocean_menu_typo_font_weight_tablet":"","ocean_menu_typo_font_weight_mobile":"","ocean_menu_typo_transform":"","ocean_menu_typo_transform_tablet":"","ocean_menu_typo_transform_mobile":"","ocean_menu_typo_line_height":0,"ocean_menu_typo_line_height_tablet":0,"ocean_menu_typo_line_height_mobile":0,"ocean_menu_typo_line_height_unit":"","ocean_menu_typo_spacing":0,"ocean_menu_typo_spacing_tablet":0,"ocean_menu_typo_spacing_mobile":0,"ocean_menu_typo_spacing_unit":"","ocean_menu_link_color":"","ocean_menu_link_color_hover":"","ocean_menu_link_color_active":"","ocean_menu_link_background":"","ocean_menu_link_hover_background":"","ocean_menu_link_active_background":"","ocean_menu_social_links_bg":"","ocean_menu_social_hover_links_bg":"","ocean_menu_social_links_color":"","ocean_menu_social_hover_links_color":"","ocean_disable_title":"default","ocean_disable_heading":"default","ocean_post_title":"","ocean_post_subheading":"","ocean_post_title_style":"","ocean_post_title_background_color":"","ocean_post_title_background":0,"ocean_post_title_bg_image_position":"","ocean_post_title_bg_image_attachment":"","ocean_post_title_bg_image_repeat":"","ocean_post_title_bg_image_size":"","ocean_post_title_height":0,"ocean_post_title_bg_overlay":0.5,"ocean_post_title_bg_overlay_color":"","ocean_disable_breadcrumbs":"default","ocean_breadcrumbs_color":"","ocean_breadcrumbs_separator_color":"","ocean_breadcrumbs_links_color":"","ocean_breadcrumbs_links_hover_color":"","ocean_display_footer_widgets":"default","ocean_display_footer_bottom":"default","ocean_custom_footer_template":"","ocean_post_oembed":"","ocean_post_self_hosted_media":"","ocean_post_video_embed":"","ocean_link_format":"","ocean_link_format_target":"self","ocean_quote_format":"","ocean_quote_format_link":"post","ocean_gallery_link_images":"on","ocean_gallery_id":[]},"categories":[9],"tags":[3023,3075,82,3074],"acf":[],"_links":{"self":[{"href":"https:\/\/www.simepe.com.br\/novo\/wp-json\/wp\/v2\/posts\/47794"}],"collection":[{"href":"https:\/\/www.simepe.com.br\/novo\/wp-json\/wp\/v2\/posts"}],"about":[{"href":"https:\/\/www.simepe.com.br\/novo\/wp-json\/wp\/v2\/types\/post"}],"author":[{"embeddable":true,"href":"https:\/\/www.simepe.com.br\/novo\/wp-json\/wp\/v2\/users\/1"}],"replies":[{"embeddable":true,"href":"https:\/\/www.simepe.com.br\/novo\/wp-json\/wp\/v2\/comments?post=47794"}],"version-history":[{"count":1,"href":"https:\/\/www.simepe.com.br\/novo\/wp-json\/wp\/v2\/posts\/47794\/revisions"}],"predecessor-version":[{"id":47795,"href":"https:\/\/www.simepe.com.br\/novo\/wp-json\/wp\/v2\/posts\/47794\/revisions\/47795"}],"wp:attachment":[{"href":"https:\/\/www.simepe.com.br\/novo\/wp-json\/wp\/v2\/media?parent=47794"}],"wp:term":[{"taxonomy":"category","embeddable":true,"href":"https:\/\/www.simepe.com.br\/novo\/wp-json\/wp\/v2\/categories?post=47794"},{"taxonomy":"post_tag","embeddable":true,"href":"https:\/\/www.simepe.com.br\/novo\/wp-json\/wp\/v2\/tags?post=47794"}],"curies":[{"name":"wp","href":"https:\/\/api.w.org\/{rel}","templated":true}]}}