{"id":47813,"date":"2018-08-20T09:24:57","date_gmt":"2018-08-20T12:24:57","guid":{"rendered":"http:\/\/www.simepe.com.br\/novo\/?p=47813"},"modified":"2018-08-20T09:24:57","modified_gmt":"2018-08-20T12:24:57","slug":"hospital-aceita-proposta-do-simesc-de-conversar-com-medicos-sobre-comportamento-do-diretor-tecnico","status":"publish","type":"post","link":"https:\/\/www.simepe.com.br\/novo\/hospital-aceita-proposta-do-simesc-de-conversar-com-medicos-sobre-comportamento-do-diretor-tecnico\/","title":{"rendered":"Hospital aceita proposta do SIMESC de conversar com m\u00e9dicos sobre comportamento do diretor t\u00e9cnico"},"content":{"rendered":"<p style=\"text-align: justify;\">Dirigentes e assessores do SIMESC retornaram a Tubar\u00e3o na quarta-feira, 15 de agosto, para tratar com a diretoria do Hospital Nossa Senhora da Concei\u00e7\u00e3o, sobre as graves acusa\u00e7\u00f5es do diretor t\u00e9cnico da unidade de sa\u00fade, Cristiano Alexandre Ferreira, contra os integrantes do corpo cl\u00ednico. O caso repercutiu na C\u00e2mara de Vereadores e na imprensa, abalando sobremaneira a rela\u00e7\u00e3o entre os colegas de trabalho.<\/p>\n<p style=\"text-align: justify;\">A diretoria da Associa\u00e7\u00e3o Congrega\u00e7\u00e3o de Santa Catarina, representada pelo diretor executivo em Santa Catarina, Juliano Petters e pela diretora do Hospital, Patr\u00edcia de Toledo, ouviu sobre o debate realizado com os m\u00e9dicos e, depois de v\u00e1rios argumentos, entendeu que o melhor encaminhamento \u00e9 a sugest\u00e3o do Sindicato: convidar os m\u00e9dicos do corpo cl\u00ednico para conversar sobre o fato. O diretor t\u00e9cnico Cristiano, bem como o diretor cl\u00ednico Ricardo Reis do Nascimento, tamb\u00e9m participaram do debate.<\/p>\n<p style=\"text-align: justify;\">\u201cO pedido dos m\u00e9dicos reunidos conosco na semana passada foi pela sa\u00edda do diretor t\u00e9cnico. E viemos para, em nome dos m\u00e9dicos, apresentar essa insatisfa\u00e7\u00e3o. Ouvir todos os lados da hist\u00f3ria antes de tomar alguma decis\u00e3o \u00e9 o papel do Sindicato\u201d, declara Cyro Soncini, presidente da Entidade.<\/p>\n<p style=\"text-align: justify;\">De acordo com o vice-presidente do Sindicato, Leopoldo Back, a dire\u00e7\u00e3o da unidade de sa\u00fade confirmou que Cristiano ser\u00e1 mantido no cargo. \u201cSomos uma interface de comunica\u00e7\u00e3o. Medidas mais contundentes n\u00e3o ser\u00e3o tomadas enquanto houver possibilidade de dialogar\u201d, afirmou.<\/p>\n<p style=\"text-align: justify;\">Para o tesoureiro geral do Sindicato, Fl\u00e1vio Luiz Vieira, a rela\u00e7\u00e3o de confian\u00e7a e de trabalho entre o diretor t\u00e9cnico e o corpo cl\u00ednico foi quebrada. \u201c\u00c9 uma situa\u00e7\u00e3o de grande repercuss\u00e3o, que gerou muita indigna\u00e7\u00e3o entre os m\u00e9dicos. A dire\u00e7\u00e3o do hospital faz bem em ouvir o que o outro lado tem a dizer sobre tudo o que ocorreu\u201d, destacou.<\/p>\n<p style=\"text-align: justify;\">\u201cSe a avalia\u00e7\u00e3o \u00e9 de que precisamos conversar mais e com o grupo amplo, vamos fazer\u201d, destacou Juliano ao informar que houve uma conversa com o diretor t\u00e9cnico sobre as indisposi\u00e7\u00f5es das declara\u00e7\u00f5es dele, e que est\u00e3o sendo realizadas conversas com os m\u00e9dicos de cada especialidade separadamente para tratar tamb\u00e9m de quest\u00f5es internas de trabalho. \u201cFoi um desabafo e n\u00e3o uma generaliza\u00e7\u00e3o. Estou tendo a oportunidade de conversar com os m\u00e9dicos sobre isso e estarei nessa reuni\u00e3o com os m\u00e9dicos\u201d, confirmou Cristiano.<\/p>\n<p style=\"text-align: justify;\">O m\u00e9dico Nelson Ubaldo Filho, delegado do Conselho Regional de Medicina (CRM), tamb\u00e9m participou da reuni\u00e3o e refor\u00e7ou a sugest\u00e3o do SIMESC. \u201cH\u00e1 uma sensa\u00e7\u00e3o de inseguran\u00e7a pela falta de di\u00e1logo, agravada com as declara\u00e7\u00f5es do diretor t\u00e9cnico. Alguns m\u00e9dicos se sentiram amea\u00e7ados e nada melhor do que a conversa para buscar o entendimento\u201d, destacou.<\/p>\n<p style=\"text-align: justify;\"><strong>M\u00e9dicos<\/strong><\/p>\n<p style=\"text-align: justify;\">Ap\u00f3s a reuni\u00e3o no hospital, o SIMESC esteve reunido com representantes dos m\u00e9dicos do corpo cl\u00ednico. O presidente Cyro Soncini abordou os principais pontos da reuni\u00e3o e frisou sobre os ajustes de gest\u00e3o que est\u00e3o sendo realizados, que n\u00e3o devem ser confundidos com retalia\u00e7\u00f5es.<\/p>\n<p style=\"text-align: justify;\">Firme na postura de que o diretor t\u00e9cnico foi infeliz em suas declara\u00e7\u00f5es, Leopoldo Back orientou que os m\u00e9dicos precisam se organizar e participar dessa reuni\u00e3o com a diretoria do hospital, e que cada especialidade deve relatar seu descontentamento com o epis\u00f3dio. \u201c\u00c9 a chance deles saberem da vers\u00e3o de voc\u00eas da hist\u00f3ria. At\u00e9 o momento eles sabem da vers\u00e3o do Cristiano. Voc\u00eas precisam ir l\u00e1 e falar que querem a mudan\u00e7a de diretor t\u00e9cnico e justificar os motivos\u201d, orientou.<\/p>\n<p style=\"text-align: justify;\">O diretor de Sa\u00fade do Trabalhador, Odimar Pires Pacheco, comentou os m\u00e9dicos n\u00e3o podem aceitar acusa\u00e7\u00f5es sem provas e nem amea\u00e7as de retalia\u00e7\u00f5es. \u201cSe voc\u00eas forem em cinco para a reuni\u00e3o com a diretoria do hospital, a resposta estar\u00e1 dada e n\u00e3o haver\u00e1 muito mais o que fazer. Voc\u00eas s\u00e3o a representa\u00e7\u00e3o da vontade de manter o hospital funcionando e os principais atores para que a unidade melhore seu desempenho. Esse hospital tem uma hist\u00f3ria que atravessa gera\u00e7\u00f5es e esse epis\u00f3dio precisa ser superado. E o di\u00e1logo ainda \u00e9 o melhor caminho\u201d, orientou.<\/p>\n<p style=\"text-align: justify;\">Os m\u00e9dicos se comprometeram em se organizar para mobilizar seus grupos de especialidades para participar da reuni\u00e3o, que ainda n\u00e3o tem data confirmada.<\/p>\n<p style=\"text-align: justify;\">Os assessores Erial Lopes de Haro (advogado) e Carla Cavalheiro (jornalista), mais a funcion\u00e1ria Juliana da Silva, tamb\u00e9m participaram das atividades em Tubar\u00e3o.<\/p>\n<p style=\"text-align: justify;\">\n<p style=\"text-align: justify;\">Fonte: Assessoria de Comunica\u00e7\u00e3o do Sindicato dos M\u00e9dicos do Estado de Santa Catarina (Simesc)<\/p>\n","protected":false},"excerpt":{"rendered":"<p>Dirigentes e assessores do SIMESC retornaram a Tubar\u00e3o na quarta-feira, 15 de agosto, para tratar com a diretoria do Hospital Nossa Senhora da Concei\u00e7\u00e3o, sobre as graves acusa\u00e7\u00f5es do diretor t\u00e9cnico da unidade de sa\u00fade, Cristiano Alexandre Ferreira, contra os integrantes do corpo cl\u00ednico. O caso repercutiu na C\u00e2mara de Vereadores e na imprensa, abalando [&hellip;]<\/p>\n","protected":false},"author":1,"featured_media":47814,"comment_status":"open","ping_status":"open","sticky":false,"template":"","format":"standard","meta":{"ocean_post_layout":"","ocean_both_sidebars_style":"","ocean_both_sidebars_content_width":0,"ocean_both_sidebars_sidebars_width":0,"ocean_sidebar":"","ocean_second_sidebar":"","ocean_disable_margins":"enable","ocean_add_body_class":"","ocean_shortcode_before_top_bar":"","ocean_shortcode_after_top_bar":"","ocean_shortcode_before_header":"","ocean_shortcode_after_header":"","ocean_has_shortcode":"","ocean_shortcode_after_title":"","ocean_shortcode_before_footer_widgets":"","ocean_shortcode_after_footer_widgets":"","ocean_shortcode_before_footer_bottom":"","ocean_shortcode_after_footer_bottom":"","ocean_display_top_bar":"default","ocean_display_header":"default","ocean_header_style":"","ocean_center_header_left_menu":"","ocean_custom_header_template":"","ocean_custom_logo":0,"ocean_custom_retina_logo":0,"ocean_custom_logo_max_width":0,"ocean_custom_logo_tablet_max_width":0,"ocean_custom_logo_mobile_max_width":0,"ocean_custom_logo_max_height":0,"ocean_custom_logo_tablet_max_height":0,"ocean_custom_logo_mobile_max_height":0,"ocean_header_custom_menu":"","ocean_menu_typo_font_family":"","ocean_menu_typo_font_subset":"","ocean_menu_typo_font_size":0,"ocean_menu_typo_font_size_tablet":0,"ocean_menu_typo_font_size_mobile":0,"ocean_menu_typo_font_size_unit":"px","ocean_menu_typo_font_weight":"","ocean_menu_typo_font_weight_tablet":"","ocean_menu_typo_font_weight_mobile":"","ocean_menu_typo_transform":"","ocean_menu_typo_transform_tablet":"","ocean_menu_typo_transform_mobile":"","ocean_menu_typo_line_height":0,"ocean_menu_typo_line_height_tablet":0,"ocean_menu_typo_line_height_mobile":0,"ocean_menu_typo_line_height_unit":"","ocean_menu_typo_spacing":0,"ocean_menu_typo_spacing_tablet":0,"ocean_menu_typo_spacing_mobile":0,"ocean_menu_typo_spacing_unit":"","ocean_menu_link_color":"","ocean_menu_link_color_hover":"","ocean_menu_link_color_active":"","ocean_menu_link_background":"","ocean_menu_link_hover_background":"","ocean_menu_link_active_background":"","ocean_menu_social_links_bg":"","ocean_menu_social_hover_links_bg":"","ocean_menu_social_links_color":"","ocean_menu_social_hover_links_color":"","ocean_disable_title":"default","ocean_disable_heading":"default","ocean_post_title":"","ocean_post_subheading":"","ocean_post_title_style":"","ocean_post_title_background_color":"","ocean_post_title_background":0,"ocean_post_title_bg_image_position":"","ocean_post_title_bg_image_attachment":"","ocean_post_title_bg_image_repeat":"","ocean_post_title_bg_image_size":"","ocean_post_title_height":0,"ocean_post_title_bg_overlay":0.5,"ocean_post_title_bg_overlay_color":"","ocean_disable_breadcrumbs":"default","ocean_breadcrumbs_color":"","ocean_breadcrumbs_separator_color":"","ocean_breadcrumbs_links_color":"","ocean_breadcrumbs_links_hover_color":"","ocean_display_footer_widgets":"default","ocean_display_footer_bottom":"default","ocean_custom_footer_template":"","ocean_post_oembed":"","ocean_post_self_hosted_media":"","ocean_post_video_embed":"","ocean_link_format":"","ocean_link_format_target":"self","ocean_quote_format":"","ocean_quote_format_link":"post","ocean_gallery_link_images":"on","ocean_gallery_id":[]},"categories":[1],"tags":[],"acf":[],"_links":{"self":[{"href":"https:\/\/www.simepe.com.br\/novo\/wp-json\/wp\/v2\/posts\/47813"}],"collection":[{"href":"https:\/\/www.simepe.com.br\/novo\/wp-json\/wp\/v2\/posts"}],"about":[{"href":"https:\/\/www.simepe.com.br\/novo\/wp-json\/wp\/v2\/types\/post"}],"author":[{"embeddable":true,"href":"https:\/\/www.simepe.com.br\/novo\/wp-json\/wp\/v2\/users\/1"}],"replies":[{"embeddable":true,"href":"https:\/\/www.simepe.com.br\/novo\/wp-json\/wp\/v2\/comments?post=47813"}],"version-history":[{"count":1,"href":"https:\/\/www.simepe.com.br\/novo\/wp-json\/wp\/v2\/posts\/47813\/revisions"}],"predecessor-version":[{"id":47815,"href":"https:\/\/www.simepe.com.br\/novo\/wp-json\/wp\/v2\/posts\/47813\/revisions\/47815"}],"wp:featuredmedia":[{"embeddable":true,"href":"https:\/\/www.simepe.com.br\/novo\/wp-json\/wp\/v2\/media\/47814"}],"wp:attachment":[{"href":"https:\/\/www.simepe.com.br\/novo\/wp-json\/wp\/v2\/media?parent=47813"}],"wp:term":[{"taxonomy":"category","embeddable":true,"href":"https:\/\/www.simepe.com.br\/novo\/wp-json\/wp\/v2\/categories?post=47813"},{"taxonomy":"post_tag","embeddable":true,"href":"https:\/\/www.simepe.com.br\/novo\/wp-json\/wp\/v2\/tags?post=47813"}],"curies":[{"name":"wp","href":"https:\/\/api.w.org\/{rel}","templated":true}]}}