{"id":47819,"date":"2018-08-19T09:33:31","date_gmt":"2018-08-19T12:33:31","guid":{"rendered":"http:\/\/www.simepe.com.br\/novo\/?p=47819"},"modified":"2018-08-20T09:34:48","modified_gmt":"2018-08-20T12:34:48","slug":"atencao-medicos-19-08-2018","status":"publish","type":"post","link":"https:\/\/www.simepe.com.br\/novo\/atencao-medicos-19-08-2018\/","title":{"rendered":"Aten\u00e7\u00e3o M\u00e9dicos 19.08.2018"},"content":{"rendered":"<p style=\"text-align: center;\"><strong>M\u00e9dicos das Upinhas 24h discutem condi\u00e7\u00f5es de trabalho<\/strong><\/p>\n<p style=\"text-align: justify;\">\nM\u00e9dicos da Estrat\u00e9gia de Sa\u00fade da Fam\u00edlia (ESF) da Rede Municipal de Sa\u00fade do Recife, que atuam nas Upinhas 24h, se reuniram na ter\u00e7a-feira (14.08) com a vice-presidente do Sindicato dos M\u00e9dicos de Pernambuco (Simepe), Claudia Beatriz, a diretora executiva, Maria de F\u00e1tima Vieira, e o advogado da Defensoria M\u00e9dica, Diego Galdino, na sede do Sindicato. Eles discutiram sobre o perfil de complexidade do atendimento das urg\u00eancias, que v\u00eam crescendo; o ac\u00famulo de fun\u00e7\u00f5es para o m\u00e9dico do PSF, que tem atividades programadas e precisa atender \u00e0s urg\u00eancias, al\u00e9m de regular, por vezes, o paciente para uma unidade de maior complexidade. Apontaram, ainda, que nem todas as Upinhas est\u00e3o montadas com medicamentos e equipamentos adequados para o atendimento das emerg\u00eancias. Os problemas ser\u00e3o apresentados aos gestores da sa\u00fade em reuni\u00e3o, dia 20\/08 (segunda-feira), com o objetivo de definir os pap\u00e9is desses profissionais da sa\u00fade da fam\u00edlia e comunidade, e tamb\u00e9m o perfil dessas unidades.<\/p>\n<p style=\"text-align: center;\"><strong>Simepe e patologistas do HCP <\/strong><\/p>\n<p style=\"text-align: justify;\">\nO presidente do Simepe, Tadeu Calheiros se reuniu na noite da ter\u00e7a-feira (14.08), com os m\u00e9dicos patologistas do Hospital de C\u00e2ncer de Pernambuco (HCP), com objetivo de discutir sobre a diminui\u00e7\u00e3o da remunera\u00e7\u00e3o dos profissionais em rela\u00e7\u00e3o do aumento do n\u00famero de exames, o n\u00e3o cumprimento de um aumento acordado em 2016 de 20% no sal\u00e1rio-base, quando da proposi\u00e7\u00e3o de aumento na produ\u00e7\u00e3o, bem como a falta de pagamento de remunera\u00e7\u00e3o para a atividade de preceptoria. Eles cobram clareza nos crit\u00e9rios dos percentuais praticados para o c\u00e1lculo da produtividade e denunciam a falta constante de material para a IHQ \u2013 Imuno-histoqu\u00edmica. O Simepe j\u00e1 enviou oficio para a dire\u00e7\u00e3o do HCP, solicitando reuni\u00e3o conjunta com representantes do corpo cl\u00ednico em busca de esclarecimentos e solu\u00e7\u00f5es dos problemas.<\/p>\n<p style=\"text-align: center;\"><strong>ATEN\u00c7\u00c3O, M\u00c9DICOS DO ESTADO!<\/strong><\/p>\n<p style=\"text-align: justify;\">\nContinua aberto o prazo para a realiza\u00e7\u00e3o da Avalia\u00e7\u00e3o de desempenho para Planos de Cargos, Carreiras e Vencimentos (PCCV) dos servidores do Estado (m\u00e9dicos, analistas assistentes e auxiliares de sa\u00fade). Fique atento, pois as informa\u00e7\u00f5es precisam ser prestadas at\u00e9 o dia 14\/09. Onde realizar: www.gestaododesempenho.pe.gov.br<br \/>\nLogin: CFP do servidor e\/ou chefia imediata Senha: senha do contracheque.<\/p>\n<p style=\"text-align: center;\">M\u00e9dico, o Sindicato \u00e9 voc\u00ea! N\u00e3o h\u00e1 sindicato sem luta. N\u00e3o h\u00e1 luta sem sindicato!<\/p>\n<p style=\"text-align: center;\">Recife, 19 de agosto de 2018<br \/>\nA DIRETORIA EXECUTIVA<\/p>\n","protected":false},"excerpt":{"rendered":"<p>M\u00e9dicos das Upinhas 24h discutem condi\u00e7\u00f5es de trabalho M\u00e9dicos da Estrat\u00e9gia de Sa\u00fade da Fam\u00edlia (ESF) da Rede Municipal de Sa\u00fade do Recife, que atuam nas Upinhas 24h, se reuniram na ter\u00e7a-feira (14.08) com a vice-presidente do Sindicato dos M\u00e9dicos de Pernambuco (Simepe), Claudia Beatriz, a diretora executiva, Maria de F\u00e1tima Vieira, e o advogado [&hellip;]<\/p>\n","protected":false},"author":1,"featured_media":0,"comment_status":"open","ping_status":"open","sticky":false,"template":"","format":"standard","meta":{"ocean_post_layout":"","ocean_both_sidebars_style":"","ocean_both_sidebars_content_width":0,"ocean_both_sidebars_sidebars_width":0,"ocean_sidebar":"","ocean_second_sidebar":"","ocean_disable_margins":"enable","ocean_add_body_class":"","ocean_shortcode_before_top_bar":"","ocean_shortcode_after_top_bar":"","ocean_shortcode_before_header":"","ocean_shortcode_after_header":"","ocean_has_shortcode":"","ocean_shortcode_after_title":"","ocean_shortcode_before_footer_widgets":"","ocean_shortcode_after_footer_widgets":"","ocean_shortcode_before_footer_bottom":"","ocean_shortcode_after_footer_bottom":"","ocean_display_top_bar":"default","ocean_display_header":"default","ocean_header_style":"","ocean_center_header_left_menu":"","ocean_custom_header_template":"","ocean_custom_logo":0,"ocean_custom_retina_logo":0,"ocean_custom_logo_max_width":0,"ocean_custom_logo_tablet_max_width":0,"ocean_custom_logo_mobile_max_width":0,"ocean_custom_logo_max_height":0,"ocean_custom_logo_tablet_max_height":0,"ocean_custom_logo_mobile_max_height":0,"ocean_header_custom_menu":"","ocean_menu_typo_font_family":"","ocean_menu_typo_font_subset":"","ocean_menu_typo_font_size":0,"ocean_menu_typo_font_size_tablet":0,"ocean_menu_typo_font_size_mobile":0,"ocean_menu_typo_font_size_unit":"px","ocean_menu_typo_font_weight":"","ocean_menu_typo_font_weight_tablet":"","ocean_menu_typo_font_weight_mobile":"","ocean_menu_typo_transform":"","ocean_menu_typo_transform_tablet":"","ocean_menu_typo_transform_mobile":"","ocean_menu_typo_line_height":0,"ocean_menu_typo_line_height_tablet":0,"ocean_menu_typo_line_height_mobile":0,"ocean_menu_typo_line_height_unit":"","ocean_menu_typo_spacing":0,"ocean_menu_typo_spacing_tablet":0,"ocean_menu_typo_spacing_mobile":0,"ocean_menu_typo_spacing_unit":"","ocean_menu_link_color":"","ocean_menu_link_color_hover":"","ocean_menu_link_color_active":"","ocean_menu_link_background":"","ocean_menu_link_hover_background":"","ocean_menu_link_active_background":"","ocean_menu_social_links_bg":"","ocean_menu_social_hover_links_bg":"","ocean_menu_social_links_color":"","ocean_menu_social_hover_links_color":"","ocean_disable_title":"default","ocean_disable_heading":"default","ocean_post_title":"","ocean_post_subheading":"","ocean_post_title_style":"","ocean_post_title_background_color":"","ocean_post_title_background":0,"ocean_post_title_bg_image_position":"","ocean_post_title_bg_image_attachment":"","ocean_post_title_bg_image_repeat":"","ocean_post_title_bg_image_size":"","ocean_post_title_height":0,"ocean_post_title_bg_overlay":0.5,"ocean_post_title_bg_overlay_color":"","ocean_disable_breadcrumbs":"default","ocean_breadcrumbs_color":"","ocean_breadcrumbs_separator_color":"","ocean_breadcrumbs_links_color":"","ocean_breadcrumbs_links_hover_color":"","ocean_display_footer_widgets":"default","ocean_display_footer_bottom":"default","ocean_custom_footer_template":"","ocean_post_oembed":"","ocean_post_self_hosted_media":"","ocean_post_video_embed":"","ocean_link_format":"","ocean_link_format_target":"self","ocean_quote_format":"","ocean_quote_format_link":"post","ocean_gallery_link_images":"on","ocean_gallery_id":[]},"categories":[1],"tags":[],"acf":[],"_links":{"self":[{"href":"https:\/\/www.simepe.com.br\/novo\/wp-json\/wp\/v2\/posts\/47819"}],"collection":[{"href":"https:\/\/www.simepe.com.br\/novo\/wp-json\/wp\/v2\/posts"}],"about":[{"href":"https:\/\/www.simepe.com.br\/novo\/wp-json\/wp\/v2\/types\/post"}],"author":[{"embeddable":true,"href":"https:\/\/www.simepe.com.br\/novo\/wp-json\/wp\/v2\/users\/1"}],"replies":[{"embeddable":true,"href":"https:\/\/www.simepe.com.br\/novo\/wp-json\/wp\/v2\/comments?post=47819"}],"version-history":[{"count":1,"href":"https:\/\/www.simepe.com.br\/novo\/wp-json\/wp\/v2\/posts\/47819\/revisions"}],"predecessor-version":[{"id":47820,"href":"https:\/\/www.simepe.com.br\/novo\/wp-json\/wp\/v2\/posts\/47819\/revisions\/47820"}],"wp:attachment":[{"href":"https:\/\/www.simepe.com.br\/novo\/wp-json\/wp\/v2\/media?parent=47819"}],"wp:term":[{"taxonomy":"category","embeddable":true,"href":"https:\/\/www.simepe.com.br\/novo\/wp-json\/wp\/v2\/categories?post=47819"},{"taxonomy":"post_tag","embeddable":true,"href":"https:\/\/www.simepe.com.br\/novo\/wp-json\/wp\/v2\/tags?post=47819"}],"curies":[{"name":"wp","href":"https:\/\/api.w.org\/{rel}","templated":true}]}}