{"id":47866,"date":"2018-08-22T12:44:53","date_gmt":"2018-08-22T15:44:53","guid":{"rendered":"http:\/\/www.simepe.com.br\/novo\/?p=47866"},"modified":"2018-08-22T12:44:53","modified_gmt":"2018-08-22T15:44:53","slug":"sociedade-de-pediatria-de-pernambuco-participou-ativamente-do-dia-d-de-vacinacao-contra-sarampo-e-poliomielite","status":"publish","type":"post","link":"https:\/\/www.simepe.com.br\/novo\/sociedade-de-pediatria-de-pernambuco-participou-ativamente-do-dia-d-de-vacinacao-contra-sarampo-e-poliomielite\/","title":{"rendered":"Sociedade de Pediatria de Pernambuco participou ativamente do Dia D de vacina\u00e7\u00e3o contra sarampo e poliomielite"},"content":{"rendered":"<p style=\"text-align: center;\"><em>Mobiliza\u00e7\u00e3o foi um sucesso, superando a meta de imuniza\u00e7\u00e3o pretendida pela Secretaria de Sa\u00fade de Pernambuco<\/em><\/p>\n<p style=\"text-align: justify;\">Foi um sucesso o resultado obtido por Pernambuco no Dia D da Campanha de Nacional de Vacina\u00e7\u00e3o contra a Poliomielite e o Sarampo, realizado no \u00faltimo s\u00e1bado, 18 de agosto, com apoio da Sociedade de Pediatria de Pernambuco (Sopepe). O Estado superou a meta de imuniza\u00e7\u00e3o esperada e, pouco ap\u00f3s o encerramento do per\u00edodo de aplica\u00e7\u00e3o das vacinas, o sistema online da Secretaria da Sa\u00fade de Pernambuco mostrava que 51% do p\u00fablico-alvo j\u00e1 havia sido vacinado.<\/p>\n<p style=\"text-align: justify;\">Na capital, a taxa de crian\u00e7as entre 1 e 5 anos de idade vacinadas atingiu 67%. A Sociedade de Pediatria de Pernambuco participou com a convoca\u00e7\u00e3o dos pediatras pernambucanos, que tanto nos seus diversos cen\u00e1rios de atua\u00e7\u00e3o como tamb\u00e9m estiveram presentes nos postos de imuniza\u00e7\u00e3o para prestar orienta\u00e7\u00e3o e tirar d\u00favidas.<\/p>\n<p style=\"text-align: justify;\">\u201cColoquei os pediatras como agentes de defesa intransigente para reverter os baixos percentuais da cobertura vacinal\u201d, comenta o presidente da Sopepe, Eduardo Jorge Fonseca, que na v\u00e9spera do dia D fez uma confer\u00eancia transmitida para todas as regionais de sa\u00fade do Estado sobre d\u00favidas e controv\u00e9rsias do calend\u00e1rio vacinal .<\/p>\n<p style=\"text-align: justify;\">O intuito \u00e9 que 95% dos pequenos sejam imunizados at\u00e9 o final da campanha, no dia 31 agosto. \u201cSer\u00e1 fundamental contar com o engajamento de todos para conseguirmos reverter este quadro. A sociedade estar\u00e1 firmemente engajada nisso\u201d, detalha Eduardo Jorge.<\/p>\n<p style=\"text-align: justify;\">\n<p style=\"text-align: justify;\">Fonte: Mia Comunica\u00e7\u00e3o<\/p>\n","protected":false},"excerpt":{"rendered":"<p>Mobiliza\u00e7\u00e3o foi um sucesso, superando a meta de imuniza\u00e7\u00e3o pretendida pela Secretaria de Sa\u00fade de Pernambuco Foi um sucesso o resultado obtido por Pernambuco no Dia D da Campanha de Nacional de Vacina\u00e7\u00e3o contra a Poliomielite e o Sarampo, realizado no \u00faltimo s\u00e1bado, 18 de agosto, com apoio da Sociedade de Pediatria de Pernambuco (Sopepe). [&hellip;]<\/p>\n","protected":false},"author":1,"featured_media":47867,"comment_status":"open","ping_status":"open","sticky":false,"template":"","format":"standard","meta":{"ocean_post_layout":"","ocean_both_sidebars_style":"","ocean_both_sidebars_content_width":0,"ocean_both_sidebars_sidebars_width":0,"ocean_sidebar":"","ocean_second_sidebar":"","ocean_disable_margins":"enable","ocean_add_body_class":"","ocean_shortcode_before_top_bar":"","ocean_shortcode_after_top_bar":"","ocean_shortcode_before_header":"","ocean_shortcode_after_header":"","ocean_has_shortcode":"","ocean_shortcode_after_title":"","ocean_shortcode_before_footer_widgets":"","ocean_shortcode_after_footer_widgets":"","ocean_shortcode_before_footer_bottom":"","ocean_shortcode_after_footer_bottom":"","ocean_display_top_bar":"default","ocean_display_header":"default","ocean_header_style":"","ocean_center_header_left_menu":"","ocean_custom_header_template":"","ocean_custom_logo":0,"ocean_custom_retina_logo":0,"ocean_custom_logo_max_width":0,"ocean_custom_logo_tablet_max_width":0,"ocean_custom_logo_mobile_max_width":0,"ocean_custom_logo_max_height":0,"ocean_custom_logo_tablet_max_height":0,"ocean_custom_logo_mobile_max_height":0,"ocean_header_custom_menu":"","ocean_menu_typo_font_family":"","ocean_menu_typo_font_subset":"","ocean_menu_typo_font_size":0,"ocean_menu_typo_font_size_tablet":0,"ocean_menu_typo_font_size_mobile":0,"ocean_menu_typo_font_size_unit":"px","ocean_menu_typo_font_weight":"","ocean_menu_typo_font_weight_tablet":"","ocean_menu_typo_font_weight_mobile":"","ocean_menu_typo_transform":"","ocean_menu_typo_transform_tablet":"","ocean_menu_typo_transform_mobile":"","ocean_menu_typo_line_height":0,"ocean_menu_typo_line_height_tablet":0,"ocean_menu_typo_line_height_mobile":0,"ocean_menu_typo_line_height_unit":"","ocean_menu_typo_spacing":0,"ocean_menu_typo_spacing_tablet":0,"ocean_menu_typo_spacing_mobile":0,"ocean_menu_typo_spacing_unit":"","ocean_menu_link_color":"","ocean_menu_link_color_hover":"","ocean_menu_link_color_active":"","ocean_menu_link_background":"","ocean_menu_link_hover_background":"","ocean_menu_link_active_background":"","ocean_menu_social_links_bg":"","ocean_menu_social_hover_links_bg":"","ocean_menu_social_links_color":"","ocean_menu_social_hover_links_color":"","ocean_disable_title":"default","ocean_disable_heading":"default","ocean_post_title":"","ocean_post_subheading":"","ocean_post_title_style":"","ocean_post_title_background_color":"","ocean_post_title_background":0,"ocean_post_title_bg_image_position":"","ocean_post_title_bg_image_attachment":"","ocean_post_title_bg_image_repeat":"","ocean_post_title_bg_image_size":"","ocean_post_title_height":0,"ocean_post_title_bg_overlay":0.5,"ocean_post_title_bg_overlay_color":"","ocean_disable_breadcrumbs":"default","ocean_breadcrumbs_color":"","ocean_breadcrumbs_separator_color":"","ocean_breadcrumbs_links_color":"","ocean_breadcrumbs_links_hover_color":"","ocean_display_footer_widgets":"default","ocean_display_footer_bottom":"default","ocean_custom_footer_template":"","ocean_post_oembed":"","ocean_post_self_hosted_media":"","ocean_post_video_embed":"","ocean_link_format":"","ocean_link_format_target":"self","ocean_quote_format":"","ocean_quote_format_link":"post","ocean_gallery_link_images":"on","ocean_gallery_id":[]},"categories":[9],"tags":[344,82,467],"acf":[],"_links":{"self":[{"href":"https:\/\/www.simepe.com.br\/novo\/wp-json\/wp\/v2\/posts\/47866"}],"collection":[{"href":"https:\/\/www.simepe.com.br\/novo\/wp-json\/wp\/v2\/posts"}],"about":[{"href":"https:\/\/www.simepe.com.br\/novo\/wp-json\/wp\/v2\/types\/post"}],"author":[{"embeddable":true,"href":"https:\/\/www.simepe.com.br\/novo\/wp-json\/wp\/v2\/users\/1"}],"replies":[{"embeddable":true,"href":"https:\/\/www.simepe.com.br\/novo\/wp-json\/wp\/v2\/comments?post=47866"}],"version-history":[{"count":1,"href":"https:\/\/www.simepe.com.br\/novo\/wp-json\/wp\/v2\/posts\/47866\/revisions"}],"predecessor-version":[{"id":47868,"href":"https:\/\/www.simepe.com.br\/novo\/wp-json\/wp\/v2\/posts\/47866\/revisions\/47868"}],"wp:featuredmedia":[{"embeddable":true,"href":"https:\/\/www.simepe.com.br\/novo\/wp-json\/wp\/v2\/media\/47867"}],"wp:attachment":[{"href":"https:\/\/www.simepe.com.br\/novo\/wp-json\/wp\/v2\/media?parent=47866"}],"wp:term":[{"taxonomy":"category","embeddable":true,"href":"https:\/\/www.simepe.com.br\/novo\/wp-json\/wp\/v2\/categories?post=47866"},{"taxonomy":"post_tag","embeddable":true,"href":"https:\/\/www.simepe.com.br\/novo\/wp-json\/wp\/v2\/tags?post=47866"}],"curies":[{"name":"wp","href":"https:\/\/api.w.org\/{rel}","templated":true}]}}