{"id":47874,"date":"2018-08-23T08:11:02","date_gmt":"2018-08-23T11:11:02","guid":{"rendered":"http:\/\/www.simepe.com.br\/novo\/?p=47874"},"modified":"2018-08-23T08:11:02","modified_gmt":"2018-08-23T11:11:02","slug":"reta-final-em-pernambuco-1828-mil-criancas-precisam-ser-vacinadas-contra-a-polio-e-o-sarampo","status":"publish","type":"post","link":"https:\/\/www.simepe.com.br\/novo\/reta-final-em-pernambuco-1828-mil-criancas-precisam-ser-vacinadas-contra-a-polio-e-o-sarampo\/","title":{"rendered":"Reta final: em Pernambuco, 182,8 mil crian\u00e7as precisam ser vacinadas contra a p\u00f3lio e o sarampo"},"content":{"rendered":"<p style=\"text-align: justify;\">Campanha Nacional termina em 31 de agosto. No pa\u00eds, pelo menos 11,2 milh\u00f5es de crian\u00e7as de um a menores de cinco devem buscar os postos de sa\u00fade para receber a vacina<\/p>\n<p style=\"text-align: justify;\">No estado de Pernambuco, 182,8 mil crian\u00e7as de um ano a menores de cinco precisam buscar os postos de sa\u00fade para receber a vacina contra a p\u00f3lio e sarampo. At\u00e9 esta quarta-feira (22), cerca de 66,4% do p\u00fablico-alvo do estado recebeu a vacina contra essas doen\u00e7as. A Campanha Nacional Contra a Poliomielite e Sarampo est\u00e1 na reta final. Em todo o pa\u00eds, cinco milh\u00f5es de crian\u00e7as ainda precisam ser vacinadas. A \u00faltima atualiza\u00e7\u00e3o dos estados aponta que 56% das crian\u00e7as do pa\u00eds j\u00e1 receberam prote\u00e7\u00e3o contra as doen\u00e7as. No total, 12,5 milh\u00f5es de doses das vacinas foram aplicadas contra a p\u00f3lio e sarampo (cerca de 6,2 milh\u00f5es de cada). A meta do Minist\u00e9rio da Sa\u00fade \u00e9 vacinar pelo menos 95% das 11,2 milh\u00f5es de crian\u00e7as independente da situa\u00e7\u00e3o vacinal delas e criar uma barreira sanit\u00e1ria de prote\u00e7\u00e3o da popula\u00e7\u00e3o brasileira.<\/p>\n<p style=\"text-align: justify;\">&#8220;O prazo para t\u00e9rmino da campanha est\u00e1 se aproximando, \u00e9 31 de agosto. Convocamos pais e respons\u00e1veis a levarem as crian\u00e7as que ainda n\u00e3o foram vacinadas, independente da situa\u00e7\u00e3o vacinal anterior, j\u00e1 que neste ano a campanha \u00e9 indiscriminada. O esfor\u00e7o do pa\u00eds \u00e9 impedir que doen\u00e7as j\u00e1 eliminadas n\u00e3o retornem o Brasil. Esse \u00e9 um trabalho de toda a sociedade&#8221;, ressalta o ministro da Sa\u00fade, Gilberto Occhi.<\/p>\n<p style=\"text-align: justify;\">Para a poliomielite, as crian\u00e7as que ainda n\u00e3o tomaram nenhuma dose da vacina na vida ser\u00e3o vacinadas com a Vacina Inativada Poliomielite (VIP). As crian\u00e7as que j\u00e1 tiverem tomado uma ou mais doses receber\u00e3o a gotinha (Vacina Oral Poliomielite &#8211; VOP). Em rela\u00e7\u00e3o ao sarampo, todas as crian\u00e7as devem receber uma dose da vacina tr\u00edplice viral, independente da situa\u00e7\u00e3o vacinal. A exce\u00e7\u00e3o \u00e9 para as que tenham sido vacinadas nos \u00faltimos trinta dias, que n\u00e3o necessitam de uma nova dose.<\/p>\n<p style=\"text-align: justify;\">Entre os estados com menor cobertura, est\u00e3o o Rio de Janeiro, com 36,27% do p\u00fablico-alvo vacinado para p\u00f3lio e 37,62% para sarampo, e Par\u00e1, que tem 41,04% p\u00f3lio e 41,04% sarampo. Os estados que est\u00e3o com as melhores coberturas vacinais s\u00e3o: Rond\u00f4nia, com 88,89% para a p\u00f3lio e 87,42% para o sarampo, seguido por Amap\u00e1 com 82,74% p\u00f3lio e 82,58% sarampo.<\/p>\n<p style=\"text-align: justify;\">O Minist\u00e9rio da Sa\u00fade oferta todas as vacinas recomendadas pela Organiza\u00e7\u00e3o Mundial da Sa\u00fade (OMS). Ao todo, s\u00e3o 19 para combater mais de 20 doen\u00e7as, em todas as faixas et\u00e1rias. Por ano, s\u00e3o cerca de 300 milh\u00f5es de doses de imunobiol\u00f3gicos distribu\u00eddos em todo o pa\u00eds.<\/p>\n<p style=\"text-align: justify;\"><strong>CASOS DE SARAMPO<\/strong><br \/>\nAtualmente, o pa\u00eds enfrenta dois surtos de sarampo, em Roraima e Amazonas. At\u00e9 o dia 21 de agosto, foram confirmados 1.087 casos de sarampo no Amazonas, e 6.693 permanecem em investiga\u00e7\u00e3o. J\u00e1 o estado de Roraima confirmou 300 casos da doen\u00e7a e 67 continuam em investiga\u00e7\u00e3o. Entre os confirmados, 9 casos foram atendidos no Brasil e est\u00e3o recebendo tratamento, mas residem na Venezuela.<\/p>\n<p style=\"text-align: justify;\">Os surtos est\u00e3o relacionados \u00e0 importa\u00e7\u00e3o, j\u00e1 que o gen\u00f3tipo do v\u00edrus (D8) que est\u00e1 circulando no pa\u00eds \u00e9 o mesmo que circula na Venezuela, pa\u00eds que enfrenta um surto da doen\u00e7a desde 2017. Alguns casos isolados e relacionados \u00e0 importa\u00e7\u00e3o foram identificados nos estados de S\u00e3o Paulo (2), Rio de Janeiro (18); Rio Grande do Sul (16); Rond\u00f4nia (1), Pernambuco (2) e Par\u00e1 (2). O Minist\u00e9rio da Sa\u00fade permanece acompanhando a situa\u00e7\u00e3o e prestando o apoio necess\u00e1rio aos Estados. Cabe esclarecer que as medidas de bloqueio de vacina\u00e7\u00e3o, mesmo em casos suspeitos, est\u00e3o sendo realizadas em todos os estados.<\/p>\n<p style=\"text-align: justify;\"><strong>SARAMPO NO MUNDO<\/strong><br \/>\nSegundo a Organiza\u00e7\u00e3o Mundial da Sa\u00fade (OMS), os casos de sarampo chegaram a um n\u00famero recorde na Europa. Os dados, divulgados pela organiza\u00e7\u00e3o nesta segunda-feira (20\/08), apontam que mais de 41 mil crian\u00e7as e adultos na Regi\u00e3o Europeia foram infectados com sarampo nos primeiros seis meses de 2018. O n\u00famero total de casos para esse per\u00edodo excede os 12 meses reportados em todos os outros anos desta d\u00e9cada.<\/p>\n<p style=\"text-align: justify;\">Desde 2010, o ano de 2017 foi o que teve o maior n\u00famero de casos: 23.927. Em 2016, registrou-se a menor quantidade: 5.273. Al\u00e9m disso, pelo menos 37 pessoas morreram devido \u00e0 doen\u00e7a neste ano. Sete pa\u00edses da regi\u00e3o tiveram mais de uns mil casos neste ano (Fran\u00e7a, Ge\u00f3rgia, Gr\u00e9cia, It\u00e1lia, R\u00fassia, S\u00e9rvia e Ucr\u00e2nia). A Ucr\u00e2nia foi a mais atingida com mais de 23 mil pessoas afetas, o que representa mais da metade da popula\u00e7\u00e3o do pa\u00eds.<\/p>\n<p style=\"text-align: justify;\">Para mais informa\u00e7\u00f5es, acesse as p\u00e1ginas especializadas sobre sarampo, poliomielite e vacina\u00e7\u00e3o em geral no portal do Minist\u00e9rio da Sa\u00fade.<\/p>\n<table>\n<tbody>\n<tr>\n<td colspan=\"7\"><strong>BALAN\u00c7O DA CAMPANHA NACIONAL DE VACINA\u00c7\u00c3O<\/strong><\/td>\n<\/tr>\n<tr>\n<td><\/td>\n<td><strong>P\u00fablico-alvo<\/strong><\/td>\n<td><strong>Quantitativo de vacinas\u00a0<\/strong>(VIP, VOP e Tr\u00edplice Viral)<\/td>\n<td colspan=\"2\"><strong>POLIOMIELITE<\/strong><\/td>\n<td colspan=\"2\"><strong>SARAMPO<\/strong><\/td>\n<\/tr>\n<tr>\n<td><strong>UF<\/strong><\/td>\n<td><strong>TOTAL<\/strong><\/td>\n<td><strong>TOTAL<\/strong><\/td>\n<td><strong>DOSES APLICADAS<\/strong><\/td>\n<td><strong>COBERTURA<\/strong><\/td>\n<td><strong>DOSES APLICADAS<\/strong><\/td>\n<td><strong>COBERTURA<\/strong><\/td>\n<\/tr>\n<tr>\n<td><strong>PE<\/strong><\/td>\n<td>544.178<\/td>\n<td>1.375.840<\/td>\n<td>361.385<\/td>\n<td>66,41<\/td>\n<td>358.796<\/td>\n<td>65,93<\/td>\n<\/tr>\n<tr>\n<td><strong>BRASIL<\/strong><\/td>\n<td><strong>11.213.278<\/strong><\/td>\n<td><strong>28.347.420<\/strong><\/td>\n<td><strong>6.264.615<\/strong><\/td>\n<td><strong>55,87<\/strong><\/td>\n<td><strong>6.281.087<\/strong><\/td>\n<td><strong>56,01<\/strong><\/td>\n<\/tr>\n<\/tbody>\n<\/table>\n<p><em>Por Amanda Mendes, da Ag\u00eancia Sa\u00fade<\/em><em>\u00a0<\/em><\/p>\n<p>&nbsp;<\/p>\n<p>Fonte: Assessoria de Comunica\u00e7\u00e3o do Minist\u00e9rio da Sa\u00fade<\/p>\n","protected":false},"excerpt":{"rendered":"<p>Campanha Nacional termina em 31 de agosto. No pa\u00eds, pelo menos 11,2 milh\u00f5es de crian\u00e7as de um a menores de cinco devem buscar os postos de sa\u00fade para receber a vacina No estado de Pernambuco, 182,8 mil crian\u00e7as de um ano a menores de cinco precisam buscar os postos de sa\u00fade para receber a vacina [&hellip;]<\/p>\n","protected":false},"author":1,"featured_media":0,"comment_status":"open","ping_status":"open","sticky":false,"template":"","format":"standard","meta":{"ocean_post_layout":"","ocean_both_sidebars_style":"","ocean_both_sidebars_content_width":0,"ocean_both_sidebars_sidebars_width":0,"ocean_sidebar":"","ocean_second_sidebar":"","ocean_disable_margins":"enable","ocean_add_body_class":"","ocean_shortcode_before_top_bar":"","ocean_shortcode_after_top_bar":"","ocean_shortcode_before_header":"","ocean_shortcode_after_header":"","ocean_has_shortcode":"","ocean_shortcode_after_title":"","ocean_shortcode_before_footer_widgets":"","ocean_shortcode_after_footer_widgets":"","ocean_shortcode_before_footer_bottom":"","ocean_shortcode_after_footer_bottom":"","ocean_display_top_bar":"default","ocean_display_header":"default","ocean_header_style":"","ocean_center_header_left_menu":"","ocean_custom_header_template":"","ocean_custom_logo":0,"ocean_custom_retina_logo":0,"ocean_custom_logo_max_width":0,"ocean_custom_logo_tablet_max_width":0,"ocean_custom_logo_mobile_max_width":0,"ocean_custom_logo_max_height":0,"ocean_custom_logo_tablet_max_height":0,"ocean_custom_logo_mobile_max_height":0,"ocean_header_custom_menu":"","ocean_menu_typo_font_family":"","ocean_menu_typo_font_subset":"","ocean_menu_typo_font_size":0,"ocean_menu_typo_font_size_tablet":0,"ocean_menu_typo_font_size_mobile":0,"ocean_menu_typo_font_size_unit":"px","ocean_menu_typo_font_weight":"","ocean_menu_typo_font_weight_tablet":"","ocean_menu_typo_font_weight_mobile":"","ocean_menu_typo_transform":"","ocean_menu_typo_transform_tablet":"","ocean_menu_typo_transform_mobile":"","ocean_menu_typo_line_height":0,"ocean_menu_typo_line_height_tablet":0,"ocean_menu_typo_line_height_mobile":0,"ocean_menu_typo_line_height_unit":"","ocean_menu_typo_spacing":0,"ocean_menu_typo_spacing_tablet":0,"ocean_menu_typo_spacing_mobile":0,"ocean_menu_typo_spacing_unit":"","ocean_menu_link_color":"","ocean_menu_link_color_hover":"","ocean_menu_link_color_active":"","ocean_menu_link_background":"","ocean_menu_link_hover_background":"","ocean_menu_link_active_background":"","ocean_menu_social_links_bg":"","ocean_menu_social_hover_links_bg":"","ocean_menu_social_links_color":"","ocean_menu_social_hover_links_color":"","ocean_disable_title":"default","ocean_disable_heading":"default","ocean_post_title":"","ocean_post_subheading":"","ocean_post_title_style":"","ocean_post_title_background_color":"","ocean_post_title_background":0,"ocean_post_title_bg_image_position":"","ocean_post_title_bg_image_attachment":"","ocean_post_title_bg_image_repeat":"","ocean_post_title_bg_image_size":"","ocean_post_title_height":0,"ocean_post_title_bg_overlay":0.5,"ocean_post_title_bg_overlay_color":"","ocean_disable_breadcrumbs":"default","ocean_breadcrumbs_color":"","ocean_breadcrumbs_separator_color":"","ocean_breadcrumbs_links_color":"","ocean_breadcrumbs_links_hover_color":"","ocean_display_footer_widgets":"default","ocean_display_footer_bottom":"default","ocean_custom_footer_template":"","ocean_post_oembed":"","ocean_post_self_hosted_media":"","ocean_post_video_embed":"","ocean_link_format":"","ocean_link_format_target":"self","ocean_quote_format":"","ocean_quote_format_link":"post","ocean_gallery_link_images":"on","ocean_gallery_id":[]},"categories":[9],"tags":[147,592,1283,82,467],"acf":[],"_links":{"self":[{"href":"https:\/\/www.simepe.com.br\/novo\/wp-json\/wp\/v2\/posts\/47874"}],"collection":[{"href":"https:\/\/www.simepe.com.br\/novo\/wp-json\/wp\/v2\/posts"}],"about":[{"href":"https:\/\/www.simepe.com.br\/novo\/wp-json\/wp\/v2\/types\/post"}],"author":[{"embeddable":true,"href":"https:\/\/www.simepe.com.br\/novo\/wp-json\/wp\/v2\/users\/1"}],"replies":[{"embeddable":true,"href":"https:\/\/www.simepe.com.br\/novo\/wp-json\/wp\/v2\/comments?post=47874"}],"version-history":[{"count":1,"href":"https:\/\/www.simepe.com.br\/novo\/wp-json\/wp\/v2\/posts\/47874\/revisions"}],"predecessor-version":[{"id":47875,"href":"https:\/\/www.simepe.com.br\/novo\/wp-json\/wp\/v2\/posts\/47874\/revisions\/47875"}],"wp:attachment":[{"href":"https:\/\/www.simepe.com.br\/novo\/wp-json\/wp\/v2\/media?parent=47874"}],"wp:term":[{"taxonomy":"category","embeddable":true,"href":"https:\/\/www.simepe.com.br\/novo\/wp-json\/wp\/v2\/categories?post=47874"},{"taxonomy":"post_tag","embeddable":true,"href":"https:\/\/www.simepe.com.br\/novo\/wp-json\/wp\/v2\/tags?post=47874"}],"curies":[{"name":"wp","href":"https:\/\/api.w.org\/{rel}","templated":true}]}}