{"id":47879,"date":"2018-08-23T08:26:00","date_gmt":"2018-08-23T11:26:00","guid":{"rendered":"http:\/\/www.simepe.com.br\/novo\/?p=47879"},"modified":"2018-08-23T08:26:00","modified_gmt":"2018-08-23T11:26:00","slug":"maioria-dos-brasileiros-segue-contraria-a-legalizacao-do-aborto-mostra-datafolha","status":"publish","type":"post","link":"https:\/\/www.simepe.com.br\/novo\/maioria-dos-brasileiros-segue-contraria-a-legalizacao-do-aborto-mostra-datafolha\/","title":{"rendered":"Maioria dos brasileiros segue contr\u00e1ria \u00e0 legaliza\u00e7\u00e3o do aborto, mostra Datafolha"},"content":{"rendered":"<p style=\"text-align: justify;\">Segundo o levantamento, a parcela dos que defendem que a lei do aborto seja ampliada com o objetivo de permitir mais situa\u00e7\u00f5es legais oscilou de 16% para 13%<\/p>\n<p style=\"text-align: justify;\">A maioria dos brasileiros segue contr\u00e1ria a mudan\u00e7as na legisla\u00e7\u00e3o sobre o aborto no pa\u00eds. De novembro de 2015 at\u00e9 hoje, por\u00e9m, o \u00edndice dos favor\u00e1veis \u00e0 manuten\u00e7\u00e3o das atuais regras recuou de 67% para os atuais 59%, segundo mostra pesquisa Datafolha.<\/p>\n<p style=\"text-align: justify;\">Nesta segunda (20) e ter\u00e7a-feira (21), o instituto ouviu 8.433 pessoas em 313 munic\u00edpios do pa\u00eds. A margem de erro do levantamento, uma parceria da Folha de S.Paulo e da TV Globo, \u00e9 de dois pontos percentuais para mais ou menos. O n\u00edvel de confian\u00e7a \u00e9 de 95%.<\/p>\n<p style=\"text-align: justify;\">Segundo o levantamento, a parcela dos que defendem que a lei do aborto seja ampliada com o objetivo de permitir mais situa\u00e7\u00f5es legais oscilou de 16% para 13%, enquanto aqueles que defendem a legaliza\u00e7\u00e3o da interrup\u00e7\u00e3o da gravidez em qualquer situa\u00e7\u00e3o oscilou de 11% para 14%.<\/p>\n<p style=\"text-align: justify;\">Ainda de acordo com a pesquisa, a maioria dos brasileiros, 58% (eram 57% em novembro do ano passado), acredita que a mulher deve ser punida e ir para a cadeia por fazer um aborto. A taxa de brasileiros contr\u00e1rios a qualquer puni\u00e7\u00e3o \u00e0 mulher que abortar est\u00e1 em 33% (eram 36% na pesquisa de 2017).<\/p>\n<p style=\"text-align: justify;\">A a\u00e7\u00e3o que pede ao Supremo Tribunal Federal (STF) para descriminalizar o aborto at\u00e9 a 12\u00aa semana de gravidez n\u00e3o tem data para ser julgada no plen\u00e1rio. No in\u00edcio do m\u00eas, a relatora da a\u00e7\u00e3o, ministra Rosa Weber, disse, ao final da audi\u00eancia p\u00fablica que discutiu o tema, que come\u00e7a agora um per\u00edodo de amadurecimento, sem dar prazos para isso.<\/p>\n<p style=\"text-align: justify;\">Mais de 50 representantes de diferentes setores da sociedade foram ouvidos na audi\u00eancia, que durou dois dias. As exposi\u00e7\u00f5es foram entregues na \u00edntegra aos 11 ministros, para auxili\u00e1-los a formar suas convic\u00e7\u00f5es.<\/p>\n<p style=\"text-align: justify;\">Hoje o aborto s\u00f3 \u00e9 permitido em tr\u00eas tipos de gravidez: decorrente de estupro, que cause risco \u00e0 vida da mulher ou de feto anenc\u00e9falo.<\/p>\n<p style=\"text-align: justify;\">Representante da PGR (Procuradoria-Geral da Rep\u00fablica), o vice-procurador-geral, Luciano Mariz Maia, disse que a institui\u00e7\u00e3o ia manifestar seu entendimento ap\u00f3s a audi\u00eancia p\u00fablica. Ele n\u00e3o informou datas para isso tamb\u00e9m.<\/p>\n<p style=\"text-align: justify;\">Al\u00e9m da manifesta\u00e7\u00e3o da PGR, o processo dever\u00e1 receber as contribui\u00e7\u00f5es por escrito dos &#8216;amici curiae&#8217; (amigos da corte, em latim), entidades que foram admitidas como partes interessadas na a\u00e7\u00e3o.<\/p>\n<p style=\"text-align: justify;\">Algumas delas se apresentaram na audi\u00eancia, como a Uni\u00e3o dos Juristas Cat\u00f3licos de S\u00e3o Paulo. Outras ainda pleiteiam sua admiss\u00e3o nesse processo no Supremo.<br \/>\nDurante a audi\u00eancia, a CNBB (Confer\u00eancia Nacional dos Bispos do Brasil), contr\u00e1ria \u00e0 legaliza\u00e7\u00e3o, acusou a corte de fazer do evento um &#8220;teatro armado&#8221; para legitimar o processo. &#8220;Esta audi\u00eancia presta-se apenas para legitimar o ativismo desta corte.<\/p>\n<p style=\"text-align: justify;\">Est\u00e1-se fingindo ouvir as partes, mas, na realidade, est\u00e1-se apenas legitimando o ativismo que vir\u00e1 em seguida. Esta audi\u00eancia \u00e9 parcial, a pr\u00f3pria maneira como est\u00e1 sendo conduzida viola a Constitui\u00e7\u00e3o&#8221;, disse o padre Jos\u00e9 Eduardo de Oliveira, da CNBB, ao afirmar que houve mais convidados pr\u00f3-descriminaliza\u00e7\u00e3o do que contr\u00e1rios.<\/p>\n<p style=\"text-align: justify;\">A a\u00e7\u00e3o, ajuizada pelo PSOL em 2017, \u00e9 uma ADPF (Argui\u00e7\u00e3o de Descumprimento de Preceito Fundamental), um tipo de a\u00e7\u00e3o que, segundo o Supremo, &#8220;visa reparar ou evitar les\u00e3o a preceito fundamental, resultante de ato do Poder P\u00fablico&#8221;.<\/p>\n<p style=\"text-align: justify;\">No caso, o PSOL sustentou que dois artigos do C\u00f3digo Penal, de 1940, violam direitos fundamentais das mulheres, como o direito \u00e0 vida, \u00e0 liberdade, \u00e0 integridade f\u00edsica e psicol\u00f3gica, \u00e0 sa\u00fade e ao planejamento familiar, entre outros.<\/p>\n<p style=\"text-align: justify;\">Os artigos s\u00e3o o 124, que criminaliza a mulher (deten\u00e7\u00e3o de 1 a 3 anos), e o 126, que criminaliza quem provocar o aborto, incluindo profissionais de sa\u00fade (pena de 1 a 4 anos de reclus\u00e3o). A a\u00e7\u00e3o pede que abortamentos at\u00e9 a 12\u00aa semana n\u00e3o sejam enquadrados nesses artigos.<\/p>\n<p style=\"text-align: justify;\">Os prazos para julgamento de ADPFs variam muito, a depender do andamento processual. Na pauta das pr\u00f3ximas sess\u00f5es do plen\u00e1rio neste m\u00eas, por exemplo, h\u00e1 duas a\u00e7\u00f5es desse tipo. Uma chegou \u00e0 corte em agosto de 2014, e a outra, em outubro de 2010.<\/p>\n<p style=\"text-align: justify;\">Armas O Datafolha tamb\u00e9m quis saber a opini\u00e3o dos brasileiros sobre posse de armas. Segundo o levantamento, 58% acham que a posse deve ser proibida, contra 40% que pedem a legaliza\u00e7\u00e3o. Os \u00edndices atuais mostram estabilidade em rela\u00e7\u00e3o \u00e0 pesquisa anterior, de novembro do ano passado.<\/p>\n<p style=\"text-align: justify;\">\n<p style=\"text-align: justify;\">Fonte: Folha de Pernambuco<\/p>\n","protected":false},"excerpt":{"rendered":"<p>Segundo o levantamento, a parcela dos que defendem que a lei do aborto seja ampliada com o objetivo de permitir mais situa\u00e7\u00f5es legais oscilou de 16% para 13% A maioria dos brasileiros segue contr\u00e1ria a mudan\u00e7as na legisla\u00e7\u00e3o sobre o aborto no pa\u00eds. De novembro de 2015 at\u00e9 hoje, por\u00e9m, o \u00edndice dos favor\u00e1veis \u00e0 [&hellip;]<\/p>\n","protected":false},"author":1,"featured_media":47880,"comment_status":"open","ping_status":"open","sticky":false,"template":"","format":"standard","meta":{"ocean_post_layout":"","ocean_both_sidebars_style":"","ocean_both_sidebars_content_width":0,"ocean_both_sidebars_sidebars_width":0,"ocean_sidebar":"","ocean_second_sidebar":"","ocean_disable_margins":"enable","ocean_add_body_class":"","ocean_shortcode_before_top_bar":"","ocean_shortcode_after_top_bar":"","ocean_shortcode_before_header":"","ocean_shortcode_after_header":"","ocean_has_shortcode":"","ocean_shortcode_after_title":"","ocean_shortcode_before_footer_widgets":"","ocean_shortcode_after_footer_widgets":"","ocean_shortcode_before_footer_bottom":"","ocean_shortcode_after_footer_bottom":"","ocean_display_top_bar":"default","ocean_display_header":"default","ocean_header_style":"","ocean_center_header_left_menu":"","ocean_custom_header_template":"","ocean_custom_logo":0,"ocean_custom_retina_logo":0,"ocean_custom_logo_max_width":0,"ocean_custom_logo_tablet_max_width":0,"ocean_custom_logo_mobile_max_width":0,"ocean_custom_logo_max_height":0,"ocean_custom_logo_tablet_max_height":0,"ocean_custom_logo_mobile_max_height":0,"ocean_header_custom_menu":"","ocean_menu_typo_font_family":"","ocean_menu_typo_font_subset":"","ocean_menu_typo_font_size":0,"ocean_menu_typo_font_size_tablet":0,"ocean_menu_typo_font_size_mobile":0,"ocean_menu_typo_font_size_unit":"px","ocean_menu_typo_font_weight":"","ocean_menu_typo_font_weight_tablet":"","ocean_menu_typo_font_weight_mobile":"","ocean_menu_typo_transform":"","ocean_menu_typo_transform_tablet":"","ocean_menu_typo_transform_mobile":"","ocean_menu_typo_line_height":0,"ocean_menu_typo_line_height_tablet":0,"ocean_menu_typo_line_height_mobile":0,"ocean_menu_typo_line_height_unit":"","ocean_menu_typo_spacing":0,"ocean_menu_typo_spacing_tablet":0,"ocean_menu_typo_spacing_mobile":0,"ocean_menu_typo_spacing_unit":"","ocean_menu_link_color":"","ocean_menu_link_color_hover":"","ocean_menu_link_color_active":"","ocean_menu_link_background":"","ocean_menu_link_hover_background":"","ocean_menu_link_active_background":"","ocean_menu_social_links_bg":"","ocean_menu_social_hover_links_bg":"","ocean_menu_social_links_color":"","ocean_menu_social_hover_links_color":"","ocean_disable_title":"default","ocean_disable_heading":"default","ocean_post_title":"","ocean_post_subheading":"","ocean_post_title_style":"","ocean_post_title_background_color":"","ocean_post_title_background":0,"ocean_post_title_bg_image_position":"","ocean_post_title_bg_image_attachment":"","ocean_post_title_bg_image_repeat":"","ocean_post_title_bg_image_size":"","ocean_post_title_height":0,"ocean_post_title_bg_overlay":0.5,"ocean_post_title_bg_overlay_color":"","ocean_disable_breadcrumbs":"default","ocean_breadcrumbs_color":"","ocean_breadcrumbs_separator_color":"","ocean_breadcrumbs_links_color":"","ocean_breadcrumbs_links_hover_color":"","ocean_display_footer_widgets":"default","ocean_display_footer_bottom":"default","ocean_custom_footer_template":"","ocean_post_oembed":"","ocean_post_self_hosted_media":"","ocean_post_video_embed":"","ocean_link_format":"","ocean_link_format_target":"self","ocean_quote_format":"","ocean_quote_format_link":"post","ocean_gallery_link_images":"on","ocean_gallery_id":[]},"categories":[1],"tags":[443,753,82],"acf":[],"_links":{"self":[{"href":"https:\/\/www.simepe.com.br\/novo\/wp-json\/wp\/v2\/posts\/47879"}],"collection":[{"href":"https:\/\/www.simepe.com.br\/novo\/wp-json\/wp\/v2\/posts"}],"about":[{"href":"https:\/\/www.simepe.com.br\/novo\/wp-json\/wp\/v2\/types\/post"}],"author":[{"embeddable":true,"href":"https:\/\/www.simepe.com.br\/novo\/wp-json\/wp\/v2\/users\/1"}],"replies":[{"embeddable":true,"href":"https:\/\/www.simepe.com.br\/novo\/wp-json\/wp\/v2\/comments?post=47879"}],"version-history":[{"count":1,"href":"https:\/\/www.simepe.com.br\/novo\/wp-json\/wp\/v2\/posts\/47879\/revisions"}],"predecessor-version":[{"id":47881,"href":"https:\/\/www.simepe.com.br\/novo\/wp-json\/wp\/v2\/posts\/47879\/revisions\/47881"}],"wp:featuredmedia":[{"embeddable":true,"href":"https:\/\/www.simepe.com.br\/novo\/wp-json\/wp\/v2\/media\/47880"}],"wp:attachment":[{"href":"https:\/\/www.simepe.com.br\/novo\/wp-json\/wp\/v2\/media?parent=47879"}],"wp:term":[{"taxonomy":"category","embeddable":true,"href":"https:\/\/www.simepe.com.br\/novo\/wp-json\/wp\/v2\/categories?post=47879"},{"taxonomy":"post_tag","embeddable":true,"href":"https:\/\/www.simepe.com.br\/novo\/wp-json\/wp\/v2\/tags?post=47879"}],"curies":[{"name":"wp","href":"https:\/\/api.w.org\/{rel}","templated":true}]}}