{"id":47889,"date":"2018-08-23T08:43:49","date_gmt":"2018-08-23T11:43:49","guid":{"rendered":"http:\/\/www.simepe.com.br\/novo\/?p=47889"},"modified":"2018-08-29T12:13:59","modified_gmt":"2018-08-29T15:13:59","slug":"entidades-medicas-participam-de-audiencia-publica-na-camara-dos-vereadores-do-recife","status":"publish","type":"post","link":"https:\/\/www.simepe.com.br\/novo\/entidades-medicas-participam-de-audiencia-publica-na-camara-dos-vereadores-do-recife\/","title":{"rendered":"Entidades m\u00e9dicas participam de Audi\u00eancia P\u00fablica na C\u00e2mara Municipal do Recife"},"content":{"rendered":"<p style=\"text-align: justify;\">Os presidentes das entidades m\u00e9dicas &#8211; Cremepe e Simepe &#8211; Andr\u00e9 Dubeux e Tadeu Calheiros &#8211; e a vice-presidente do Sindicato, Cl\u00e1udia Beatriz, participam na tarde desta quarta (22\/08) da audi\u00eancia p\u00fablica sobre os servi\u00e7os de sa\u00fade, na C\u00e2mara Municipal do Recife..<\/p>\n<p style=\"text-align: justify;\">O debate, que aconteceu por iniciativa do vereador Rinaldo Junior (PRB), lotou o plenarinho da Casa de Jos\u00e9 Mariano, com profissionais de sa\u00fade \u2013 principalmente m\u00e9dicos \u2013 e gestores do setor. Quest\u00f5es de financiamento, recursos humanos, abastecimento e seguran\u00e7a estiveram entre os temas discutidos na ocasi\u00e3o.<\/p>\n<p style=\"text-align: justify;\"><strong>Problemas no atendimento \u00e0 popula\u00e7\u00e3o<\/strong><\/p>\n<p style=\"text-align: justify;\">Ap\u00f3s a exibi\u00e7\u00e3o de um v\u00eddeo sobre as dificuldades da sa\u00fade municipal, Rinaldo Junior fez um elogio ao secret\u00e1rio da pasta, Jailson Correia, com quem se encontrou na \u00faltima quinta-feira (16). O vereador agradeceu pelo di\u00e1logo, mas n\u00e3o deixou de pontuar a exist\u00eancia de problemas no atendimento \u00e0 popula\u00e7\u00e3o. \u201cQuero estar de m\u00e3os dadas com a gest\u00e3o. Este \u00e9 um debate que interessa a todos. Conhe\u00e7o a situa\u00e7\u00e3o de sa\u00fade do Recife porque fui verificar in loco e conversei com o povo. A cidade pode fazer mais. Hoje, os m\u00e9dicos trabalham com medo&#8221;, enfatizou.<\/p>\n<p style=\"text-align: justify;\">Por sua vez, o presidente do Simepe, Tadeu Calheiros, disse na audi\u00eancia que a discuss\u00e3o sobre sa\u00fade precisa ser feita constantemente \u2013 e que \u00e9 preciso investir em contrata\u00e7\u00f5es. \u201cJ\u00e1 acionamos o Minist\u00e9rio P\u00fablico de Pernambuco (MPPE) com den\u00fancias e cr\u00edticas e fizemos fiscaliza\u00e7\u00f5es. A popula\u00e7\u00e3o cresce exponencialmente e h\u00e1 car\u00eancia de profissionais&#8221;, ressaltou.<\/p>\n<p style=\"text-align: justify;\"><strong>O d\u00e9ficit de profissionais e SUS<\/strong><\/p>\n<p style=\"text-align: justify;\">A necessidade foi repercutida pela vice-presidente do sindicato, Cl\u00e1udia Beatriz de Andrade. Ela pediu, al\u00e9m disso, melhorias em setores como sa\u00fade mental e transporte de pacientes. \u201cHouve, sim, uma investimento em recursos humanos de cerca de 800 m\u00e9dicos. Mas continuamos com um d\u00e9ficit&#8221;, frisou.<\/p>\n<p style=\"text-align: justify;\">O presidente do Cremepe, Andr\u00e9 Dubeux, fez uma defesa do Sistema \u00danico de Sa\u00fade, mas apontou as dificuldades enfrentadas no Recife, que recebe demandas da popula\u00e7\u00e3o de outros munic\u00edpios. \u201cO SUS foi a maior conquista social deste Pa\u00eds. O Cremepe sempre foi bem atendido pela secretaria, mas n\u00e3o podemos discutir sa\u00fade p\u00fablica sem discutir gerenciamento, financiamento e recursos humanos. A popula\u00e7\u00e3o est\u00e1 sofrendo!, destacou.<\/p>\n<p style=\"text-align: justify;\">A secretaria municipal de Sa\u00fade foi representada por sua secret\u00e1ria executiva de Coordena\u00e7\u00e3o Geral, Danielle Duca. Ela assinalo os investimentos da Prefeitura no setor e disse que a gest\u00e3o quer dialogar com a sociedade para buscar melhorias. J\u00e1 a diretora de Assist\u00eancia \u00e0 Sa\u00fade, Eliane Germano, citou medidas recentes da Prefeitura, como o preenchimento de vagas de plantonistas, a nomea\u00e7\u00e3o de profissionais do atendimento de emerg\u00eancia e a realiza\u00e7\u00e3o de sele\u00e7\u00f5es simplificadas.<\/p>\n<ul>\n<li style=\"text-align: justify;\">Com informa\u00e7\u00f5es adicionais da Assessoria de Comunica\u00e7\u00e3o da C\u00e2mara Municipal do Recife.<\/li>\n<\/ul>\n","protected":false},"excerpt":{"rendered":"<p>Os presidentes das entidades m\u00e9dicas &#8211; Cremepe e Simepe &#8211; Andr\u00e9 Dubeux e Tadeu Calheiros &#8211; e a vice-presidente do Sindicato, Cl\u00e1udia Beatriz, participam na tarde desta quarta (22\/08) da audi\u00eancia p\u00fablica sobre os servi\u00e7os de sa\u00fade, na C\u00e2mara Municipal do Recife.. O debate, que aconteceu por iniciativa do vereador Rinaldo Junior (PRB), lotou o [&hellip;]<\/p>\n","protected":false},"author":1,"featured_media":47890,"comment_status":"open","ping_status":"open","sticky":false,"template":"","format":"standard","meta":{"ocean_post_layout":"","ocean_both_sidebars_style":"","ocean_both_sidebars_content_width":0,"ocean_both_sidebars_sidebars_width":0,"ocean_sidebar":"","ocean_second_sidebar":"","ocean_disable_margins":"enable","ocean_add_body_class":"","ocean_shortcode_before_top_bar":"","ocean_shortcode_after_top_bar":"","ocean_shortcode_before_header":"","ocean_shortcode_after_header":"","ocean_has_shortcode":"","ocean_shortcode_after_title":"","ocean_shortcode_before_footer_widgets":"","ocean_shortcode_after_footer_widgets":"","ocean_shortcode_before_footer_bottom":"","ocean_shortcode_after_footer_bottom":"","ocean_display_top_bar":"default","ocean_display_header":"default","ocean_header_style":"","ocean_center_header_left_menu":"","ocean_custom_header_template":"","ocean_custom_logo":0,"ocean_custom_retina_logo":0,"ocean_custom_logo_max_width":0,"ocean_custom_logo_tablet_max_width":0,"ocean_custom_logo_mobile_max_width":0,"ocean_custom_logo_max_height":0,"ocean_custom_logo_tablet_max_height":0,"ocean_custom_logo_mobile_max_height":0,"ocean_header_custom_menu":"","ocean_menu_typo_font_family":"","ocean_menu_typo_font_subset":"","ocean_menu_typo_font_size":0,"ocean_menu_typo_font_size_tablet":0,"ocean_menu_typo_font_size_mobile":0,"ocean_menu_typo_font_size_unit":"px","ocean_menu_typo_font_weight":"","ocean_menu_typo_font_weight_tablet":"","ocean_menu_typo_font_weight_mobile":"","ocean_menu_typo_transform":"","ocean_menu_typo_transform_tablet":"","ocean_menu_typo_transform_mobile":"","ocean_menu_typo_line_height":0,"ocean_menu_typo_line_height_tablet":0,"ocean_menu_typo_line_height_mobile":0,"ocean_menu_typo_line_height_unit":"","ocean_menu_typo_spacing":0,"ocean_menu_typo_spacing_tablet":0,"ocean_menu_typo_spacing_mobile":0,"ocean_menu_typo_spacing_unit":"","ocean_menu_link_color":"","ocean_menu_link_color_hover":"","ocean_menu_link_color_active":"","ocean_menu_link_background":"","ocean_menu_link_hover_background":"","ocean_menu_link_active_background":"","ocean_menu_social_links_bg":"","ocean_menu_social_hover_links_bg":"","ocean_menu_social_links_color":"","ocean_menu_social_hover_links_color":"","ocean_disable_title":"default","ocean_disable_heading":"default","ocean_post_title":"","ocean_post_subheading":"","ocean_post_title_style":"","ocean_post_title_background_color":"","ocean_post_title_background":0,"ocean_post_title_bg_image_position":"","ocean_post_title_bg_image_attachment":"","ocean_post_title_bg_image_repeat":"","ocean_post_title_bg_image_size":"","ocean_post_title_height":0,"ocean_post_title_bg_overlay":0.5,"ocean_post_title_bg_overlay_color":"","ocean_disable_breadcrumbs":"default","ocean_breadcrumbs_color":"","ocean_breadcrumbs_separator_color":"","ocean_breadcrumbs_links_color":"","ocean_breadcrumbs_links_hover_color":"","ocean_display_footer_widgets":"default","ocean_display_footer_bottom":"default","ocean_custom_footer_template":"","ocean_post_oembed":"","ocean_post_self_hosted_media":"","ocean_post_video_embed":"","ocean_link_format":"","ocean_link_format_target":"self","ocean_quote_format":"","ocean_quote_format_link":"post","ocean_gallery_link_images":"on","ocean_gallery_id":[]},"categories":[1],"tags":[2251,1825,748,411,62,82,4],"acf":[],"_links":{"self":[{"href":"https:\/\/www.simepe.com.br\/novo\/wp-json\/wp\/v2\/posts\/47889"}],"collection":[{"href":"https:\/\/www.simepe.com.br\/novo\/wp-json\/wp\/v2\/posts"}],"about":[{"href":"https:\/\/www.simepe.com.br\/novo\/wp-json\/wp\/v2\/types\/post"}],"author":[{"embeddable":true,"href":"https:\/\/www.simepe.com.br\/novo\/wp-json\/wp\/v2\/users\/1"}],"replies":[{"embeddable":true,"href":"https:\/\/www.simepe.com.br\/novo\/wp-json\/wp\/v2\/comments?post=47889"}],"version-history":[{"count":3,"href":"https:\/\/www.simepe.com.br\/novo\/wp-json\/wp\/v2\/posts\/47889\/revisions"}],"predecessor-version":[{"id":47902,"href":"https:\/\/www.simepe.com.br\/novo\/wp-json\/wp\/v2\/posts\/47889\/revisions\/47902"}],"wp:featuredmedia":[{"embeddable":true,"href":"https:\/\/www.simepe.com.br\/novo\/wp-json\/wp\/v2\/media\/47890"}],"wp:attachment":[{"href":"https:\/\/www.simepe.com.br\/novo\/wp-json\/wp\/v2\/media?parent=47889"}],"wp:term":[{"taxonomy":"category","embeddable":true,"href":"https:\/\/www.simepe.com.br\/novo\/wp-json\/wp\/v2\/categories?post=47889"},{"taxonomy":"post_tag","embeddable":true,"href":"https:\/\/www.simepe.com.br\/novo\/wp-json\/wp\/v2\/tags?post=47889"}],"curies":[{"name":"wp","href":"https:\/\/api.w.org\/{rel}","templated":true}]}}