{"id":47903,"date":"2018-08-23T14:50:04","date_gmt":"2018-08-23T17:50:04","guid":{"rendered":"http:\/\/www.simepe.com.br\/novo\/?p=47903"},"modified":"2018-08-23T23:41:47","modified_gmt":"2018-08-24T02:41:47","slug":"nota-de-pesar","status":"publish","type":"post","link":"https:\/\/www.simepe.com.br\/novo\/nota-de-pesar\/","title":{"rendered":"Condol\u00eancias pelo falecimento do Dr. C\u00edcero Ferreira Fernandes Costa"},"content":{"rendered":"<p style=\"text-align: justify;\">O Sindicato dos M\u00e9dicos de Pernambuco (Simepe) manifesta profundo pesar pelo falecimento, nesta quinta-feira (23.08), do m\u00e9dico e ex-professor da Universidade de Pernambuco (UPE), C\u00edcero Ferreira Fernandes Costa.\u00a0Graduado pela Faculdade de Ci\u00eancias M\u00e9dicas da Universidade de Pernambuco (UPE), na turma de 1958. C\u00edcero Costa residiu por v\u00e1rios anos no Cear\u00e1, retornando ao Recife em 1971. Ap\u00f3s especializar-se em Ginecologia e Obstetr\u00edcia, trabalhou no Hospital Bar\u00e3o de Lucena e, durante 25 anos, na Maternidade da Encruzilhada. Ele tamb\u00e9m desenvolveu carreira acad\u00eamica como professor titular na UPE e fez especializa\u00e7\u00f5es na Alemanha, no Uruguai e nos Estados Unidos.<\/p>\n<p style=\"text-align: justify;\">O m\u00e9dico se aposentou em 2004. Natural de Pau dos Ferros, no Rio Grande do Norte, C\u00edcero Ferreira \u00a0dedicou sua vida \u00e0 pr\u00e1tica da medicina. Em 2017, a Assembleia Legislativa lhe concedeu o T\u00edtulo de Cidad\u00e3o de Pernambuco ao m\u00e9dico, pelos 50 anos de atividade profissional.\u00a0Expressamos o sentimento de condol\u00eancias e solidariedade aos familiares e amigos (as)\u00a0 que o estimaram e partilham a dor pela sua partida. O vel\u00f3rio ser\u00e1 amanh\u00e3 (24), da<span class=\"text_exposed_show\">s 8h \u00e0s 12h, no cemit\u00e9rio Morada da Paz, seguido de crema\u00e7\u00e3o.<\/span><\/p>\n<p style=\"text-align: justify;\">A Diretoria do Simepe<\/p>\n<p>&nbsp;<\/p>\n","protected":false},"excerpt":{"rendered":"<p>O Sindicato dos M\u00e9dicos de Pernambuco (Simepe) manifesta profundo pesar pelo falecimento, nesta quinta-feira (23.08), do m\u00e9dico e ex-professor da Universidade de Pernambuco (UPE), C\u00edcero Ferreira Fernandes Costa.\u00a0Graduado pela Faculdade de Ci\u00eancias M\u00e9dicas da Universidade de Pernambuco (UPE), na turma de 1958. C\u00edcero Costa residiu por v\u00e1rios anos no Cear\u00e1, retornando ao Recife em 1971. [&hellip;]<\/p>\n","protected":false},"author":2,"featured_media":47923,"comment_status":"open","ping_status":"open","sticky":false,"template":"","format":"standard","meta":{"ocean_post_layout":"","ocean_both_sidebars_style":"","ocean_both_sidebars_content_width":0,"ocean_both_sidebars_sidebars_width":0,"ocean_sidebar":"","ocean_second_sidebar":"","ocean_disable_margins":"enable","ocean_add_body_class":"","ocean_shortcode_before_top_bar":"","ocean_shortcode_after_top_bar":"","ocean_shortcode_before_header":"","ocean_shortcode_after_header":"","ocean_has_shortcode":"","ocean_shortcode_after_title":"","ocean_shortcode_before_footer_widgets":"","ocean_shortcode_after_footer_widgets":"","ocean_shortcode_before_footer_bottom":"","ocean_shortcode_after_footer_bottom":"","ocean_display_top_bar":"default","ocean_display_header":"default","ocean_header_style":"","ocean_center_header_left_menu":"","ocean_custom_header_template":"","ocean_custom_logo":0,"ocean_custom_retina_logo":0,"ocean_custom_logo_max_width":0,"ocean_custom_logo_tablet_max_width":0,"ocean_custom_logo_mobile_max_width":0,"ocean_custom_logo_max_height":0,"ocean_custom_logo_tablet_max_height":0,"ocean_custom_logo_mobile_max_height":0,"ocean_header_custom_menu":"","ocean_menu_typo_font_family":"","ocean_menu_typo_font_subset":"","ocean_menu_typo_font_size":0,"ocean_menu_typo_font_size_tablet":0,"ocean_menu_typo_font_size_mobile":0,"ocean_menu_typo_font_size_unit":"px","ocean_menu_typo_font_weight":"","ocean_menu_typo_font_weight_tablet":"","ocean_menu_typo_font_weight_mobile":"","ocean_menu_typo_transform":"","ocean_menu_typo_transform_tablet":"","ocean_menu_typo_transform_mobile":"","ocean_menu_typo_line_height":0,"ocean_menu_typo_line_height_tablet":0,"ocean_menu_typo_line_height_mobile":0,"ocean_menu_typo_line_height_unit":"","ocean_menu_typo_spacing":0,"ocean_menu_typo_spacing_tablet":0,"ocean_menu_typo_spacing_mobile":0,"ocean_menu_typo_spacing_unit":"","ocean_menu_link_color":"","ocean_menu_link_color_hover":"","ocean_menu_link_color_active":"","ocean_menu_link_background":"","ocean_menu_link_hover_background":"","ocean_menu_link_active_background":"","ocean_menu_social_links_bg":"","ocean_menu_social_hover_links_bg":"","ocean_menu_social_links_color":"","ocean_menu_social_hover_links_color":"","ocean_disable_title":"default","ocean_disable_heading":"default","ocean_post_title":"","ocean_post_subheading":"","ocean_post_title_style":"","ocean_post_title_background_color":"","ocean_post_title_background":0,"ocean_post_title_bg_image_position":"","ocean_post_title_bg_image_attachment":"","ocean_post_title_bg_image_repeat":"","ocean_post_title_bg_image_size":"","ocean_post_title_height":0,"ocean_post_title_bg_overlay":0.5,"ocean_post_title_bg_overlay_color":"","ocean_disable_breadcrumbs":"default","ocean_breadcrumbs_color":"","ocean_breadcrumbs_separator_color":"","ocean_breadcrumbs_links_color":"","ocean_breadcrumbs_links_hover_color":"","ocean_display_footer_widgets":"default","ocean_display_footer_bottom":"default","ocean_custom_footer_template":"","ocean_post_oembed":"","ocean_post_self_hosted_media":"","ocean_post_video_embed":"","ocean_link_format":"","ocean_link_format_target":"self","ocean_quote_format":"","ocean_quote_format_link":"post","ocean_gallery_link_images":"on","ocean_gallery_id":[]},"categories":[1],"tags":[3093,30,1910,3094],"acf":[],"_links":{"self":[{"href":"https:\/\/www.simepe.com.br\/novo\/wp-json\/wp\/v2\/posts\/47903"}],"collection":[{"href":"https:\/\/www.simepe.com.br\/novo\/wp-json\/wp\/v2\/posts"}],"about":[{"href":"https:\/\/www.simepe.com.br\/novo\/wp-json\/wp\/v2\/types\/post"}],"author":[{"embeddable":true,"href":"https:\/\/www.simepe.com.br\/novo\/wp-json\/wp\/v2\/users\/2"}],"replies":[{"embeddable":true,"href":"https:\/\/www.simepe.com.br\/novo\/wp-json\/wp\/v2\/comments?post=47903"}],"version-history":[{"count":8,"href":"https:\/\/www.simepe.com.br\/novo\/wp-json\/wp\/v2\/posts\/47903\/revisions"}],"predecessor-version":[{"id":47925,"href":"https:\/\/www.simepe.com.br\/novo\/wp-json\/wp\/v2\/posts\/47903\/revisions\/47925"}],"wp:featuredmedia":[{"embeddable":true,"href":"https:\/\/www.simepe.com.br\/novo\/wp-json\/wp\/v2\/media\/47923"}],"wp:attachment":[{"href":"https:\/\/www.simepe.com.br\/novo\/wp-json\/wp\/v2\/media?parent=47903"}],"wp:term":[{"taxonomy":"category","embeddable":true,"href":"https:\/\/www.simepe.com.br\/novo\/wp-json\/wp\/v2\/categories?post=47903"},{"taxonomy":"post_tag","embeddable":true,"href":"https:\/\/www.simepe.com.br\/novo\/wp-json\/wp\/v2\/tags?post=47903"}],"curies":[{"name":"wp","href":"https:\/\/api.w.org\/{rel}","templated":true}]}}