{"id":47931,"date":"2018-08-24T08:08:54","date_gmt":"2018-08-24T11:08:54","guid":{"rendered":"http:\/\/www.simepe.com.br\/novo\/?p=47931"},"modified":"2018-08-24T08:08:54","modified_gmt":"2018-08-24T11:08:54","slug":"polio-e-sarampo-mais-de-170-mil-ainda-devem-ser-imunizados","status":"publish","type":"post","link":"https:\/\/www.simepe.com.br\/novo\/polio-e-sarampo-mais-de-170-mil-ainda-devem-ser-imunizados\/","title":{"rendered":"P\u00f3lio e sarampo: mais de 170 mil ainda devem ser imunizados"},"content":{"rendered":"<p style=\"text-align: justify;\">Campanha segue at\u00e9 31 de agosto. Meta \u00e9 vacinar, no m\u00ednimo, 95% do p\u00fablico<\/p>\n<p style=\"text-align: justify;\">A Secretaria Estadual de Sa\u00fade (SES), por meio do Programa Estadual de Imuniza\u00e7\u00e3o, refor\u00e7a com os pais ou respons\u00e1veis de crian\u00e7as entre 1 ano e menores de 5 (4 anos, 11 meses e 29 dias) a import\u00e2ncia de vacin\u00e1-las contra a poliomielite o sarampo. At\u00e9 o pr\u00f3ximo dia 31 de agosto, o Estado continua em campanha, objetivando imunizar, independente do hist\u00f3rico vacinal, 544.178 meninos e meninas pernambucanos.<\/p>\n<p>De acordo com os dados do Sistema de Informa\u00e7\u00f5es do Programa Nacional de Imuniza\u00e7\u00e3o (SIPNI), at\u00e9 a manh\u00e3 desta quinta-feira (23.08), em Pernambuco, 373.304 crian\u00e7as foram vacinadas contra a poliomielite, representando 68,6% do p\u00fablico total. Em rela\u00e7\u00e3o \u00e0 tr\u00edplice viral, que protege contra sarampo, rub\u00e9ola e caxumba, foram 371.232 (68,2%).<\/p>\n<p>\u201cConseguimos uma boa ades\u00e3o do p\u00fablico durante o Dia D, no \u00faltimo s\u00e1bado, mas ainda precisamos chegar at\u00e9 as mais de 170 mil crian\u00e7as que ainda n\u00e3o foram imunizadas. Estamos abastecidos das vacinas e refor\u00e7ando com os munic\u00edpios a necessidade de continuar a mobiliza\u00e7\u00e3o para proteger esses pequenos pernambucanos contra doen\u00e7as que podem deixar graves sequelas e at\u00e9 mesmo matar\u201d, afirma a coordenadora do Programa Estadual de Imuniza\u00e7\u00e3o, Ana Catarina de Melo. A coordenadora lembra que \u00e9 importante comparecer ao posto de sa\u00fade munido da caderneta de vacina\u00e7\u00e3o.<\/p>\n<p>DADOS EPIDEMIOL\u00d3GICOS \u2013 At\u00e9 o momento, Pernambuco notificou 132 casos suspeitos de sarampo. Desses 73 j\u00e1 foram descartados e 2 confirmados. Os demais est\u00e3o em investiga\u00e7\u00e3o. Em rela\u00e7\u00e3o \u00e0 poliomielite, o Estado n\u00e3o confirma casos desde 1988.<\/p>\n<p><strong>CAMPANHA DE VACINA\u00c7\u00c3O &#8211; PERNAMBUCO<\/strong><\/p>\n<p>POLIOMIELITE<\/p>\n<p>Vacinados em PE: 373.304 (68,6%)<br \/>\nP\u00fablico total: 544.178 (170.874 ainda precisam ser vacinados)<\/p>\n<p>Munic\u00edpios que atingiram meta: S\u00e3o Jos\u00e9 da Coroa Grande (100,28%), Terezinha (98,62%), Abreu e Lima (97,24%), Ara\u00e7oiaba (96,68%) e Jatob\u00e1 (95,76%)<\/p>\n<p>Munic\u00edpios com as menores coberturas vacinais: Gl\u00f3ria do Goit\u00e1 (16,23%), S\u00e3o Bento do Una (29,41%), Triunfo (34,09%), Machados (36,13%) e Inaj\u00e1 (37,09%)<\/p>\n<p>TR\u00cdPLICE VIRAL (sarampo, caxumba e rub\u00e9ola)<\/p>\n<p>Vacinados em PE: 371.232 (68,2%)<br \/>\nP\u00fablico total: 544.178 (172.946 ainda precisam ser vacinados)<\/p>\n<p>Munic\u00edpios que atingiram meta: S\u00e3o Jos\u00e9 da Coroa Grande (100,28%), Terezinha (99,31%), Abreu e Lima (97,68%) e Jatob\u00e1 (95,76%)<\/p>\n<p>Munic\u00edpios com as menores coberturas vacinais: Gl\u00f3ria do Goit\u00e1 (17,73%), S\u00e3o Bento do Una (29,36%), Triunfo (34,09%), Inaj\u00e1 (35,94%) e Machados (36,13%)<\/p>\n<p>** Os dados foram extra\u00eddos do Sistema de Informa\u00e7\u00f5es do Programa Nacional de Imuniza\u00e7\u00e3o (SIPNI) na manh\u00e3 desta quinta-feira (23).<\/p>\n<p style=\"text-align: justify;\">\n<p style=\"text-align: justify;\">Fonte: Diario de Pernambuco<\/p>\n","protected":false},"excerpt":{"rendered":"<p>Campanha segue at\u00e9 31 de agosto. Meta \u00e9 vacinar, no m\u00ednimo, 95% do p\u00fablico A Secretaria Estadual de Sa\u00fade (SES), por meio do Programa Estadual de Imuniza\u00e7\u00e3o, refor\u00e7a com os pais ou respons\u00e1veis de crian\u00e7as entre 1 ano e menores de 5 (4 anos, 11 meses e 29 dias) a import\u00e2ncia de vacin\u00e1-las contra a [&hellip;]<\/p>\n","protected":false},"author":1,"featured_media":0,"comment_status":"open","ping_status":"open","sticky":false,"template":"","format":"standard","meta":{"ocean_post_layout":"","ocean_both_sidebars_style":"","ocean_both_sidebars_content_width":0,"ocean_both_sidebars_sidebars_width":0,"ocean_sidebar":"","ocean_second_sidebar":"","ocean_disable_margins":"enable","ocean_add_body_class":"","ocean_shortcode_before_top_bar":"","ocean_shortcode_after_top_bar":"","ocean_shortcode_before_header":"","ocean_shortcode_after_header":"","ocean_has_shortcode":"","ocean_shortcode_after_title":"","ocean_shortcode_before_footer_widgets":"","ocean_shortcode_after_footer_widgets":"","ocean_shortcode_before_footer_bottom":"","ocean_shortcode_after_footer_bottom":"","ocean_display_top_bar":"default","ocean_display_header":"default","ocean_header_style":"","ocean_center_header_left_menu":"","ocean_custom_header_template":"","ocean_custom_logo":0,"ocean_custom_retina_logo":0,"ocean_custom_logo_max_width":0,"ocean_custom_logo_tablet_max_width":0,"ocean_custom_logo_mobile_max_width":0,"ocean_custom_logo_max_height":0,"ocean_custom_logo_tablet_max_height":0,"ocean_custom_logo_mobile_max_height":0,"ocean_header_custom_menu":"","ocean_menu_typo_font_family":"","ocean_menu_typo_font_subset":"","ocean_menu_typo_font_size":0,"ocean_menu_typo_font_size_tablet":0,"ocean_menu_typo_font_size_mobile":0,"ocean_menu_typo_font_size_unit":"px","ocean_menu_typo_font_weight":"","ocean_menu_typo_font_weight_tablet":"","ocean_menu_typo_font_weight_mobile":"","ocean_menu_typo_transform":"","ocean_menu_typo_transform_tablet":"","ocean_menu_typo_transform_mobile":"","ocean_menu_typo_line_height":0,"ocean_menu_typo_line_height_tablet":0,"ocean_menu_typo_line_height_mobile":0,"ocean_menu_typo_line_height_unit":"","ocean_menu_typo_spacing":0,"ocean_menu_typo_spacing_tablet":0,"ocean_menu_typo_spacing_mobile":0,"ocean_menu_typo_spacing_unit":"","ocean_menu_link_color":"","ocean_menu_link_color_hover":"","ocean_menu_link_color_active":"","ocean_menu_link_background":"","ocean_menu_link_hover_background":"","ocean_menu_link_active_background":"","ocean_menu_social_links_bg":"","ocean_menu_social_hover_links_bg":"","ocean_menu_social_links_color":"","ocean_menu_social_hover_links_color":"","ocean_disable_title":"default","ocean_disable_heading":"default","ocean_post_title":"","ocean_post_subheading":"","ocean_post_title_style":"","ocean_post_title_background_color":"","ocean_post_title_background":0,"ocean_post_title_bg_image_position":"","ocean_post_title_bg_image_attachment":"","ocean_post_title_bg_image_repeat":"","ocean_post_title_bg_image_size":"","ocean_post_title_height":0,"ocean_post_title_bg_overlay":0.5,"ocean_post_title_bg_overlay_color":"","ocean_disable_breadcrumbs":"default","ocean_breadcrumbs_color":"","ocean_breadcrumbs_separator_color":"","ocean_breadcrumbs_links_color":"","ocean_breadcrumbs_links_hover_color":"","ocean_display_footer_widgets":"default","ocean_display_footer_bottom":"default","ocean_custom_footer_template":"","ocean_post_oembed":"","ocean_post_self_hosted_media":"","ocean_post_video_embed":"","ocean_link_format":"","ocean_link_format_target":"self","ocean_quote_format":"","ocean_quote_format_link":"post","ocean_gallery_link_images":"on","ocean_gallery_id":[]},"categories":[9],"tags":[2532,592,1283,82,467],"acf":[],"_links":{"self":[{"href":"https:\/\/www.simepe.com.br\/novo\/wp-json\/wp\/v2\/posts\/47931"}],"collection":[{"href":"https:\/\/www.simepe.com.br\/novo\/wp-json\/wp\/v2\/posts"}],"about":[{"href":"https:\/\/www.simepe.com.br\/novo\/wp-json\/wp\/v2\/types\/post"}],"author":[{"embeddable":true,"href":"https:\/\/www.simepe.com.br\/novo\/wp-json\/wp\/v2\/users\/1"}],"replies":[{"embeddable":true,"href":"https:\/\/www.simepe.com.br\/novo\/wp-json\/wp\/v2\/comments?post=47931"}],"version-history":[{"count":1,"href":"https:\/\/www.simepe.com.br\/novo\/wp-json\/wp\/v2\/posts\/47931\/revisions"}],"predecessor-version":[{"id":47932,"href":"https:\/\/www.simepe.com.br\/novo\/wp-json\/wp\/v2\/posts\/47931\/revisions\/47932"}],"wp:attachment":[{"href":"https:\/\/www.simepe.com.br\/novo\/wp-json\/wp\/v2\/media?parent=47931"}],"wp:term":[{"taxonomy":"category","embeddable":true,"href":"https:\/\/www.simepe.com.br\/novo\/wp-json\/wp\/v2\/categories?post=47931"},{"taxonomy":"post_tag","embeddable":true,"href":"https:\/\/www.simepe.com.br\/novo\/wp-json\/wp\/v2\/tags?post=47931"}],"curies":[{"name":"wp","href":"https:\/\/api.w.org\/{rel}","templated":true}]}}