{"id":47937,"date":"2018-08-24T08:23:49","date_gmt":"2018-08-24T11:23:49","guid":{"rendered":"http:\/\/www.simepe.com.br\/novo\/?p=47937"},"modified":"2018-08-24T08:23:49","modified_gmt":"2018-08-24T11:23:49","slug":"numero-de-obitos-por-gripe-cresce-cinco-vezes-em-pernambuco","status":"publish","type":"post","link":"https:\/\/www.simepe.com.br\/novo\/numero-de-obitos-por-gripe-cresce-cinco-vezes-em-pernambuco\/","title":{"rendered":"N\u00famero de \u00f3bitos por gripe cresce cinco vezes em Pernambuco"},"content":{"rendered":"<p style=\"text-align: justify;\">Mesmo com \u00edndice de vacina\u00e7\u00e3o de 100%, j\u00e1 s\u00e3o 23 \u00f3bitos este ano no Estado. Em 2017 foram cinco<\/p>\n<p style=\"text-align: justify;\">Apesar de ter vacinado 100% de seu p\u00fablico-alvo contra gripe, Pernambuco tem enfrentado um crescimento significativo dos casos de s\u00edndrome respirat\u00f3ria aguda grave (SRAG), condi\u00e7\u00e3o que pode ser provocada por diversos v\u00edrus e bact\u00e9rias. At\u00e9 o dia 28 de julho, 1.547 casos de SRAG foram registrados e 154 confirmados para v\u00edrus da gripe. No mesmo per\u00edodo do ano passado, foram 1.288 casos (20,1% a menos), com 110 confirma\u00e7\u00f5es (40% a menos). J\u00e1 o n\u00famero de \u00f3bitos com a presen\u00e7a de v\u00edrus da gripe confirmado \u00e9 360% maior este, passando de cinco, em 2017, para 23.<\/p>\n<p style=\"text-align: justify;\">A SRAG \u00e9 caracterizada pela necessidade de interna\u00e7\u00e3o de pacientes com febre, tosse ou dor de garganta, associados \u00e0 dispneia ou desconforto respirat\u00f3rio. Entre os \u00f3bitos deste ano, 34,8% (oito casos) foram de pessoas acima dos 60 anos. Outros 17,4% (quatro) foram de crian\u00e7as menores de 2 anos, mesmo percentual para pessoas de 40 a 49 anos. Os exames laboratoriais confirmaram 15 \u00f3bitos com resultado positivo de influenza A(H1N1), sete de influenza A(H3N2) e um de influenza B.<\/p>\n<p style=\"text-align: justify;\">O crescimento da SRAG mesmo com a cobertura vacinal adequada intriga especialistas. Com um p\u00fablico total de 2.399.361 pessoas priorit\u00e1rias, o Estado vacinou 2.445.151 (101,9%) este ano. A cobertura de crian\u00e7as foi de 89,79% , a de ind\u00edgenas de 98,46% e as demais passaram dos 100%. Ainda assim, al\u00e9m das 23 mortes confirmadas por influenza este ano, h\u00e1 outros 19 \u00f3bitos por SRAG em investiga\u00e7\u00e3o.<\/p>\n<p style=\"text-align: justify;\"><strong>SEM EXPLICA\u00c7\u00c3O<\/strong><br \/>\n\u201cA gente n\u00e3o tem um argumento que justifique porque os casos (de adoecimento) e as mortes t\u00eam aumentado. Estamos tentando entender o que est\u00e1 acontecendo com a influenza, pois observamos algo que muda de padr\u00e3o, que \u00e9 a manuten\u00e7\u00e3o da curva epid\u00eamica. Infelizmente ainda n\u00e3o temos explica\u00e7\u00e3o para isso\u201d, declara a sanitarista Ana Antunes, gerente de Preven\u00e7\u00e3o de Doen\u00e7as Imunopreven\u00edveis da Secretaria Estadual de Sa\u00fade (SES).<\/p>\n<p style=\"text-align: justify;\">\nA gestora explica que o \u00f3rg\u00e3o investiga os demais casos de SRAG para verificar se h\u00e1 outros agentes envolvidos. \u201cUm detalhe \u00e9 que este ano os tr\u00eas v\u00edrus (H1N1, H3N2 e influenza B) circulam ao mesmo tempo, mas n\u00e3o podemos dizer que somente isso justifica a situa\u00e7\u00e3o atual&#8221;. O boletim t\u00e9cnico do \u00f3rg\u00e3o refor\u00e7a cuidados de preven\u00e7\u00e3o e controle, uma vez que o Estado vem se mantendo entre as zonas de alerta e epid\u00eamica (mais casos de gripe, com frequ\u00eancia mais longa do que o esperado para o per\u00edodo).<\/p>\n<p style=\"text-align: justify;\"><strong>FATORES<\/strong><br \/>\nO infectologista Paulo S\u00e9rgio Ramos considera outros fatores. \u201cA popula\u00e7\u00e3o alvo \u00e9 composta por idosos, imunodeprimidos, gestantes, portadores de doen\u00e7as cr\u00f4nicas. Esses indiv\u00edduos podem apresentar uma resposta \u00e0 vacina inferior \u00e0 popula\u00e7\u00e3o em geral\u201d, pontua. \u201cOutro fato relevante \u00e9 que o v\u00edrus em circula\u00e7\u00e3o esse ano em maior propor\u00e7\u00e3o \u00e9 o A(H1N1) que costuma ocasionar quadros mais graves na popula\u00e7\u00e3o suscet\u00edvel (que n\u00e3o foi vacinada). No ano passado, o maior cen\u00e1rio foi o A(H3N2)\u201d.<\/p>\n<p style=\"text-align: justify;\">A melhoria do processo de notifica\u00e7\u00f5es tamb\u00e9m \u00e9 citada pelo m\u00e9dico. \u201cUma quest\u00e3o relevante \u00e9 que a vacina tem como objetivo maior reduzir hospitaliza\u00e7\u00e3o e \u00f3bito por gripe, ou seja, receb\u00ea-la n\u00e3o \u00e9 garantia de que n\u00e3o adoecer\u00e1 pelo v\u00edrus influenza. O prop\u00f3sito maior \u00e9 n\u00e3o apresentar quadros graves com risco de \u00f3bito\u201d, salienta.<\/p>\n<p style=\"text-align: justify;\">\n<p style=\"text-align: justify;\">Fonte: Jornal do Commercio<\/p>\n","protected":false},"excerpt":{"rendered":"<p>Mesmo com \u00edndice de vacina\u00e7\u00e3o de 100%, j\u00e1 s\u00e3o 23 \u00f3bitos este ano no Estado. Em 2017 foram cinco Apesar de ter vacinado 100% de seu p\u00fablico-alvo contra gripe, Pernambuco tem enfrentado um crescimento significativo dos casos de s\u00edndrome respirat\u00f3ria aguda grave (SRAG), condi\u00e7\u00e3o que pode ser provocada por diversos v\u00edrus e bact\u00e9rias. At\u00e9 o [&hellip;]<\/p>\n","protected":false},"author":1,"featured_media":0,"comment_status":"open","ping_status":"open","sticky":false,"template":"","format":"standard","meta":{"ocean_post_layout":"","ocean_both_sidebars_style":"","ocean_both_sidebars_content_width":0,"ocean_both_sidebars_sidebars_width":0,"ocean_sidebar":"","ocean_second_sidebar":"","ocean_disable_margins":"enable","ocean_add_body_class":"","ocean_shortcode_before_top_bar":"","ocean_shortcode_after_top_bar":"","ocean_shortcode_before_header":"","ocean_shortcode_after_header":"","ocean_has_shortcode":"","ocean_shortcode_after_title":"","ocean_shortcode_before_footer_widgets":"","ocean_shortcode_after_footer_widgets":"","ocean_shortcode_before_footer_bottom":"","ocean_shortcode_after_footer_bottom":"","ocean_display_top_bar":"default","ocean_display_header":"default","ocean_header_style":"","ocean_center_header_left_menu":"","ocean_custom_header_template":"","ocean_custom_logo":0,"ocean_custom_retina_logo":0,"ocean_custom_logo_max_width":0,"ocean_custom_logo_tablet_max_width":0,"ocean_custom_logo_mobile_max_width":0,"ocean_custom_logo_max_height":0,"ocean_custom_logo_tablet_max_height":0,"ocean_custom_logo_mobile_max_height":0,"ocean_header_custom_menu":"","ocean_menu_typo_font_family":"","ocean_menu_typo_font_subset":"","ocean_menu_typo_font_size":0,"ocean_menu_typo_font_size_tablet":0,"ocean_menu_typo_font_size_mobile":0,"ocean_menu_typo_font_size_unit":"px","ocean_menu_typo_font_weight":"","ocean_menu_typo_font_weight_tablet":"","ocean_menu_typo_font_weight_mobile":"","ocean_menu_typo_transform":"","ocean_menu_typo_transform_tablet":"","ocean_menu_typo_transform_mobile":"","ocean_menu_typo_line_height":0,"ocean_menu_typo_line_height_tablet":0,"ocean_menu_typo_line_height_mobile":0,"ocean_menu_typo_line_height_unit":"","ocean_menu_typo_spacing":0,"ocean_menu_typo_spacing_tablet":0,"ocean_menu_typo_spacing_mobile":0,"ocean_menu_typo_spacing_unit":"","ocean_menu_link_color":"","ocean_menu_link_color_hover":"","ocean_menu_link_color_active":"","ocean_menu_link_background":"","ocean_menu_link_hover_background":"","ocean_menu_link_active_background":"","ocean_menu_social_links_bg":"","ocean_menu_social_hover_links_bg":"","ocean_menu_social_links_color":"","ocean_menu_social_hover_links_color":"","ocean_disable_title":"default","ocean_disable_heading":"default","ocean_post_title":"","ocean_post_subheading":"","ocean_post_title_style":"","ocean_post_title_background_color":"","ocean_post_title_background":0,"ocean_post_title_bg_image_position":"","ocean_post_title_bg_image_attachment":"","ocean_post_title_bg_image_repeat":"","ocean_post_title_bg_image_size":"","ocean_post_title_height":0,"ocean_post_title_bg_overlay":0.5,"ocean_post_title_bg_overlay_color":"","ocean_disable_breadcrumbs":"default","ocean_breadcrumbs_color":"","ocean_breadcrumbs_separator_color":"","ocean_breadcrumbs_links_color":"","ocean_breadcrumbs_links_hover_color":"","ocean_display_footer_widgets":"default","ocean_display_footer_bottom":"default","ocean_custom_footer_template":"","ocean_post_oembed":"","ocean_post_self_hosted_media":"","ocean_post_video_embed":"","ocean_link_format":"","ocean_link_format_target":"self","ocean_quote_format":"","ocean_quote_format_link":"post","ocean_gallery_link_images":"on","ocean_gallery_id":[]},"categories":[9],"tags":[466,641,82],"acf":[],"_links":{"self":[{"href":"https:\/\/www.simepe.com.br\/novo\/wp-json\/wp\/v2\/posts\/47937"}],"collection":[{"href":"https:\/\/www.simepe.com.br\/novo\/wp-json\/wp\/v2\/posts"}],"about":[{"href":"https:\/\/www.simepe.com.br\/novo\/wp-json\/wp\/v2\/types\/post"}],"author":[{"embeddable":true,"href":"https:\/\/www.simepe.com.br\/novo\/wp-json\/wp\/v2\/users\/1"}],"replies":[{"embeddable":true,"href":"https:\/\/www.simepe.com.br\/novo\/wp-json\/wp\/v2\/comments?post=47937"}],"version-history":[{"count":1,"href":"https:\/\/www.simepe.com.br\/novo\/wp-json\/wp\/v2\/posts\/47937\/revisions"}],"predecessor-version":[{"id":47938,"href":"https:\/\/www.simepe.com.br\/novo\/wp-json\/wp\/v2\/posts\/47937\/revisions\/47938"}],"wp:attachment":[{"href":"https:\/\/www.simepe.com.br\/novo\/wp-json\/wp\/v2\/media?parent=47937"}],"wp:term":[{"taxonomy":"category","embeddable":true,"href":"https:\/\/www.simepe.com.br\/novo\/wp-json\/wp\/v2\/categories?post=47937"},{"taxonomy":"post_tag","embeddable":true,"href":"https:\/\/www.simepe.com.br\/novo\/wp-json\/wp\/v2\/tags?post=47937"}],"curies":[{"name":"wp","href":"https:\/\/api.w.org\/{rel}","templated":true}]}}