{"id":47954,"date":"2018-08-24T16:35:50","date_gmt":"2018-08-24T19:35:50","guid":{"rendered":"http:\/\/www.simepe.com.br\/novo\/?p=47954"},"modified":"2018-08-30T09:59:20","modified_gmt":"2018-08-30T12:59:20","slug":"mobilizacao-dos-medicos-do-recife-avanca-em-resolucoes-positivas","status":"publish","type":"post","link":"https:\/\/www.simepe.com.br\/novo\/mobilizacao-dos-medicos-do-recife-avanca-em-resolucoes-positivas\/","title":{"rendered":"Mobiliza\u00e7\u00e3o dos M\u00e9dicos do Recife avan\u00e7a em resolu\u00e7\u00f5es positivas"},"content":{"rendered":"<p style=\"text-align: justify;\">M\u00e9dicos que atendem \u00e0s urg\u00eancias\/emerg\u00eancias, maternidades, e rede sa\u00fade mental do Recife estiveram reunidos em Assembleia Geral Extraordin\u00e1ria (AGE). O encontro ocorreu na sede da Associa\u00e7\u00e3o M\u00e9dica de Pernambuco (AMPE), com o comando da dire\u00e7\u00e3o do Simepe. A categoria discutiu as respostas dadas pela gest\u00e3o municipal para o pleito de melhorias necess\u00e1rias apresentadas.<\/p>\n<p style=\"text-align: justify;\">Apresentados os detalhes ao grupo, com informa\u00e7\u00f5es da reuni\u00e3o realizada na \u00faltima ter\u00e7a-feira, todas pactuadas em of\u00edcio, a categoria refletiu e deliberou pela manuten\u00e7\u00e3o da mesa de negocia\u00e7\u00e3o com a Prefeitura do Recife. Isso porque houve avan\u00e7os para as reivindica\u00e7\u00f5es, como as contrata\u00e7\u00f5es para a recomposi\u00e7\u00e3o das escalas e o reconhecimento por parte da Secretaria de Sa\u00fade sobre a necessidade de nomear novos profissionais para cobrir f\u00e9rias e outros tipos de licen\u00e7as que causem qualquer redu\u00e7\u00e3o nas escalas &#8211; j\u00e1 se comprometendo para, ainda esta semana, enviar of\u00edcio ao N\u00facleo de Gest\u00e3o para contrata\u00e7\u00e3o desses m\u00e9dicos at\u00e9 outubro.<\/p>\n<p style=\"text-align: justify;\">A categoria ainda avaliou como positiva outras pactua\u00e7\u00f5es apresentadas em mesa, como a concretiza\u00e7\u00e3o da compra de novo enxoval para a Policl\u00ednica e Maternidade Barros Lima, bem como a aquisi\u00e7\u00e3o de um equipamento de Raio-X para esta mesma unidade \u2013 faltando apenas a instala\u00e7\u00e3o do maquin\u00e1rio.<\/p>\n<p style=\"text-align: justify;\">\u201cAnalisamos como muito positivo o movimento, pois avan\u00e7amos em quest\u00f5es importantes para funcionamento dessas unidades de sa\u00fade. Vale ressaltar que a Barros Lima, por exemplo, nunca contou com um equipamento adequado de Raio-X como este e tudo isso \u00e9 fruto da mobiliza\u00e7\u00e3o da categoria e do di\u00e1logo com gest\u00e3o municipal. Essas negocia\u00e7\u00f5es ainda deram como resultado o compromisso pactuado com a Secretaria de Sa\u00fade de implanta\u00e7\u00e3o de novos tipos de exames essenciais e de um trabalho mais pr\u00f3ximo das Upinhas\u201d, apresenta Tadeu Calheiros, presidente do Simepe.<\/p>\n<p style=\"text-align: justify;\">Sobre esses novos testes, a PCR se comprometeu, ainda sem prazo definido, reconhecendo a necessidade das unidades, a implantar exames para diagn\u00f3sticos para preven\u00e7\u00e3o e tratamento de s\u00edndrome coronarianas, como infarto, nos postos de urg\u00eancias e emerg\u00eancias da rede municipal.\u00a0 A secretaria de sa\u00fade tamb\u00e9m ratificou o compromisso de visitar todas as Upinhas 24h, para discutir com o corpo cl\u00ednico as necessidades e dificuldades especificas de cada complexo.<\/p>\n<p style=\"text-align: justify;\">As discuss\u00f5es entre o Simepe, a PCR e os representantes dos servi\u00e7os de urg\u00eancia, emerg\u00eancia, maternidade com o grupo e o Simepe devem seguir numa mesa de negocia\u00e7\u00e3o permanente sobre esses assuntos. Por fim, a categoria ainda deliberou pela participa\u00e7\u00e3o \/ convoca\u00e7\u00e3o de todos os profissionais para uma grande AGE com todos os m\u00e9dicos do Recife, no dia 29 de agosto, \u00e0s 14h, na AMPE. Na oportunidade, o qu\u00f3rum avaliar\u00e1 os pontos pactuados no termos de compromisso feito com a pr\u00f3pria gest\u00e3o da cidade, em janeiro, focando nos pontos de reajuste da categoria e incorpora\u00e7\u00e3o\u00a0da gratifica\u00e7\u00e3o de plant\u00e3o.<\/p>\n","protected":false},"excerpt":{"rendered":"<p>M\u00e9dicos que atendem \u00e0s urg\u00eancias\/emerg\u00eancias, maternidades, e rede sa\u00fade mental do Recife estiveram reunidos em Assembleia Geral Extraordin\u00e1ria (AGE). O encontro ocorreu na sede da Associa\u00e7\u00e3o M\u00e9dica de Pernambuco (AMPE), com o comando da dire\u00e7\u00e3o do Simepe. A categoria discutiu as respostas dadas pela gest\u00e3o municipal para o pleito de melhorias necess\u00e1rias apresentadas. Apresentados os [&hellip;]<\/p>\n","protected":false},"author":1,"featured_media":47957,"comment_status":"open","ping_status":"open","sticky":false,"template":"","format":"standard","meta":{"ocean_post_layout":"","ocean_both_sidebars_style":"","ocean_both_sidebars_content_width":0,"ocean_both_sidebars_sidebars_width":0,"ocean_sidebar":"","ocean_second_sidebar":"","ocean_disable_margins":"enable","ocean_add_body_class":"","ocean_shortcode_before_top_bar":"","ocean_shortcode_after_top_bar":"","ocean_shortcode_before_header":"","ocean_shortcode_after_header":"","ocean_has_shortcode":"","ocean_shortcode_after_title":"","ocean_shortcode_before_footer_widgets":"","ocean_shortcode_after_footer_widgets":"","ocean_shortcode_before_footer_bottom":"","ocean_shortcode_after_footer_bottom":"","ocean_display_top_bar":"default","ocean_display_header":"default","ocean_header_style":"","ocean_center_header_left_menu":"","ocean_custom_header_template":"","ocean_custom_logo":0,"ocean_custom_retina_logo":0,"ocean_custom_logo_max_width":0,"ocean_custom_logo_tablet_max_width":0,"ocean_custom_logo_mobile_max_width":0,"ocean_custom_logo_max_height":0,"ocean_custom_logo_tablet_max_height":0,"ocean_custom_logo_mobile_max_height":0,"ocean_header_custom_menu":"","ocean_menu_typo_font_family":"","ocean_menu_typo_font_subset":"","ocean_menu_typo_font_size":0,"ocean_menu_typo_font_size_tablet":0,"ocean_menu_typo_font_size_mobile":0,"ocean_menu_typo_font_size_unit":"px","ocean_menu_typo_font_weight":"","ocean_menu_typo_font_weight_tablet":"","ocean_menu_typo_font_weight_mobile":"","ocean_menu_typo_transform":"","ocean_menu_typo_transform_tablet":"","ocean_menu_typo_transform_mobile":"","ocean_menu_typo_line_height":0,"ocean_menu_typo_line_height_tablet":0,"ocean_menu_typo_line_height_mobile":0,"ocean_menu_typo_line_height_unit":"","ocean_menu_typo_spacing":0,"ocean_menu_typo_spacing_tablet":0,"ocean_menu_typo_spacing_mobile":0,"ocean_menu_typo_spacing_unit":"","ocean_menu_link_color":"","ocean_menu_link_color_hover":"","ocean_menu_link_color_active":"","ocean_menu_link_background":"","ocean_menu_link_hover_background":"","ocean_menu_link_active_background":"","ocean_menu_social_links_bg":"","ocean_menu_social_hover_links_bg":"","ocean_menu_social_links_color":"","ocean_menu_social_hover_links_color":"","ocean_disable_title":"default","ocean_disable_heading":"default","ocean_post_title":"","ocean_post_subheading":"","ocean_post_title_style":"","ocean_post_title_background_color":"","ocean_post_title_background":0,"ocean_post_title_bg_image_position":"","ocean_post_title_bg_image_attachment":"","ocean_post_title_bg_image_repeat":"","ocean_post_title_bg_image_size":"","ocean_post_title_height":0,"ocean_post_title_bg_overlay":0.5,"ocean_post_title_bg_overlay_color":"","ocean_disable_breadcrumbs":"default","ocean_breadcrumbs_color":"","ocean_breadcrumbs_separator_color":"","ocean_breadcrumbs_links_color":"","ocean_breadcrumbs_links_hover_color":"","ocean_display_footer_widgets":"default","ocean_display_footer_bottom":"default","ocean_custom_footer_template":"","ocean_post_oembed":"","ocean_post_self_hosted_media":"","ocean_post_video_embed":"","ocean_link_format":"","ocean_link_format_target":"self","ocean_quote_format":"","ocean_quote_format_link":"post","ocean_gallery_link_images":"on","ocean_gallery_id":[]},"categories":[1],"tags":[3096,333,1823,199,75,1922,2171,748,4,3097],"acf":[],"_links":{"self":[{"href":"https:\/\/www.simepe.com.br\/novo\/wp-json\/wp\/v2\/posts\/47954"}],"collection":[{"href":"https:\/\/www.simepe.com.br\/novo\/wp-json\/wp\/v2\/posts"}],"about":[{"href":"https:\/\/www.simepe.com.br\/novo\/wp-json\/wp\/v2\/types\/post"}],"author":[{"embeddable":true,"href":"https:\/\/www.simepe.com.br\/novo\/wp-json\/wp\/v2\/users\/1"}],"replies":[{"embeddable":true,"href":"https:\/\/www.simepe.com.br\/novo\/wp-json\/wp\/v2\/comments?post=47954"}],"version-history":[{"count":1,"href":"https:\/\/www.simepe.com.br\/novo\/wp-json\/wp\/v2\/posts\/47954\/revisions"}],"predecessor-version":[{"id":47956,"href":"https:\/\/www.simepe.com.br\/novo\/wp-json\/wp\/v2\/posts\/47954\/revisions\/47956"}],"wp:featuredmedia":[{"embeddable":true,"href":"https:\/\/www.simepe.com.br\/novo\/wp-json\/wp\/v2\/media\/47957"}],"wp:attachment":[{"href":"https:\/\/www.simepe.com.br\/novo\/wp-json\/wp\/v2\/media?parent=47954"}],"wp:term":[{"taxonomy":"category","embeddable":true,"href":"https:\/\/www.simepe.com.br\/novo\/wp-json\/wp\/v2\/categories?post=47954"},{"taxonomy":"post_tag","embeddable":true,"href":"https:\/\/www.simepe.com.br\/novo\/wp-json\/wp\/v2\/tags?post=47954"}],"curies":[{"name":"wp","href":"https:\/\/api.w.org\/{rel}","templated":true}]}}