{"id":47967,"date":"2018-08-27T09:13:51","date_gmt":"2018-08-27T12:13:51","guid":{"rendered":"http:\/\/www.simepe.com.br\/novo\/?p=47967"},"modified":"2018-08-27T09:15:35","modified_gmt":"2018-08-27T12:15:35","slug":"brasil-profissionais-de-saude-listam-projetos-prioritarios-em-discussao-na-camara","status":"publish","type":"post","link":"https:\/\/www.simepe.com.br\/novo\/brasil-profissionais-de-saude-listam-projetos-prioritarios-em-discussao-na-camara\/","title":{"rendered":"Brasil: Profissionais de sa\u00fade listam projetos priorit\u00e1rios em discuss\u00e3o na C\u00e2mara"},"content":{"rendered":"<p style=\"text-align: justify;\">A inten\u00e7\u00e3o \u00e9 cobrar a aprova\u00e7\u00e3o dessas propostas dos candidatos \u00e0s elei\u00e7\u00f5es deste ano. Uma plataforma na internet vai permitir aos eleitores acompanharem as respostas dos candidatos.<\/p>\n<p style=\"text-align: justify;\">Reunidos no 11o Semin\u00e1rio Alian\u00e7as Estrat\u00e9gicas, realizado nesta semana no Congresso Nacionoal, profissionais da \u00e1rea de sa\u00fade discutiram como melhorar as pol\u00edticas p\u00fablicas do setor e elegeram uma lista de projetos priorit\u00e1rios a serem aprovados por deputados e senadores.<\/p>\n<p style=\"text-align: justify;\"><strong>Combate ao tabagismo<\/strong><\/p>\n<p style=\"text-align: justify;\">Em rela\u00e7\u00e3o ao tabagismo, uma proposta do deputado Darcisio Perondi (MDB-RS) institui a padroniza\u00e7\u00e3o das embalagens de cigarros para que a exposi\u00e7\u00e3o do produto nos pontos de venda n\u00e3o funcione como propaganda para os consumidores (PL 1744\/15).<\/p>\n<p style=\"text-align: justify;\">Outro projeto, do deputado Alessandro Molon (PSB-RJ), prop\u00f5e que parte dos recursos da Cide, contribui\u00e7\u00e3o que recai sobre a fabrica\u00e7\u00e3o ou a importa\u00e7\u00e3o de tabaco, seja usada no tratamento dos males decorrentes do fumo (PLP 4\/15).<\/p>\n<p style=\"text-align: justify;\">A psic\u00f3loga Sabrina Presman, da Alian\u00e7a de Controle de Preven\u00e7\u00e3o de Sa\u00fade (ACT), lembra que problemas decorrentes do fumo s\u00e3o cr\u00f4nicos, o que se reflete nas despesas do Sistema \u00danico de Sa\u00fade (SUS).<\/p>\n<p style=\"text-align: justify;\">\u201cN\u00e3o \u00e9 uma doen\u00e7a pontual, aguda, que voc\u00ea vai e trata e tem a cura. Quando voc\u00ea pensa em enfisema pulmonar, problemas card\u00edacos ou c\u00e2ncer, os tratamentos s\u00e3o de m\u00e9dio e longo prazos e t\u00eam custos envolvidos, tanto na sa\u00fade, como na previd\u00eancia, com as aposentadorias precoces. Economicamente, o custo das doen\u00e7as tabacorelacionadas tem um impacto enorme na nossa sociedade\u201d, alertou.<\/p>\n<p style=\"text-align: justify;\"><strong>Alimenta\u00e7\u00e3o saud\u00e1vel<\/strong><\/p>\n<p style=\"text-align: justify;\">Na \u00e1rea de alimenta\u00e7\u00e3o saud\u00e1vel, as propostas t\u00eam como alvo o alto consumo de refrigerantes e sucos industrializados, relacionado ao aumento do \u00edndice de obesidade infanto-juvenil. E novamente os impostos s\u00e3o a arma.<\/p>\n<p style=\"text-align: justify;\">Um dos projetos, de autoria do deputado Paulo Teixeira (PT-SP), quer aumentar a al\u00edquota do Imposto Sobre Produtos Industrializados (IPI) sobre as bebidas a\u00e7ucaradas (PL 8541\/17) . Outra proposi\u00e7\u00e3o, do deputado Fabio Ramalho (MDB-MG) pro\u00edbe a venda de refrigerantes em escolas de ensino b\u00e1sico (PL 1755\/07).<\/p>\n<p style=\"text-align: justify;\">Para a nutricionista Ana Maria Maya, integrante da Alian\u00e7a pela Alimenta\u00e7\u00e3o Adequada e Saud\u00e1vel, rede organizada da sociedade civil que cobra a\u00e7\u00f5es do poder p\u00fablico, essa medida passa pela responsabilidade social da escola.<\/p>\n<p style=\"text-align: justify;\">\u201cA gente considera que o ambiente escolar deve promover sa\u00fade e proteger a crian\u00e7a e o adolescente. J\u00e1 existem leis municipais e estaduais no Brasil inteiro que preveem essa proibi\u00e7\u00e3o da venda desse produto nas escolas e consideramos que ter uma lei nacional sobre isso seria um avan\u00e7o extraordin\u00e1rio para o Pa\u00eds\u201d, defendeu.<\/p>\n<p style=\"text-align: justify;\">Outro projeto considerado priorit\u00e1rio teve origem na Comiss\u00e3o de Legisla\u00e7\u00e3o Participativa da C\u00e2mara e institui a Pol\u00edtica Nacional de Redu\u00e7\u00e3o de Agrot\u00f3xicos (PL 6670\/16). Ele prev\u00ea a cria\u00e7\u00e3o de zonas de uso restrito e zonas livres de agrot\u00f3xicos, al\u00e9m de uma convers\u00e3o dos sistemas de produ\u00e7\u00e3o agr\u00edcola para modos sustent\u00e1veis, como a produ\u00e7\u00e3o org\u00e2nica e a de base agroecol\u00f3gica, que n\u00e3o dependem dos defensivos qu\u00edmicos.<\/p>\n<p style=\"text-align: justify;\"><strong>Plataforma<\/strong><\/p>\n<p style=\"text-align: justify;\">Durante o semin\u00e1rio, houve o lan\u00e7amento da plataforma da Alian\u00e7a pela Alimenta\u00e7\u00e3o Adequada e Saud\u00e1vel, para as elei\u00e7\u00f5es de 2018. O objetivo \u00e9 interceder junto aos candidatos a presidente da Rep\u00fablica, governadores, deputados estaduais, federais e senadores, para que incluam essas pautas priorit\u00e1rias em suas agendas.<\/p>\n<p style=\"text-align: justify;\">A plataforma vai permitir acompanhar as respostas dos candidatos online e ficar\u00e1 dispon\u00edvel no site da Alian\u00e7a pela Alimenta\u00e7\u00e3o Adequada e Saud\u00e1vel.<\/p>\n<p style=\"text-align: justify;\"><strong>\u00cdNTEGRA DA PROPOSTA:<\/strong><\/p>\n<p style=\"text-align: justify;\">PL-1755\/2007<br \/>\nPLP-4\/2015<br \/>\nPL-1744\/2015<br \/>\nPL-6670\/2016<br \/>\nPL-8541\/2017<\/p>\n<p style=\"text-align: justify;\">Fonte: Assessoria de Comunica\u00e7\u00e3o da Federa\u00e7\u00e3o M\u00e9dica Brasileira (FMB)<\/p>\n","protected":false},"excerpt":{"rendered":"<p>A inten\u00e7\u00e3o \u00e9 cobrar a aprova\u00e7\u00e3o dessas propostas dos candidatos \u00e0s elei\u00e7\u00f5es deste ano. Uma plataforma na internet vai permitir aos eleitores acompanharem as respostas dos candidatos. Reunidos no 11o Semin\u00e1rio Alian\u00e7as Estrat\u00e9gicas, realizado nesta semana no Congresso Nacionoal, profissionais da \u00e1rea de sa\u00fade discutiram como melhorar as pol\u00edticas p\u00fablicas do setor e elegeram uma [&hellip;]<\/p>\n","protected":false},"author":1,"featured_media":0,"comment_status":"open","ping_status":"open","sticky":false,"template":"","format":"standard","meta":{"ocean_post_layout":"","ocean_both_sidebars_style":"","ocean_both_sidebars_content_width":0,"ocean_both_sidebars_sidebars_width":0,"ocean_sidebar":"","ocean_second_sidebar":"","ocean_disable_margins":"enable","ocean_add_body_class":"","ocean_shortcode_before_top_bar":"","ocean_shortcode_after_top_bar":"","ocean_shortcode_before_header":"","ocean_shortcode_after_header":"","ocean_has_shortcode":"","ocean_shortcode_after_title":"","ocean_shortcode_before_footer_widgets":"","ocean_shortcode_after_footer_widgets":"","ocean_shortcode_before_footer_bottom":"","ocean_shortcode_after_footer_bottom":"","ocean_display_top_bar":"default","ocean_display_header":"default","ocean_header_style":"","ocean_center_header_left_menu":"","ocean_custom_header_template":"","ocean_custom_logo":0,"ocean_custom_retina_logo":0,"ocean_custom_logo_max_width":0,"ocean_custom_logo_tablet_max_width":0,"ocean_custom_logo_mobile_max_width":0,"ocean_custom_logo_max_height":0,"ocean_custom_logo_tablet_max_height":0,"ocean_custom_logo_mobile_max_height":0,"ocean_header_custom_menu":"","ocean_menu_typo_font_family":"","ocean_menu_typo_font_subset":"","ocean_menu_typo_font_size":0,"ocean_menu_typo_font_size_tablet":0,"ocean_menu_typo_font_size_mobile":0,"ocean_menu_typo_font_size_unit":"px","ocean_menu_typo_font_weight":"","ocean_menu_typo_font_weight_tablet":"","ocean_menu_typo_font_weight_mobile":"","ocean_menu_typo_transform":"","ocean_menu_typo_transform_tablet":"","ocean_menu_typo_transform_mobile":"","ocean_menu_typo_line_height":0,"ocean_menu_typo_line_height_tablet":0,"ocean_menu_typo_line_height_mobile":0,"ocean_menu_typo_line_height_unit":"","ocean_menu_typo_spacing":0,"ocean_menu_typo_spacing_tablet":0,"ocean_menu_typo_spacing_mobile":0,"ocean_menu_typo_spacing_unit":"","ocean_menu_link_color":"","ocean_menu_link_color_hover":"","ocean_menu_link_color_active":"","ocean_menu_link_background":"","ocean_menu_link_hover_background":"","ocean_menu_link_active_background":"","ocean_menu_social_links_bg":"","ocean_menu_social_hover_links_bg":"","ocean_menu_social_links_color":"","ocean_menu_social_hover_links_color":"","ocean_disable_title":"default","ocean_disable_heading":"default","ocean_post_title":"","ocean_post_subheading":"","ocean_post_title_style":"","ocean_post_title_background_color":"","ocean_post_title_background":0,"ocean_post_title_bg_image_position":"","ocean_post_title_bg_image_attachment":"","ocean_post_title_bg_image_repeat":"","ocean_post_title_bg_image_size":"","ocean_post_title_height":0,"ocean_post_title_bg_overlay":0.5,"ocean_post_title_bg_overlay_color":"","ocean_disable_breadcrumbs":"default","ocean_breadcrumbs_color":"","ocean_breadcrumbs_separator_color":"","ocean_breadcrumbs_links_color":"","ocean_breadcrumbs_links_hover_color":"","ocean_display_footer_widgets":"default","ocean_display_footer_bottom":"default","ocean_custom_footer_template":"","ocean_post_oembed":"","ocean_post_self_hosted_media":"","ocean_post_video_embed":"","ocean_link_format":"","ocean_link_format_target":"self","ocean_quote_format":"","ocean_quote_format_link":"post","ocean_gallery_link_images":"on","ocean_gallery_id":[]},"categories":[9],"tags":[1443,1343,82],"acf":[],"_links":{"self":[{"href":"https:\/\/www.simepe.com.br\/novo\/wp-json\/wp\/v2\/posts\/47967"}],"collection":[{"href":"https:\/\/www.simepe.com.br\/novo\/wp-json\/wp\/v2\/posts"}],"about":[{"href":"https:\/\/www.simepe.com.br\/novo\/wp-json\/wp\/v2\/types\/post"}],"author":[{"embeddable":true,"href":"https:\/\/www.simepe.com.br\/novo\/wp-json\/wp\/v2\/users\/1"}],"replies":[{"embeddable":true,"href":"https:\/\/www.simepe.com.br\/novo\/wp-json\/wp\/v2\/comments?post=47967"}],"version-history":[{"count":2,"href":"https:\/\/www.simepe.com.br\/novo\/wp-json\/wp\/v2\/posts\/47967\/revisions"}],"predecessor-version":[{"id":47973,"href":"https:\/\/www.simepe.com.br\/novo\/wp-json\/wp\/v2\/posts\/47967\/revisions\/47973"}],"wp:attachment":[{"href":"https:\/\/www.simepe.com.br\/novo\/wp-json\/wp\/v2\/media?parent=47967"}],"wp:term":[{"taxonomy":"category","embeddable":true,"href":"https:\/\/www.simepe.com.br\/novo\/wp-json\/wp\/v2\/categories?post=47967"},{"taxonomy":"post_tag","embeddable":true,"href":"https:\/\/www.simepe.com.br\/novo\/wp-json\/wp\/v2\/tags?post=47967"}],"curies":[{"name":"wp","href":"https:\/\/api.w.org\/{rel}","templated":true}]}}