{"id":47998,"date":"2018-08-27T10:29:50","date_gmt":"2018-08-27T13:29:50","guid":{"rendered":"http:\/\/www.simepe.com.br\/novo\/?p=47998"},"modified":"2018-08-27T10:29:50","modified_gmt":"2018-08-27T13:29:50","slug":"sindicato-oficia-prefeitura-e-pede-providencia-sobre-falta-de-obstetras-e-neonatologistas-no-hospital-nossa-senhora-da-conceicao","status":"publish","type":"post","link":"https:\/\/www.simepe.com.br\/novo\/sindicato-oficia-prefeitura-e-pede-providencia-sobre-falta-de-obstetras-e-neonatologistas-no-hospital-nossa-senhora-da-conceicao\/","title":{"rendered":"Sindicato oficia Prefeitura e pede provid\u00eancia sobre falta de obstetras e neonatologistas no Hospital Nossa Senhora da Concei\u00e7\u00e3o"},"content":{"rendered":"<p style=\"text-align: justify;\">O Sindicato dos M\u00e9dicos do Cear\u00e1, por meio de sua Assessoria Jur\u00eddica, oficiou, nessa quinta-feira (23), a Secretaria Municipal de Sa\u00fade de Fortaleza e a Dire\u00e7\u00e3o do Hospital Nossa Senhora da Concei\u00e7\u00e3o, requerendo esclarecimentos e provid\u00eancias acerca da den\u00fancia sobre a falta de m\u00e9dicos obstetras e neonatologistas para atender a demanda da popula\u00e7\u00e3o. Tal situa\u00e7\u00e3o ocorre depois da amplia\u00e7\u00e3o da estrutura do Hospital, no dia 15 de junho de 2018, que aumentou consideravelmente a demanda, por\u00e9m, o n\u00famero de profissionais m\u00e9dicos se manteve o mesmo, deixando parte da popula\u00e7\u00e3o desassistida, resultando, inclusive, no fechamento da emerg\u00eancia em algumas ocasi\u00f5es.<\/p>\n<p style=\"text-align: justify;\">A preocupante situa\u00e7\u00e3o requer uma solu\u00e7\u00e3o urgente, tendo em vista que, atualmente, a referida unidade realiza em torno de 1.333 atendimentos obst\u00e9tricos e, ainda, \u00e9 respons\u00e1vel por 20% da demanda que vem do munic\u00edpio de Caucaia na j\u00e1 citada especialidade. Considerado hospital de refer\u00eancia materno infantil no Estado, o Nossa Senhora da Concei\u00e7\u00e3o atende a demanda de 65 comunidades, de 18 bairros, com uma popula\u00e7\u00e3o de mais de 600 mil pessoas, entre elas, 200 crian\u00e7as na faixa et\u00e1ria de 0 a 10 anos.<\/p>\n<p style=\"text-align: justify;\">Conforme Elias Guedes, presidente da Comiss\u00e3o de Sa\u00fade e Defesa do Hospital Nossa Senhora da Concei\u00e7\u00e3o e Postos de Sa\u00fade e da Regional V, o anexo do hospital foi entregue todo equipado, no entanto, faltou o principal, mais m\u00e9dicos para atender a popula\u00e7\u00e3o. \u201cAtualmente, temos apenas dois m\u00e9dicos obstetras para atender no centro cir\u00fargico e emerg\u00eancia. Quando chega gestante para cirurgia, os dois t\u00eam que entrar para realizar o procedimento, enquanto a emerg\u00eancia fica desassistida, fazendo a paciente voltar pra casa ou esperar at\u00e9 que o m\u00e9dico acabe a cirurgia, gerando preju\u00edzo\u201d, explica.<\/p>\n<p style=\"text-align: justify;\">Diante da den\u00fancia, o presidente do Sindicato dos M\u00e9dicos do Cear\u00e1, Dr. Edmar Fernandes, foi ao hospital e constatou a real situa\u00e7\u00e3o. \u201cA situa\u00e7\u00e3o est\u00e1 insustent\u00e1vel e gera sofrimento tanto para o m\u00e9dico, que est\u00e1 sobrecarregado, sem condi\u00e7\u00f5es humanas de atender tal demanda, como para a popula\u00e7\u00e3o que, muitas vezes, t\u00eam que voltar pra casa por conta do fechamento da emerg\u00eancia, por n\u00e3o ter m\u00e9dico suficiente para atender&#8221;, lamenta o representante da categoria que sugere o redimensionamento da quantidade de obstetras e neonatologistas para a nova realidade do hospital: \u201co ideal \u00e9 que na obstetr\u00edcia tenham pelo menos tr\u00eas m\u00e9dicos, e que, inclusive, seja realizado concurso p\u00fablico, pois os editais tempor\u00e1rios que a gest\u00e3o est\u00e1 publicando, s\u00e3o desestimulantes. O valor que est\u00e1 sendo pago \u00e9 desrespeitoso com a categoria\u201d.<\/p>\n<p style=\"text-align: justify;\">\u00c9 importante ressaltar que o Sindicato \u00e9 a favor da amplia\u00e7\u00e3o de hospitais, com novas estruturas, para oferecer atendimento pleno a toda demanda de pacientes, por\u00e9m deve-se ter um planejamento que contemple mais m\u00e9dicos e profissionais auxiliares que supram a necessidade de procura ativa por parte da comunidade, dando condi\u00e7\u00f5es dignas de trabalho para os m\u00e9dicos e garantido os direitos de acesso da popula\u00e7\u00e3o \u00e0 sa\u00fade.<\/p>\n<p style=\"text-align: justify;\">Fonte: Assessoria de Comunica\u00e7\u00e3o do Sindicato dos M\u00e9dicos do Cear\u00e1 (Simec)<\/p>\n","protected":false},"excerpt":{"rendered":"<p>O Sindicato dos M\u00e9dicos do Cear\u00e1, por meio de sua Assessoria Jur\u00eddica, oficiou, nessa quinta-feira (23), a Secretaria Municipal de Sa\u00fade de Fortaleza e a Dire\u00e7\u00e3o do Hospital Nossa Senhora da Concei\u00e7\u00e3o, requerendo esclarecimentos e provid\u00eancias acerca da den\u00fancia sobre a falta de m\u00e9dicos obstetras e neonatologistas para atender a demanda da popula\u00e7\u00e3o. Tal situa\u00e7\u00e3o [&hellip;]<\/p>\n","protected":false},"author":1,"featured_media":47999,"comment_status":"open","ping_status":"open","sticky":false,"template":"","format":"standard","meta":{"ocean_post_layout":"","ocean_both_sidebars_style":"","ocean_both_sidebars_content_width":0,"ocean_both_sidebars_sidebars_width":0,"ocean_sidebar":"","ocean_second_sidebar":"","ocean_disable_margins":"enable","ocean_add_body_class":"","ocean_shortcode_before_top_bar":"","ocean_shortcode_after_top_bar":"","ocean_shortcode_before_header":"","ocean_shortcode_after_header":"","ocean_has_shortcode":"","ocean_shortcode_after_title":"","ocean_shortcode_before_footer_widgets":"","ocean_shortcode_after_footer_widgets":"","ocean_shortcode_before_footer_bottom":"","ocean_shortcode_after_footer_bottom":"","ocean_display_top_bar":"default","ocean_display_header":"default","ocean_header_style":"","ocean_center_header_left_menu":"","ocean_custom_header_template":"","ocean_custom_logo":0,"ocean_custom_retina_logo":0,"ocean_custom_logo_max_width":0,"ocean_custom_logo_tablet_max_width":0,"ocean_custom_logo_mobile_max_width":0,"ocean_custom_logo_max_height":0,"ocean_custom_logo_tablet_max_height":0,"ocean_custom_logo_mobile_max_height":0,"ocean_header_custom_menu":"","ocean_menu_typo_font_family":"","ocean_menu_typo_font_subset":"","ocean_menu_typo_font_size":0,"ocean_menu_typo_font_size_tablet":0,"ocean_menu_typo_font_size_mobile":0,"ocean_menu_typo_font_size_unit":"px","ocean_menu_typo_font_weight":"","ocean_menu_typo_font_weight_tablet":"","ocean_menu_typo_font_weight_mobile":"","ocean_menu_typo_transform":"","ocean_menu_typo_transform_tablet":"","ocean_menu_typo_transform_mobile":"","ocean_menu_typo_line_height":0,"ocean_menu_typo_line_height_tablet":0,"ocean_menu_typo_line_height_mobile":0,"ocean_menu_typo_line_height_unit":"","ocean_menu_typo_spacing":0,"ocean_menu_typo_spacing_tablet":0,"ocean_menu_typo_spacing_mobile":0,"ocean_menu_typo_spacing_unit":"","ocean_menu_link_color":"","ocean_menu_link_color_hover":"","ocean_menu_link_color_active":"","ocean_menu_link_background":"","ocean_menu_link_hover_background":"","ocean_menu_link_active_background":"","ocean_menu_social_links_bg":"","ocean_menu_social_hover_links_bg":"","ocean_menu_social_links_color":"","ocean_menu_social_hover_links_color":"","ocean_disable_title":"default","ocean_disable_heading":"default","ocean_post_title":"","ocean_post_subheading":"","ocean_post_title_style":"","ocean_post_title_background_color":"","ocean_post_title_background":0,"ocean_post_title_bg_image_position":"","ocean_post_title_bg_image_attachment":"","ocean_post_title_bg_image_repeat":"","ocean_post_title_bg_image_size":"","ocean_post_title_height":0,"ocean_post_title_bg_overlay":0.5,"ocean_post_title_bg_overlay_color":"","ocean_disable_breadcrumbs":"default","ocean_breadcrumbs_color":"","ocean_breadcrumbs_separator_color":"","ocean_breadcrumbs_links_color":"","ocean_breadcrumbs_links_hover_color":"","ocean_display_footer_widgets":"default","ocean_display_footer_bottom":"default","ocean_custom_footer_template":"","ocean_post_oembed":"","ocean_post_self_hosted_media":"","ocean_post_video_embed":"","ocean_link_format":"","ocean_link_format_target":"self","ocean_quote_format":"","ocean_quote_format_link":"post","ocean_gallery_link_images":"on","ocean_gallery_id":[]},"categories":[1],"tags":[],"acf":[],"_links":{"self":[{"href":"https:\/\/www.simepe.com.br\/novo\/wp-json\/wp\/v2\/posts\/47998"}],"collection":[{"href":"https:\/\/www.simepe.com.br\/novo\/wp-json\/wp\/v2\/posts"}],"about":[{"href":"https:\/\/www.simepe.com.br\/novo\/wp-json\/wp\/v2\/types\/post"}],"author":[{"embeddable":true,"href":"https:\/\/www.simepe.com.br\/novo\/wp-json\/wp\/v2\/users\/1"}],"replies":[{"embeddable":true,"href":"https:\/\/www.simepe.com.br\/novo\/wp-json\/wp\/v2\/comments?post=47998"}],"version-history":[{"count":1,"href":"https:\/\/www.simepe.com.br\/novo\/wp-json\/wp\/v2\/posts\/47998\/revisions"}],"predecessor-version":[{"id":48000,"href":"https:\/\/www.simepe.com.br\/novo\/wp-json\/wp\/v2\/posts\/47998\/revisions\/48000"}],"wp:featuredmedia":[{"embeddable":true,"href":"https:\/\/www.simepe.com.br\/novo\/wp-json\/wp\/v2\/media\/47999"}],"wp:attachment":[{"href":"https:\/\/www.simepe.com.br\/novo\/wp-json\/wp\/v2\/media?parent=47998"}],"wp:term":[{"taxonomy":"category","embeddable":true,"href":"https:\/\/www.simepe.com.br\/novo\/wp-json\/wp\/v2\/categories?post=47998"},{"taxonomy":"post_tag","embeddable":true,"href":"https:\/\/www.simepe.com.br\/novo\/wp-json\/wp\/v2\/tags?post=47998"}],"curies":[{"name":"wp","href":"https:\/\/api.w.org\/{rel}","templated":true}]}}