{"id":48031,"date":"2018-08-28T09:16:53","date_gmt":"2018-08-28T12:16:53","guid":{"rendered":"http:\/\/www.simepe.com.br\/novo\/?p=48031"},"modified":"2018-08-28T09:16:53","modified_gmt":"2018-08-28T12:16:53","slug":"ministerio-do-trabalho-capacita-profissionais-de-saude-para-emissao-de-laudos","status":"publish","type":"post","link":"https:\/\/www.simepe.com.br\/novo\/ministerio-do-trabalho-capacita-profissionais-de-saude-para-emissao-de-laudos\/","title":{"rendered":"Minist\u00e9rio do trabalho capacita profissionais de sa\u00fade para emiss\u00e3o de laudos"},"content":{"rendered":"<p style=\"text-align: justify;\">Visando estreitar o relacionamento com as entidades representativas dos profissinais de sa\u00fade (fisioterapeutas, m\u00e9dicos, psic\u00f3logos e terapeutas ocupacionais), o Minist\u00e9rio do Trabalho ir\u00e1 oferecer cursos de capacita\u00e7\u00e3o para emiss\u00e3o de laudos caracterizadores da defici\u00eancia para o trabalho.<\/p>\n<p style=\"text-align: justify;\"><strong>Os eventos s\u00e3o os seguintes:<\/strong><\/p>\n<p style=\"text-align: justify;\">No dia 14.09 haver\u00e1 um evento de capacita\u00e7\u00e3o com 4h, n\u00e3o ligado a nenhum conselho, de id\u00eantico teor ao do Terapeutas Ocupacionais, aberto para profissionais de sa\u00fade das \u00e1reas precitadas. Ser\u00e1 realizado no audit\u00f3rio da SRT-PE (Avenida Agamenon Magalhaes, 2000-Subsolo-Espinheiro\u2013Recife-PE), das 9h \u00e0s 13h. Temos 20 (vinte) vagas para os m\u00e9dicos que desejem participar do evento,<\/p>\n<p style=\"text-align: justify;\">Aqueles que se disponham, no n\u00famero de vagas, a participar do evento (4h) e fa\u00e7am a parte pr\u00e1tica (8h), com o apoio de auditores fiscais especializados na fiscaliza\u00e7\u00e3o de laudos caracterizadores de defici\u00eancia, de dois turnos de elabora\u00e7\u00e3o, entre os dias 20 (SRT-Recife), 27 e 28.09.2018 (Polo definido pelo Minist\u00e9rio do Trabalho, entre Recife, Jaboat\u00e3o, Olinda, Ipojuca e Igarassu),8), de acordo com os quantitativos a serem definidos pelo Minist\u00e9rio, receber\u00e3o certifica\u00e7\u00e3o emitida pelo MT, de 12h<\/p>\n<p style=\"text-align: justify;\">No dia 20.09.2018, das 08 \u00e0s 17h, o DIA DE ELABORA\u00c7\u00c3O DE LAUDO CARACTERIZADOR DA DEFICI\u00caNCIA, em que pessoas com defici\u00eancia comparecer\u00e3o ao Minist\u00e9rio do Trabalho, na Avenida Agamenon Magalh\u00e3es, 2000, com os exames especificos (audiometria, laudo oftalmol\u00f3gico, exames f\u00edsicos espec\u00edficos, laudo psicol\u00f3gico ou psiqui\u00e1trico), quando for o caso, e ser\u00e3o avaliadas por profissionais de sa\u00fade, para a devida emiss\u00e3o do Laudo Caracterizador de defici\u00eancia. Algumas defici\u00eancias n\u00e3o precisar\u00e3o de exames complementares, como amputa\u00e7\u00f5es, deformidades cong\u00eanitas, amauroses, etc.<\/p>\n<p style=\"text-align: justify;\">Nos dias 27.09.2018 (Jaboat\u00e3o e Ipojuca) e 28.09.2018 (Recife, Olinda, Igarassu) ser\u00e1 o DIA D DA PESSOA COM DEFICI\u00caNCIA E REABILITADA, ocasi\u00f5es em que um total de 180 empresas sujeitas \u00e0 cota de inclus\u00e3o de pessoas com defici\u00eancia foram notificadas para comparecer e abrir vagas e os candidatos a emprego com defici\u00eancia e reabilitada comparecer\u00e3o aos respectivos p\u00f3los, para fins de recrutamento e sele\u00e7\u00e3o. Nestes polos pretende-se haver emiss\u00e3o de laudos caracterizadores de defici\u00eancia, por profissionais de sa\u00fade das cinco \u00e1reas precitadas.<\/p>\n<p style=\"text-align: justify;\">Pretende-se capacitar e sensibilizar os precitados profissionais de sa\u00fade para os eventos dos dias 20, 27 e 28.09.2018, para emiss\u00f5es de laudos caracterizadores. Os participantes dos eventos promovidos pelos conselhos, ministrados por auditor fiscal do trabalho poder\u00e3o tamb\u00e9m ter certifica\u00e7\u00e3o de 12h, a exemplo daquele promovido pelo pr\u00f3prio Minist\u00e9rio no dia 14.09.2018, desde que fa\u00e7am tamb\u00e9m as 8h pr\u00e1ticas.<\/p>\n<p style=\"text-align: justify;\">Poder\u00e1 acontecer que os profissionais interessados sejam em maior quantidade que as vagas necess\u00e1rias nos eventos, para fins de participa\u00e7\u00e3o pr\u00e1tica e certifica\u00e7\u00e3o de 12h. Nestes casos, poder\u00e1 haver defini\u00e7\u00e3o de crit\u00e9rios para sele\u00e7\u00e3o dos ocupantes das vagas.<\/p>\n<p style=\"text-align: justify;\">\n<p style=\"text-align: justify;\">Fonte: Assessoria de Comunica\u00e7\u00e3o do Cremepe<\/p>\n","protected":false},"excerpt":{"rendered":"<p>Visando estreitar o relacionamento com as entidades representativas dos profissinais de sa\u00fade (fisioterapeutas, m\u00e9dicos, psic\u00f3logos e terapeutas ocupacionais), o Minist\u00e9rio do Trabalho ir\u00e1 oferecer cursos de capacita\u00e7\u00e3o para emiss\u00e3o de laudos caracterizadores da defici\u00eancia para o trabalho. Os eventos s\u00e3o os seguintes: No dia 14.09 haver\u00e1 um evento de capacita\u00e7\u00e3o com 4h, n\u00e3o ligado a [&hellip;]<\/p>\n","protected":false},"author":1,"featured_media":0,"comment_status":"open","ping_status":"open","sticky":false,"template":"","format":"standard","meta":{"ocean_post_layout":"","ocean_both_sidebars_style":"","ocean_both_sidebars_content_width":0,"ocean_both_sidebars_sidebars_width":0,"ocean_sidebar":"","ocean_second_sidebar":"","ocean_disable_margins":"enable","ocean_add_body_class":"","ocean_shortcode_before_top_bar":"","ocean_shortcode_after_top_bar":"","ocean_shortcode_before_header":"","ocean_shortcode_after_header":"","ocean_has_shortcode":"","ocean_shortcode_after_title":"","ocean_shortcode_before_footer_widgets":"","ocean_shortcode_after_footer_widgets":"","ocean_shortcode_before_footer_bottom":"","ocean_shortcode_after_footer_bottom":"","ocean_display_top_bar":"default","ocean_display_header":"default","ocean_header_style":"","ocean_center_header_left_menu":"","ocean_custom_header_template":"","ocean_custom_logo":0,"ocean_custom_retina_logo":0,"ocean_custom_logo_max_width":0,"ocean_custom_logo_tablet_max_width":0,"ocean_custom_logo_mobile_max_width":0,"ocean_custom_logo_max_height":0,"ocean_custom_logo_tablet_max_height":0,"ocean_custom_logo_mobile_max_height":0,"ocean_header_custom_menu":"","ocean_menu_typo_font_family":"","ocean_menu_typo_font_subset":"","ocean_menu_typo_font_size":0,"ocean_menu_typo_font_size_tablet":0,"ocean_menu_typo_font_size_mobile":0,"ocean_menu_typo_font_size_unit":"px","ocean_menu_typo_font_weight":"","ocean_menu_typo_font_weight_tablet":"","ocean_menu_typo_font_weight_mobile":"","ocean_menu_typo_transform":"","ocean_menu_typo_transform_tablet":"","ocean_menu_typo_transform_mobile":"","ocean_menu_typo_line_height":0,"ocean_menu_typo_line_height_tablet":0,"ocean_menu_typo_line_height_mobile":0,"ocean_menu_typo_line_height_unit":"","ocean_menu_typo_spacing":0,"ocean_menu_typo_spacing_tablet":0,"ocean_menu_typo_spacing_mobile":0,"ocean_menu_typo_spacing_unit":"","ocean_menu_link_color":"","ocean_menu_link_color_hover":"","ocean_menu_link_color_active":"","ocean_menu_link_background":"","ocean_menu_link_hover_background":"","ocean_menu_link_active_background":"","ocean_menu_social_links_bg":"","ocean_menu_social_hover_links_bg":"","ocean_menu_social_links_color":"","ocean_menu_social_hover_links_color":"","ocean_disable_title":"default","ocean_disable_heading":"default","ocean_post_title":"","ocean_post_subheading":"","ocean_post_title_style":"","ocean_post_title_background_color":"","ocean_post_title_background":0,"ocean_post_title_bg_image_position":"","ocean_post_title_bg_image_attachment":"","ocean_post_title_bg_image_repeat":"","ocean_post_title_bg_image_size":"","ocean_post_title_height":0,"ocean_post_title_bg_overlay":0.5,"ocean_post_title_bg_overlay_color":"","ocean_disable_breadcrumbs":"default","ocean_breadcrumbs_color":"","ocean_breadcrumbs_separator_color":"","ocean_breadcrumbs_links_color":"","ocean_breadcrumbs_links_hover_color":"","ocean_display_footer_widgets":"default","ocean_display_footer_bottom":"default","ocean_custom_footer_template":"","ocean_post_oembed":"","ocean_post_self_hosted_media":"","ocean_post_video_embed":"","ocean_link_format":"","ocean_link_format_target":"self","ocean_quote_format":"","ocean_quote_format_link":"post","ocean_gallery_link_images":"on","ocean_gallery_id":[]},"categories":[9],"tags":[3106,1343,82],"acf":[],"_links":{"self":[{"href":"https:\/\/www.simepe.com.br\/novo\/wp-json\/wp\/v2\/posts\/48031"}],"collection":[{"href":"https:\/\/www.simepe.com.br\/novo\/wp-json\/wp\/v2\/posts"}],"about":[{"href":"https:\/\/www.simepe.com.br\/novo\/wp-json\/wp\/v2\/types\/post"}],"author":[{"embeddable":true,"href":"https:\/\/www.simepe.com.br\/novo\/wp-json\/wp\/v2\/users\/1"}],"replies":[{"embeddable":true,"href":"https:\/\/www.simepe.com.br\/novo\/wp-json\/wp\/v2\/comments?post=48031"}],"version-history":[{"count":1,"href":"https:\/\/www.simepe.com.br\/novo\/wp-json\/wp\/v2\/posts\/48031\/revisions"}],"predecessor-version":[{"id":48032,"href":"https:\/\/www.simepe.com.br\/novo\/wp-json\/wp\/v2\/posts\/48031\/revisions\/48032"}],"wp:attachment":[{"href":"https:\/\/www.simepe.com.br\/novo\/wp-json\/wp\/v2\/media?parent=48031"}],"wp:term":[{"taxonomy":"category","embeddable":true,"href":"https:\/\/www.simepe.com.br\/novo\/wp-json\/wp\/v2\/categories?post=48031"},{"taxonomy":"post_tag","embeddable":true,"href":"https:\/\/www.simepe.com.br\/novo\/wp-json\/wp\/v2\/tags?post=48031"}],"curies":[{"name":"wp","href":"https:\/\/api.w.org\/{rel}","templated":true}]}}