{"id":48035,"date":"2018-08-28T09:24:32","date_gmt":"2018-08-28T12:24:32","guid":{"rendered":"http:\/\/www.simepe.com.br\/novo\/?p=48035"},"modified":"2018-08-28T09:24:32","modified_gmt":"2018-08-28T12:24:32","slug":"amb-apresenta-carreira-medica-de-estado-ao-ministro-do-trabalho","status":"publish","type":"post","link":"https:\/\/www.simepe.com.br\/novo\/amb-apresenta-carreira-medica-de-estado-ao-ministro-do-trabalho\/","title":{"rendered":"AMB apresenta carreira m\u00e9dica de estado ao ministro do trabalho"},"content":{"rendered":"<p style=\"text-align: justify;\">Um dos resultados do XIII Encontro Nacional de Entidades M\u00e9dicas, realizado no final de junho, em Bras\u00edlia, foi o Manifesto dos M\u00e9dicos em Defesa da Sa\u00fade do Brasil, entregue nesta sexta-feira para o ministro do Trabalho, Caio Vieira de Mello.<\/p>\n<p style=\"text-align: justify;\">Dentre as propostas do Manifesto est\u00e1 a cria\u00e7\u00e3o de uma Carreira M\u00e9dica de Estado que permita aos profissionais deslocarem para regi\u00f5es mais afastadas, por meio de contratos com seguran\u00e7a jur\u00eddica e com garantia de recebimento de honor\u00e1rios acordados, fato que n\u00e3o ocorre hoje, quando os m\u00e9dicos ficam ao sabor dos caprichos da pol\u00edtica local. O ministro considerou a proposta de carreira de Estado para os m\u00e9dicos como uma justa e vi\u00e1vel reinvindica\u00e7\u00e3o e se demonstrou receptivo a discutir as pautas da classe m\u00e9dica<\/p>\n<p style=\"text-align: justify;\">A abertura indiscriminada de escolas m\u00e9dicas e a necessidade da cria\u00e7\u00e3o de um Exame Nacional Obrigat\u00f3rio de Profici\u00eancia em Medicina para os estudantes de medicina foram outros temos que integraram a pauta da levada o Minist\u00e9rio do Trabalho.<\/p>\n<p style=\"text-align: justify;\">Al\u00e9m da AMB, representada pelo diretor Jos\u00e9 Luiz Dantas Mestrinho, participaram da reuni\u00e3o junto com o ministro do Trabalho, Caio Vieira de Mello, Donizetti Giamberardino, conselheiro federal do CFM, o presidente do CFM, Carlos Vital; o presidente da ANMR, Juracy Barbosa e Jorge Darze, presidente da Fenam. A AMB e demais entidades foram convidadas a participar de um Comit\u00ea de Estudos Avan\u00e7ados, organizado pela pasta, com o objetivo de discutir propostas para atender \u00e0s necessidades dos trabalhadores brasileiros.<\/p>\n<p style=\"text-align: justify;\">\n<p style=\"text-align: justify;\">Fonte: Assessoria de Comunica\u00e7\u00e3o da Associa\u00e7\u00e3o M\u00e9dica Brasileira (AMB)<\/p>\n","protected":false},"excerpt":{"rendered":"<p>Um dos resultados do XIII Encontro Nacional de Entidades M\u00e9dicas, realizado no final de junho, em Bras\u00edlia, foi o Manifesto dos M\u00e9dicos em Defesa da Sa\u00fade do Brasil, entregue nesta sexta-feira para o ministro do Trabalho, Caio Vieira de Mello. Dentre as propostas do Manifesto est\u00e1 a cria\u00e7\u00e3o de uma Carreira M\u00e9dica de Estado que [&hellip;]<\/p>\n","protected":false},"author":1,"featured_media":0,"comment_status":"open","ping_status":"open","sticky":false,"template":"","format":"standard","meta":{"ocean_post_layout":"","ocean_both_sidebars_style":"","ocean_both_sidebars_content_width":0,"ocean_both_sidebars_sidebars_width":0,"ocean_sidebar":"","ocean_second_sidebar":"","ocean_disable_margins":"enable","ocean_add_body_class":"","ocean_shortcode_before_top_bar":"","ocean_shortcode_after_top_bar":"","ocean_shortcode_before_header":"","ocean_shortcode_after_header":"","ocean_has_shortcode":"","ocean_shortcode_after_title":"","ocean_shortcode_before_footer_widgets":"","ocean_shortcode_after_footer_widgets":"","ocean_shortcode_before_footer_bottom":"","ocean_shortcode_after_footer_bottom":"","ocean_display_top_bar":"default","ocean_display_header":"default","ocean_header_style":"","ocean_center_header_left_menu":"","ocean_custom_header_template":"","ocean_custom_logo":0,"ocean_custom_retina_logo":0,"ocean_custom_logo_max_width":0,"ocean_custom_logo_tablet_max_width":0,"ocean_custom_logo_mobile_max_width":0,"ocean_custom_logo_max_height":0,"ocean_custom_logo_tablet_max_height":0,"ocean_custom_logo_mobile_max_height":0,"ocean_header_custom_menu":"","ocean_menu_typo_font_family":"","ocean_menu_typo_font_subset":"","ocean_menu_typo_font_size":0,"ocean_menu_typo_font_size_tablet":0,"ocean_menu_typo_font_size_mobile":0,"ocean_menu_typo_font_size_unit":"px","ocean_menu_typo_font_weight":"","ocean_menu_typo_font_weight_tablet":"","ocean_menu_typo_font_weight_mobile":"","ocean_menu_typo_transform":"","ocean_menu_typo_transform_tablet":"","ocean_menu_typo_transform_mobile":"","ocean_menu_typo_line_height":0,"ocean_menu_typo_line_height_tablet":0,"ocean_menu_typo_line_height_mobile":0,"ocean_menu_typo_line_height_unit":"","ocean_menu_typo_spacing":0,"ocean_menu_typo_spacing_tablet":0,"ocean_menu_typo_spacing_mobile":0,"ocean_menu_typo_spacing_unit":"","ocean_menu_link_color":"","ocean_menu_link_color_hover":"","ocean_menu_link_color_active":"","ocean_menu_link_background":"","ocean_menu_link_hover_background":"","ocean_menu_link_active_background":"","ocean_menu_social_links_bg":"","ocean_menu_social_hover_links_bg":"","ocean_menu_social_links_color":"","ocean_menu_social_hover_links_color":"","ocean_disable_title":"default","ocean_disable_heading":"default","ocean_post_title":"","ocean_post_subheading":"","ocean_post_title_style":"","ocean_post_title_background_color":"","ocean_post_title_background":0,"ocean_post_title_bg_image_position":"","ocean_post_title_bg_image_attachment":"","ocean_post_title_bg_image_repeat":"","ocean_post_title_bg_image_size":"","ocean_post_title_height":0,"ocean_post_title_bg_overlay":0.5,"ocean_post_title_bg_overlay_color":"","ocean_disable_breadcrumbs":"default","ocean_breadcrumbs_color":"","ocean_breadcrumbs_separator_color":"","ocean_breadcrumbs_links_color":"","ocean_breadcrumbs_links_hover_color":"","ocean_display_footer_widgets":"default","ocean_display_footer_bottom":"default","ocean_custom_footer_template":"","ocean_post_oembed":"","ocean_post_self_hosted_media":"","ocean_post_video_embed":"","ocean_link_format":"","ocean_link_format_target":"self","ocean_quote_format":"","ocean_quote_format_link":"post","ocean_gallery_link_images":"on","ocean_gallery_id":[]},"categories":[9],"tags":[53,3107,3108],"acf":[],"_links":{"self":[{"href":"https:\/\/www.simepe.com.br\/novo\/wp-json\/wp\/v2\/posts\/48035"}],"collection":[{"href":"https:\/\/www.simepe.com.br\/novo\/wp-json\/wp\/v2\/posts"}],"about":[{"href":"https:\/\/www.simepe.com.br\/novo\/wp-json\/wp\/v2\/types\/post"}],"author":[{"embeddable":true,"href":"https:\/\/www.simepe.com.br\/novo\/wp-json\/wp\/v2\/users\/1"}],"replies":[{"embeddable":true,"href":"https:\/\/www.simepe.com.br\/novo\/wp-json\/wp\/v2\/comments?post=48035"}],"version-history":[{"count":1,"href":"https:\/\/www.simepe.com.br\/novo\/wp-json\/wp\/v2\/posts\/48035\/revisions"}],"predecessor-version":[{"id":48036,"href":"https:\/\/www.simepe.com.br\/novo\/wp-json\/wp\/v2\/posts\/48035\/revisions\/48036"}],"wp:attachment":[{"href":"https:\/\/www.simepe.com.br\/novo\/wp-json\/wp\/v2\/media?parent=48035"}],"wp:term":[{"taxonomy":"category","embeddable":true,"href":"https:\/\/www.simepe.com.br\/novo\/wp-json\/wp\/v2\/categories?post=48035"},{"taxonomy":"post_tag","embeddable":true,"href":"https:\/\/www.simepe.com.br\/novo\/wp-json\/wp\/v2\/tags?post=48035"}],"curies":[{"name":"wp","href":"https:\/\/api.w.org\/{rel}","templated":true}]}}