{"id":48037,"date":"2018-08-28T09:30:00","date_gmt":"2018-08-28T12:30:00","guid":{"rendered":"http:\/\/www.simepe.com.br\/novo\/?p=48037"},"modified":"2018-08-28T09:30:00","modified_gmt":"2018-08-28T12:30:00","slug":"postos-de-saude-registram-aumento-na-procura-por-vacinacao-infantil-no-3o-turno","status":"publish","type":"post","link":"https:\/\/www.simepe.com.br\/novo\/postos-de-saude-registram-aumento-na-procura-por-vacinacao-infantil-no-3o-turno\/","title":{"rendered":"Postos de sa\u00fade registram aumento na procura por vacina\u00e7\u00e3o infantil no 3\u00ba turno"},"content":{"rendered":"<p style=\"text-align: justify;\">O objetivo \u00e9 imunizar pelo menos 95% das crian\u00e7as na campanha de vacina\u00e7\u00e3o<\/p>\n<p style=\"text-align: justify;\">A Prefeitura do Recife aposta no terceiro turno para bater as metas de vacina\u00e7\u00e3o. Na \u00faltima semana de combate ao sarampo e poliomielite que se encerra na pr\u00f3xima sexta-feira (31), os hor\u00e1rios foram estendidos at\u00e9 \u00e0s 21h em 10 unidades espalhadas nas cidades, nestes locais, assim como nos outros postos, as aplica\u00e7\u00f5es das doses seguem normalmente durante o dia das 8h \u00e0s 17h.<\/p>\n<p style=\"text-align: justify;\">No primeiro dia de vacina\u00e7\u00e3o, quase 90% das crian\u00e7as foram vacinadas a meta dos agentes \u00e9 chegar ao 95%. O secret\u00e1rio de sa\u00fade do Recife, Jailson Corr\u00eaa destacou que a proposta de estender o hor\u00e1rio foi por conta da alta demanda nos postos de sa\u00fade.<\/p>\n<p style=\"text-align: justify;\">Ou\u00e7a os detalhes com D\u00e9bora Laryne<\/p>\n<p style=\"text-align: justify;\"><strong>Sarampo e Poliomielite<\/strong><br \/>\nO sarampo \u00e9 uma doen\u00e7a infecto-contagiosa causada por um v\u00edrus chamado Morbillivirus. A enfermidade \u00e9 uma das principais respons\u00e1veis pela mortalidade infantil em pa\u00edses sub-desenvolvidos. Seus sintomas incluem febre e manchas no corpo, e o tratamento \u00e9 feito para atenuar estes sintomas.<\/p>\n<p style=\"text-align: justify;\">A Poliomielite, tamb\u00e9m chamada de p\u00f3lio ou paralisia infantil, \u00e9 uma doen\u00e7a contagiosa aguda causada pelo poliov\u00edrus, que pode infectar crian\u00e7as e adultos por meio do contato direto com fezes ou com secre\u00e7\u00f5es eliminadas pela boca das pessoas infectadas e provocar ou n\u00e3o paralisia. Nos casos graves, em que acontecem as paralisias musculares, os membros inferiores s\u00e3o os mais atingidos<\/p>\n<p style=\"text-align: justify;\"><strong>Confira a lista de postas de sa\u00fade:<\/strong><br \/>\nPolicl\u00ednica Waldemar de Oliveira &#8211; Rua do Pombal, 115, Santo Amaro<\/p>\n<p style=\"text-align: justify;\">Policl\u00ednica Salom\u00e3o Kelner &#8211; Estrada Velha de \u00c1gua Fria, 1652, Tamarineira<\/p>\n<p style=\"text-align: justify;\">\nPolicl\u00ednica Albert Sabin &#8211; Rua Padre Roma, 191, Tamarineira<\/p>\n<p style=\"text-align: justify;\">Centro M\u00e9dico Sen. Jos\u00e9 Erm\u00ednio de Moraes &#8211; Av. Dezessete de Agosto, 2388, Casa Forte<\/p>\n<p style=\"text-align: justify;\">Policl\u00ednica Lessa de Andrade &#8211; Estrada dos Rem\u00e9dios, 2416, Madalena<\/p>\n<p style=\"text-align: justify;\">Policl\u00ednica Agamenon Magalh\u00e3es &#8211; Rua da Paz, s\/n, Afogados<\/p>\n<p style=\"text-align: justify;\">Unidade B\u00e1sica Tradicional Professor Jos\u00e9 Carneiro Le\u00e3o &#8211; Rua Nogueira de Souza, 334, Pina<\/p>\n<p style=\"text-align: justify;\">Centro de Sa\u00fade Dom Miguel de Lima Valverde &#8211; Rua Feliciano Jos\u00e9 de Farias, 195, Boa Viagem<\/p>\n<p style=\"text-align: justify;\">Policl\u00ednica Clementino Fraga &#8211; Rua Japaratuba, 260, Vasco da Gama<\/p>\n<p style=\"text-align: justify;\">Centro de Sa\u00fade Professor Sebasti\u00e3o Ivo Rabelo &#8211; Av. Campina Grande, 199, Cohab<\/p>\n<p style=\"text-align: justify;\">\n<p style=\"text-align: justify;\">Fonte: R\u00e1dio Jornal<\/p>\n","protected":false},"excerpt":{"rendered":"<p>O objetivo \u00e9 imunizar pelo menos 95% das crian\u00e7as na campanha de vacina\u00e7\u00e3o A Prefeitura do Recife aposta no terceiro turno para bater as metas de vacina\u00e7\u00e3o. Na \u00faltima semana de combate ao sarampo e poliomielite que se encerra na pr\u00f3xima sexta-feira (31), os hor\u00e1rios foram estendidos at\u00e9 \u00e0s 21h em 10 unidades espalhadas nas [&hellip;]<\/p>\n","protected":false},"author":1,"featured_media":0,"comment_status":"open","ping_status":"open","sticky":false,"template":"","format":"standard","meta":{"ocean_post_layout":"","ocean_both_sidebars_style":"","ocean_both_sidebars_content_width":0,"ocean_both_sidebars_sidebars_width":0,"ocean_sidebar":"","ocean_second_sidebar":"","ocean_disable_margins":"enable","ocean_add_body_class":"","ocean_shortcode_before_top_bar":"","ocean_shortcode_after_top_bar":"","ocean_shortcode_before_header":"","ocean_shortcode_after_header":"","ocean_has_shortcode":"","ocean_shortcode_after_title":"","ocean_shortcode_before_footer_widgets":"","ocean_shortcode_after_footer_widgets":"","ocean_shortcode_before_footer_bottom":"","ocean_shortcode_after_footer_bottom":"","ocean_display_top_bar":"default","ocean_display_header":"default","ocean_header_style":"","ocean_center_header_left_menu":"","ocean_custom_header_template":"","ocean_custom_logo":0,"ocean_custom_retina_logo":0,"ocean_custom_logo_max_width":0,"ocean_custom_logo_tablet_max_width":0,"ocean_custom_logo_mobile_max_width":0,"ocean_custom_logo_max_height":0,"ocean_custom_logo_tablet_max_height":0,"ocean_custom_logo_mobile_max_height":0,"ocean_header_custom_menu":"","ocean_menu_typo_font_family":"","ocean_menu_typo_font_subset":"","ocean_menu_typo_font_size":0,"ocean_menu_typo_font_size_tablet":0,"ocean_menu_typo_font_size_mobile":0,"ocean_menu_typo_font_size_unit":"px","ocean_menu_typo_font_weight":"","ocean_menu_typo_font_weight_tablet":"","ocean_menu_typo_font_weight_mobile":"","ocean_menu_typo_transform":"","ocean_menu_typo_transform_tablet":"","ocean_menu_typo_transform_mobile":"","ocean_menu_typo_line_height":0,"ocean_menu_typo_line_height_tablet":0,"ocean_menu_typo_line_height_mobile":0,"ocean_menu_typo_line_height_unit":"","ocean_menu_typo_spacing":0,"ocean_menu_typo_spacing_tablet":0,"ocean_menu_typo_spacing_mobile":0,"ocean_menu_typo_spacing_unit":"","ocean_menu_link_color":"","ocean_menu_link_color_hover":"","ocean_menu_link_color_active":"","ocean_menu_link_background":"","ocean_menu_link_hover_background":"","ocean_menu_link_active_background":"","ocean_menu_social_links_bg":"","ocean_menu_social_hover_links_bg":"","ocean_menu_social_links_color":"","ocean_menu_social_hover_links_color":"","ocean_disable_title":"default","ocean_disable_heading":"default","ocean_post_title":"","ocean_post_subheading":"","ocean_post_title_style":"","ocean_post_title_background_color":"","ocean_post_title_background":0,"ocean_post_title_bg_image_position":"","ocean_post_title_bg_image_attachment":"","ocean_post_title_bg_image_repeat":"","ocean_post_title_bg_image_size":"","ocean_post_title_height":0,"ocean_post_title_bg_overlay":0.5,"ocean_post_title_bg_overlay_color":"","ocean_disable_breadcrumbs":"default","ocean_breadcrumbs_color":"","ocean_breadcrumbs_separator_color":"","ocean_breadcrumbs_links_color":"","ocean_breadcrumbs_links_hover_color":"","ocean_display_footer_widgets":"default","ocean_display_footer_bottom":"default","ocean_custom_footer_template":"","ocean_post_oembed":"","ocean_post_self_hosted_media":"","ocean_post_video_embed":"","ocean_link_format":"","ocean_link_format_target":"self","ocean_quote_format":"","ocean_quote_format_link":"post","ocean_gallery_link_images":"on","ocean_gallery_id":[]},"categories":[9],"tags":[592,141,1627,1283,82,467],"acf":[],"_links":{"self":[{"href":"https:\/\/www.simepe.com.br\/novo\/wp-json\/wp\/v2\/posts\/48037"}],"collection":[{"href":"https:\/\/www.simepe.com.br\/novo\/wp-json\/wp\/v2\/posts"}],"about":[{"href":"https:\/\/www.simepe.com.br\/novo\/wp-json\/wp\/v2\/types\/post"}],"author":[{"embeddable":true,"href":"https:\/\/www.simepe.com.br\/novo\/wp-json\/wp\/v2\/users\/1"}],"replies":[{"embeddable":true,"href":"https:\/\/www.simepe.com.br\/novo\/wp-json\/wp\/v2\/comments?post=48037"}],"version-history":[{"count":1,"href":"https:\/\/www.simepe.com.br\/novo\/wp-json\/wp\/v2\/posts\/48037\/revisions"}],"predecessor-version":[{"id":48038,"href":"https:\/\/www.simepe.com.br\/novo\/wp-json\/wp\/v2\/posts\/48037\/revisions\/48038"}],"wp:attachment":[{"href":"https:\/\/www.simepe.com.br\/novo\/wp-json\/wp\/v2\/media?parent=48037"}],"wp:term":[{"taxonomy":"category","embeddable":true,"href":"https:\/\/www.simepe.com.br\/novo\/wp-json\/wp\/v2\/categories?post=48037"},{"taxonomy":"post_tag","embeddable":true,"href":"https:\/\/www.simepe.com.br\/novo\/wp-json\/wp\/v2\/tags?post=48037"}],"curies":[{"name":"wp","href":"https:\/\/api.w.org\/{rel}","templated":true}]}}