{"id":48072,"date":"2018-08-29T11:33:56","date_gmt":"2018-08-29T14:33:56","guid":{"rendered":"http:\/\/www.simepe.com.br\/novo\/?p=48072"},"modified":"2018-08-29T11:33:56","modified_gmt":"2018-08-29T14:33:56","slug":"fisioterapia-aquatica-ajudara-criancas-com-microcefalia","status":"publish","type":"post","link":"https:\/\/www.simepe.com.br\/novo\/fisioterapia-aquatica-ajudara-criancas-com-microcefalia\/","title":{"rendered":"Fisioterapia aqu\u00e1tica ajudar\u00e1 crian\u00e7as com microcefalia"},"content":{"rendered":"<p style=\"text-align: justify;\">A unidade da Funda\u00e7\u00e3o Altino Ventura atender\u00e1 mensalmente 450 pessoas, entre elas 150 com s\u00edndrome cong\u00eanita do zika<\/p>\n<p style=\"text-align: justify;\">Quatro anos depois de ser credenciada para atuar como centro especializado na reabilita\u00e7\u00e3o de pessoas com defici\u00eancias visuais, auditivas, intelectuais e f\u00edsicas, a Funda\u00e7\u00e3o Altino Ventura (FAV) ampliar\u00e1 os servi\u00e7os dispon\u00edveis no Centro Especializado em Reabilita\u00e7\u00e3o Menina dos Olhos. A institui\u00e7\u00e3o lan\u00e7a hoje uma campanha para captar recursos para a constru\u00e7\u00e3o de um novo espa\u00e7o, o Centro de Fisioterapia Aqu\u00e1tica, que atender\u00e1 mensalmente 450 pessoas, entre crian\u00e7as e adultos. Dentre elas, 150 crian\u00e7as com s\u00edndrome cong\u00eanita do zika v\u00edrus (microcefalia) cadastradas na entidade.<\/p>\n<p style=\"text-align: justify;\">A fisioterapia aqu\u00e1tica integrar\u00e1 a lista de terapias dispon\u00edveis no Menina dos Olhos, que j\u00e1 incluem servi\u00e7os como reabilita\u00e7\u00e3o f\u00edsica, estimula\u00e7\u00e3o precoce, musicoterapia e acompanhamento psicol\u00f3gico de pacientes e familiares. O novo espa\u00e7o ter\u00e1 425 metros de \u00e1rea constru\u00edda e, al\u00e9m da piscina, contar\u00e1 com vesti\u00e1rio e espa\u00e7o de acolhimento para os familiares, onde ser\u00e3o realizadas oficinas de empoderamento. \u201cO centro atender\u00e1 pessoas que, em geral, tem hipertonia (aumento da resist\u00eancia ao movimento passivo das articula\u00e7\u00f5es) e hipotonia. A hidroterapia facilita a realiza\u00e7\u00e3o de determinados movimentos e exerc\u00edcios, facilita a ruptura do medo\u201d, explicou a vice-presidente da FAV, a oftalmologista Liana Ventura. O projeto est\u00e1 or\u00e7ado em 500 mil d\u00f3lares e sempre fez parte dos sonhos da funda\u00e7\u00e3o, mas enfrentou dificuldades para sair do papel pela retra\u00e7\u00e3o econ\u00f4mica do pa\u00eds, que afetou a \u00e1rea de sa\u00fade. \u201cO projeto foi finalizado no ano passado e agora dependemos da solidariedade para lev\u00e1-lo adiante. Como atendemos m\u00faltiplas defici\u00eancias, a hidroterapia \u00e9 fundamental. S\u00e3o pessoas carentes, 80% delas crian\u00e7as, das quais 70% v\u00eam do interior\u201d, acrescentou Liana Ventura.<\/p>\n<p style=\"text-align: justify;\">O Menina dos Olhos atende por ano cerca de 10 mil pessoas. Para captar recursos para a constru\u00e7\u00e3o do centro de fisioterapia aqu\u00e1tica, a FAV lan\u00e7a a campanha Pinte o amor com solidariedade, em parceria com o artista e designer Rafa Mattos. Uma linha de produtos assinada pelo artista, com camisas, garrafas, bon\u00e9s e outros, est\u00e1 dispon\u00edvel para venda no site da funda\u00e7\u00e3o. No lan\u00e7amento da campanha, hoje, Rafa pintar\u00e1 um muro da \u00e1rea externa do centro junto a pacientes e familiares. Em seguida, ele ministrar\u00e1 uma oficina de artes para crian\u00e7as atendidas na institui\u00e7\u00e3o. Quem tiver interesse em apadrinhar a a\u00e7\u00e3o tamb\u00e9m pode doar dinheiro por meio de transfer\u00eancia banc\u00e1ria e at\u00e9 materiais de constru\u00e7\u00e3o. Como parte da campanha, no pr\u00f3ximo dia 29 de novembro, a funda\u00e7\u00e3o realizar\u00e1 um show com a cantora Carol Levy, cuja renda ser\u00e1 revertida para a constru\u00e7\u00e3o do centro.<\/p>\n<p style=\"text-align: justify;\">\n<p style=\"text-align: justify;\">Fonte: Diario de Pernambuco<\/p>\n","protected":false},"excerpt":{"rendered":"<p>A unidade da Funda\u00e7\u00e3o Altino Ventura atender\u00e1 mensalmente 450 pessoas, entre elas 150 com s\u00edndrome cong\u00eanita do zika Quatro anos depois de ser credenciada para atuar como centro especializado na reabilita\u00e7\u00e3o de pessoas com defici\u00eancias visuais, auditivas, intelectuais e f\u00edsicas, a Funda\u00e7\u00e3o Altino Ventura (FAV) ampliar\u00e1 os servi\u00e7os dispon\u00edveis no Centro Especializado em Reabilita\u00e7\u00e3o Menina [&hellip;]<\/p>\n","protected":false},"author":1,"featured_media":0,"comment_status":"open","ping_status":"open","sticky":false,"template":"","format":"standard","meta":{"ocean_post_layout":"","ocean_both_sidebars_style":"","ocean_both_sidebars_content_width":0,"ocean_both_sidebars_sidebars_width":0,"ocean_sidebar":"","ocean_second_sidebar":"","ocean_disable_margins":"enable","ocean_add_body_class":"","ocean_shortcode_before_top_bar":"","ocean_shortcode_after_top_bar":"","ocean_shortcode_before_header":"","ocean_shortcode_after_header":"","ocean_has_shortcode":"","ocean_shortcode_after_title":"","ocean_shortcode_before_footer_widgets":"","ocean_shortcode_after_footer_widgets":"","ocean_shortcode_before_footer_bottom":"","ocean_shortcode_after_footer_bottom":"","ocean_display_top_bar":"default","ocean_display_header":"default","ocean_header_style":"","ocean_center_header_left_menu":"","ocean_custom_header_template":"","ocean_custom_logo":0,"ocean_custom_retina_logo":0,"ocean_custom_logo_max_width":0,"ocean_custom_logo_tablet_max_width":0,"ocean_custom_logo_mobile_max_width":0,"ocean_custom_logo_max_height":0,"ocean_custom_logo_tablet_max_height":0,"ocean_custom_logo_mobile_max_height":0,"ocean_header_custom_menu":"","ocean_menu_typo_font_family":"","ocean_menu_typo_font_subset":"","ocean_menu_typo_font_size":0,"ocean_menu_typo_font_size_tablet":0,"ocean_menu_typo_font_size_mobile":0,"ocean_menu_typo_font_size_unit":"px","ocean_menu_typo_font_weight":"","ocean_menu_typo_font_weight_tablet":"","ocean_menu_typo_font_weight_mobile":"","ocean_menu_typo_transform":"","ocean_menu_typo_transform_tablet":"","ocean_menu_typo_transform_mobile":"","ocean_menu_typo_line_height":0,"ocean_menu_typo_line_height_tablet":0,"ocean_menu_typo_line_height_mobile":0,"ocean_menu_typo_line_height_unit":"","ocean_menu_typo_spacing":0,"ocean_menu_typo_spacing_tablet":0,"ocean_menu_typo_spacing_mobile":0,"ocean_menu_typo_spacing_unit":"","ocean_menu_link_color":"","ocean_menu_link_color_hover":"","ocean_menu_link_color_active":"","ocean_menu_link_background":"","ocean_menu_link_hover_background":"","ocean_menu_link_active_background":"","ocean_menu_social_links_bg":"","ocean_menu_social_hover_links_bg":"","ocean_menu_social_links_color":"","ocean_menu_social_hover_links_color":"","ocean_disable_title":"default","ocean_disable_heading":"default","ocean_post_title":"","ocean_post_subheading":"","ocean_post_title_style":"","ocean_post_title_background_color":"","ocean_post_title_background":0,"ocean_post_title_bg_image_position":"","ocean_post_title_bg_image_attachment":"","ocean_post_title_bg_image_repeat":"","ocean_post_title_bg_image_size":"","ocean_post_title_height":0,"ocean_post_title_bg_overlay":0.5,"ocean_post_title_bg_overlay_color":"","ocean_disable_breadcrumbs":"default","ocean_breadcrumbs_color":"","ocean_breadcrumbs_separator_color":"","ocean_breadcrumbs_links_color":"","ocean_breadcrumbs_links_hover_color":"","ocean_display_footer_widgets":"default","ocean_display_footer_bottom":"default","ocean_custom_footer_template":"","ocean_post_oembed":"","ocean_post_self_hosted_media":"","ocean_post_video_embed":"","ocean_link_format":"","ocean_link_format_target":"self","ocean_quote_format":"","ocean_quote_format_link":"post","ocean_gallery_link_images":"on","ocean_gallery_id":[]},"categories":[9],"tags":[275,3117,1927],"acf":[],"_links":{"self":[{"href":"https:\/\/www.simepe.com.br\/novo\/wp-json\/wp\/v2\/posts\/48072"}],"collection":[{"href":"https:\/\/www.simepe.com.br\/novo\/wp-json\/wp\/v2\/posts"}],"about":[{"href":"https:\/\/www.simepe.com.br\/novo\/wp-json\/wp\/v2\/types\/post"}],"author":[{"embeddable":true,"href":"https:\/\/www.simepe.com.br\/novo\/wp-json\/wp\/v2\/users\/1"}],"replies":[{"embeddable":true,"href":"https:\/\/www.simepe.com.br\/novo\/wp-json\/wp\/v2\/comments?post=48072"}],"version-history":[{"count":1,"href":"https:\/\/www.simepe.com.br\/novo\/wp-json\/wp\/v2\/posts\/48072\/revisions"}],"predecessor-version":[{"id":48073,"href":"https:\/\/www.simepe.com.br\/novo\/wp-json\/wp\/v2\/posts\/48072\/revisions\/48073"}],"wp:attachment":[{"href":"https:\/\/www.simepe.com.br\/novo\/wp-json\/wp\/v2\/media?parent=48072"}],"wp:term":[{"taxonomy":"category","embeddable":true,"href":"https:\/\/www.simepe.com.br\/novo\/wp-json\/wp\/v2\/categories?post=48072"},{"taxonomy":"post_tag","embeddable":true,"href":"https:\/\/www.simepe.com.br\/novo\/wp-json\/wp\/v2\/tags?post=48072"}],"curies":[{"name":"wp","href":"https:\/\/api.w.org\/{rel}","templated":true}]}}