{"id":48103,"date":"2018-08-30T10:12:24","date_gmt":"2018-08-30T13:12:24","guid":{"rendered":"http:\/\/www.simepe.com.br\/novo\/?p=48103"},"modified":"2018-08-30T10:12:24","modified_gmt":"2018-08-30T13:12:24","slug":"medicos-apresentam-manifesto-em-defesa-da-saude-a-casa-civil-da-presidencia-da-republica","status":"publish","type":"post","link":"https:\/\/www.simepe.com.br\/novo\/medicos-apresentam-manifesto-em-defesa-da-saude-a-casa-civil-da-presidencia-da-republica\/","title":{"rendered":"M\u00e9dicos apresentam Manifesto em Defesa da Sa\u00fade \u00e0 Casa Civil da Presid\u00eancia da Rep\u00fablica"},"content":{"rendered":"<p style=\"text-align: justify;\"><img src=\"http:\/\/portal.cfm.org.br\/images\/stories\/Noticias2018\/manifesto_casacivil.jpg\" alt=\"O chefe de gabinete da Casa Civil, Daniel Seligman, se prontificou a dar os encaminhamentos poss\u00c3\u00adveis dentro da equipe de Governo, sobre as propostas apresentadas no Manifesto em Defesa da Sa\u00c3\u00bade\" \/><\/p>\n<p style=\"text-align: justify;\">A Casa Civil da Presid\u00eancia da Rep\u00fablica recebeu nesta ter\u00e7a-feira (28) o Manifesto dos M\u00e9dicos em Defesa da Sa\u00fade (acesse aqui o documento), elaborado a partir das conclus\u00f5es do XIII Encontro Nacional das Entidades M\u00e9dicas, realizado em junho, em Bras\u00edlia (DF). A entrega foi feita em audi\u00eancia na qual lideran\u00e7as da categoria foram recebidas por Daniel Seligman, chefe de gabinete da Pasta, que se colocou \u00e0 disposi\u00e7\u00e3o para fazer os encaminhamentos poss\u00edveis dentro da equipe de Governo.<\/p>\n<p style=\"text-align: justify;\">No encontro de quase duas horas, os representantes dos m\u00e9dicos defenderam a implementa\u00e7\u00e3o de propostas importantes para a sa\u00fade e a medicina, como a cria\u00e7\u00e3o de carreira de Estado para a categoria por meio da aprova\u00e7\u00e3o da Proposta de Emenda Complementar (PEC) n\u00ba 454\/2008, que se encontra pronta para ser votada pelo Plen\u00e1rio da C\u00e2mara dos Deputados.<\/p>\n<p style=\"text-align: justify;\">&#8220;N\u00e3o se pode pensar em Sistema \u00danico de Sa\u00fade (SUS) sem oferecer aos profissionais, em especial aos m\u00e9dicos, v\u00ednculos de trabalho que contrariem a l\u00f3gica da terceiriza\u00e7\u00e3o&#8221;, ressaltou o presidente da Federa\u00e7\u00e3o Nacional dos M\u00e9dicos (Fenam), Jorge Darze, um dos que acompanharam a reuni\u00e3o.<br \/>\nComo ele, o representante da Associa\u00e7\u00e3o M\u00e9dica Brasileira (AMB), Jos\u00e9 Luiz Mestrinho, defendeu que a proposta seja desenvolvida tendo como par\u00e2metro carreiras de Estado j\u00e1 existentes, como as que beneficiam o Judici\u00e1rio, o Minist\u00e9rio P\u00fablico e as For\u00e7as Armadas.<\/p>\n<p style=\"text-align: justify;\">Na avalia\u00e7\u00e3o do conselheiro federal Donizetti Giamberardino Filho, coordenador da Comiss\u00e3o de Defesa do SUS e do XIII Enem, o aumento no n\u00famero de m\u00e9dicos n\u00e3o acabou com sua concentra\u00e7\u00e3o nas regi\u00f5es mais desenvolvidas, como o Sul e o Sudeste. Por isso, ressaltou, a carreira de Estado funcionaria como um fator de est\u00edmulo \u00e0 fixa\u00e7\u00e3o dos profissionais em \u00e1reas remotas ou de dif\u00edcil provimento.<\/p>\n<p style=\"text-align: justify;\">Al\u00e9m desse ponto, as entidades m\u00e9dicas manifestaram sua preocupa\u00e7\u00e3o com as dificuldades de financiamento adequado e de gest\u00e3o competente no \u00e2mbito do SUS. O presidente do Conselho Federal de Medicina (CFM), Carlos Vital, lembrou, inclusive, o impacto desses problemas no cotidiano da assist\u00eancia.<\/p>\n<p style=\"text-align: justify;\">Ele destacou os resultados encontrados por mais de 4.664 fiscaliza\u00e7\u00f5es realizadas pelos conselhos regionais, entre 2014 e 2017, que revelam o sucateamento das unidades de aten\u00e7\u00e3o b\u00e1sica, com falta de infraestrutura, equipamentos e insumos.<br \/>\nNa oportunidade, os representantes dos m\u00e9dicos pediram ainda \u00e0 Casa Civil apoio para corrigir distor\u00e7\u00f5es deixadas pela Medida Provis\u00f3ria 568, que trouxe preju\u00edzos \u00e0 forma de composi\u00e7\u00e3o da remunera\u00e7\u00e3o de 36 mil m\u00e9dicos (ativos e inativos) que integram os quadros do Minist\u00e9rio da Sa\u00fade.<\/p>\n<p style=\"text-align: justify;\">Cobraram tamb\u00e9m a equipara\u00e7\u00e3o do valor pago \u00e0 bolsa pelos Programas de Resid\u00eancia M\u00e9dica, em torno de R$ 3,5 mil, ao que \u00e9 repassado aos bolsistas e intercambistas do Mais M\u00e9dicos (R$ 11,8 mil). &#8220;\u00c9 um pleito justo para atender profissionais que respondem por parte significativa dos atendimentos realizados nos prontos-socorros e hospitais da rede p\u00fablica&#8221;, lembrou o presidente da Associa\u00e7\u00e3o Nacional dos M\u00e9dicos Residentes (ANMR), Juracy Barbosa.<\/p>\n<p style=\"text-align: justify;\">\n<p style=\"text-align: justify;\">Fonte: Assessoria de Comunica\u00e7\u00e3o do Conselho Federal de Medicina (CFM)<\/p>\n","protected":false},"excerpt":{"rendered":"<p>A Casa Civil da Presid\u00eancia da Rep\u00fablica recebeu nesta ter\u00e7a-feira (28) o Manifesto dos M\u00e9dicos em Defesa da Sa\u00fade (acesse aqui o documento), elaborado a partir das conclus\u00f5es do XIII Encontro Nacional das Entidades M\u00e9dicas, realizado em junho, em Bras\u00edlia (DF). A entrega foi feita em audi\u00eancia na qual lideran\u00e7as da categoria foram recebidas por [&hellip;]<\/p>\n","protected":false},"author":1,"featured_media":0,"comment_status":"open","ping_status":"open","sticky":false,"template":"","format":"standard","meta":{"ocean_post_layout":"","ocean_both_sidebars_style":"","ocean_both_sidebars_content_width":0,"ocean_both_sidebars_sidebars_width":0,"ocean_sidebar":"","ocean_second_sidebar":"","ocean_disable_margins":"enable","ocean_add_body_class":"","ocean_shortcode_before_top_bar":"","ocean_shortcode_after_top_bar":"","ocean_shortcode_before_header":"","ocean_shortcode_after_header":"","ocean_has_shortcode":"","ocean_shortcode_after_title":"","ocean_shortcode_before_footer_widgets":"","ocean_shortcode_after_footer_widgets":"","ocean_shortcode_before_footer_bottom":"","ocean_shortcode_after_footer_bottom":"","ocean_display_top_bar":"default","ocean_display_header":"default","ocean_header_style":"","ocean_center_header_left_menu":"","ocean_custom_header_template":"","ocean_custom_logo":0,"ocean_custom_retina_logo":0,"ocean_custom_logo_max_width":0,"ocean_custom_logo_tablet_max_width":0,"ocean_custom_logo_mobile_max_width":0,"ocean_custom_logo_max_height":0,"ocean_custom_logo_tablet_max_height":0,"ocean_custom_logo_mobile_max_height":0,"ocean_header_custom_menu":"","ocean_menu_typo_font_family":"","ocean_menu_typo_font_subset":"","ocean_menu_typo_font_size":0,"ocean_menu_typo_font_size_tablet":0,"ocean_menu_typo_font_size_mobile":0,"ocean_menu_typo_font_size_unit":"px","ocean_menu_typo_font_weight":"","ocean_menu_typo_font_weight_tablet":"","ocean_menu_typo_font_weight_mobile":"","ocean_menu_typo_transform":"","ocean_menu_typo_transform_tablet":"","ocean_menu_typo_transform_mobile":"","ocean_menu_typo_line_height":0,"ocean_menu_typo_line_height_tablet":0,"ocean_menu_typo_line_height_mobile":0,"ocean_menu_typo_line_height_unit":"","ocean_menu_typo_spacing":0,"ocean_menu_typo_spacing_tablet":0,"ocean_menu_typo_spacing_mobile":0,"ocean_menu_typo_spacing_unit":"","ocean_menu_link_color":"","ocean_menu_link_color_hover":"","ocean_menu_link_color_active":"","ocean_menu_link_background":"","ocean_menu_link_hover_background":"","ocean_menu_link_active_background":"","ocean_menu_social_links_bg":"","ocean_menu_social_hover_links_bg":"","ocean_menu_social_links_color":"","ocean_menu_social_hover_links_color":"","ocean_disable_title":"default","ocean_disable_heading":"default","ocean_post_title":"","ocean_post_subheading":"","ocean_post_title_style":"","ocean_post_title_background_color":"","ocean_post_title_background":0,"ocean_post_title_bg_image_position":"","ocean_post_title_bg_image_attachment":"","ocean_post_title_bg_image_repeat":"","ocean_post_title_bg_image_size":"","ocean_post_title_height":0,"ocean_post_title_bg_overlay":0.5,"ocean_post_title_bg_overlay_color":"","ocean_disable_breadcrumbs":"default","ocean_breadcrumbs_color":"","ocean_breadcrumbs_separator_color":"","ocean_breadcrumbs_links_color":"","ocean_breadcrumbs_links_hover_color":"","ocean_display_footer_widgets":"default","ocean_display_footer_bottom":"default","ocean_custom_footer_template":"","ocean_post_oembed":"","ocean_post_self_hosted_media":"","ocean_post_video_embed":"","ocean_link_format":"","ocean_link_format_target":"self","ocean_quote_format":"","ocean_quote_format_link":"post","ocean_gallery_link_images":"on","ocean_gallery_id":[]},"categories":[9],"tags":[3131,3130,75],"acf":[],"_links":{"self":[{"href":"https:\/\/www.simepe.com.br\/novo\/wp-json\/wp\/v2\/posts\/48103"}],"collection":[{"href":"https:\/\/www.simepe.com.br\/novo\/wp-json\/wp\/v2\/posts"}],"about":[{"href":"https:\/\/www.simepe.com.br\/novo\/wp-json\/wp\/v2\/types\/post"}],"author":[{"embeddable":true,"href":"https:\/\/www.simepe.com.br\/novo\/wp-json\/wp\/v2\/users\/1"}],"replies":[{"embeddable":true,"href":"https:\/\/www.simepe.com.br\/novo\/wp-json\/wp\/v2\/comments?post=48103"}],"version-history":[{"count":1,"href":"https:\/\/www.simepe.com.br\/novo\/wp-json\/wp\/v2\/posts\/48103\/revisions"}],"predecessor-version":[{"id":48104,"href":"https:\/\/www.simepe.com.br\/novo\/wp-json\/wp\/v2\/posts\/48103\/revisions\/48104"}],"wp:attachment":[{"href":"https:\/\/www.simepe.com.br\/novo\/wp-json\/wp\/v2\/media?parent=48103"}],"wp:term":[{"taxonomy":"category","embeddable":true,"href":"https:\/\/www.simepe.com.br\/novo\/wp-json\/wp\/v2\/categories?post=48103"},{"taxonomy":"post_tag","embeddable":true,"href":"https:\/\/www.simepe.com.br\/novo\/wp-json\/wp\/v2\/tags?post=48103"}],"curies":[{"name":"wp","href":"https:\/\/api.w.org\/{rel}","templated":true}]}}